{"id":319,"date":"2009-01-28T20:54:04","date_gmt":"2009-01-28T23:54:04","guid":{"rendered":"http:\/\/mundobibliotecario.wordpress.com\/?p=319"},"modified":"2020-07-21T23:25:42","modified_gmt":"2020-07-22T02:25:42","slug":"documento-em-revista","status":"publish","type":"post","link":"https:\/\/mundobibliotecario.com.br\/index.php\/2009\/01\/28\/documento-em-revista\/","title":{"rendered":"Documento em Revista"},"content":{"rendered":"<p>Documento em Revista &#8211; Peri\u00f3dico inteiramente dedicado\u00a0aos interesses culturais do pa\u00eds, um dos melhores e mais\u00a0arrojados projetos que entrou no mercado editorial para ser\u00a0\u00a0refer\u00eancia em informa\u00e7\u00e3o. Atingindo um p\u00fablico que \u00e9 \u00a0formador de opini\u00e3o, levando-os por meio de reportagens e\u00a0\u00a0artigos pelos fascinantes caminhos da Arquivologia,\u00a0\u00a0Biblioteconomia, Museologia, Patrim\u00f4nio Cultural, Mem\u00f3ria<br \/>\n\u00a0e Cultura Popular. Apresenta temas, dicas e tend\u00eancias para\u00a0\u00a0o crescimento do mercado cultural.<\/p>\n<p>Comunidade no Orkut:\u00a0 <a href=\"http:\/\/www.orkut.com.br\/Main#Community.aspx?cmm=63953701\" target=\"_blank\" rel=\"noopener noreferrer\">http:\/\/www.orkut.com.br\/Main#Community.aspx?cmm=63953701<\/a><\/p>\n<p>Informa\u00e7\u00f5es e Contatos:<br \/>\nSugest\u00e3o de Mat\u00e9rias: editor@documentoemrevista.com.br<br \/>\nDivulga\u00e7\u00e3o de Eventos: eventos@documentoemrevista.com.br<br \/>\nEncaminhar Artigos: \u00a0artigos@documentoemrevista.com.br<br \/>\n\u00a0Assinaturas e compra avulsa: assinatura@documentoemrevista.com.br<br \/>\nPublicidade: comercial@documentoemrevista.com.br<\/p>\n<p>O lan\u00e7amento da edi\u00e7\u00e3o impressa est\u00e1 previsto para fevereiro de 2009.<\/p>\n","protected":false},"excerpt":{"rendered":"<p>Documento em Revista &#8211; Peri\u00f3dico inteiramente dedicado\u00a0aos interesses culturais do pa\u00eds, um dos melhores e mais\u00a0arrojados projetos que entrou no mercado editorial para ser\u00a0\u00a0refer\u00eancia em informa\u00e7\u00e3o. Atingindo um p\u00fablico que \u00e9 \u00a0formador de opini\u00e3o, levando-os por meio de reportagens e\u00a0\u00a0artigos pelos fascinantes caminhos da Arquivologia,\u00a0\u00a0Biblioteconomia, Museologia, Patrim\u00f4nio Cultural, Mem\u00f3ria \u00a0e Cultura Popular. Apresenta temas, dicas &#8230; <a title=\"Documento em Revista\" class=\"read-more\" href=\"https:\/\/mundobibliotecario.com.br\/index.php\/2009\/01\/28\/documento-em-revista\/\" aria-label=\"Read more about Documento em Revista\">Ler mais<\/a><\/p>\n","protected":false},"author":1,"featured_media":0,"comment_status":"open","ping_status":"open","sticky":false,"template":"","format":"standard","meta":{"_mi_skip_tracking":false,"_exactmetrics_sitenote_active":false,"_exactmetrics_sitenote_note":"","_exactmetrics_sitenote_category":0,"_jetpack_newsletter_access":"","footnotes":""},"categories":[60],"tags":[201,63,211,212,213,214,215],"class_list":["post-319","post","type-post","status-publish","format-standard","hentry","category-noticias","tag-arquivologia","tag-biblioteconomia","tag-cultura-popular","tag-documento-em-revista","tag-memoria","tag-museologia","tag-patrimonio-cultural"],"jetpack_featured_media_url":"","jetpack_sharing_enabled":true,"jetpack-related-posts":[{"id":661,"url":"https:\/\/mundobibliotecario.com.br\/index.php\/2009\/05\/27\/documento-em-revista-edicao-1\/","url_meta":{"origin":319,"position":0},"title":"Documento em Revista &#8211; edi\u00e7\u00e3o 1","author":"mundobibliotecario","date":"27\/05\/2009","format":false,"excerpt":"J\u00e1 esta a venda o peri\u00f3dico Documento em Revista edi\u00e7\u00e3o 1, a aquisi\u00e7\u00e3o \u00e9 realizada no site www.documentoemrevista.com.br na se\u00e7\u00e3o compre aqui, no mesmo local tamb\u00e9m h\u00e1 a op\u00e7\u00e3o de assinatura anual (6 edi\u00e7\u00f5es), o pagamento \u00e9 realizado por boleto banc\u00e1rio e o envio do exemplar \u00e9 pelos correios. Disponibilizamos\u2026","rel":"","context":"Em &quot;Not\u00edcias&quot;","block_context":{"text":"Not\u00edcias","link":"https:\/\/mundobibliotecario.com.br\/index.php\/category\/noticias\/"},"img":{"alt_text":"","src":"","width":0,"height":0},"classes":[]},{"id":675,"url":"https:\/\/mundobibliotecario.com.br\/index.php\/2009\/06\/09\/periodico-cultura-em-recorte-abre-submissao\/","url_meta":{"origin":319,"position":1},"title":"Peri\u00f3dico &quot;Cultura em Recorte&quot; abre submiss\u00e3o","author":"mundobibliotecario","date":"09\/06\/2009","format":false,"excerpt":"O peri\u00f3dico Cultura em Recorte abre submiss\u00e3o para artigos in\u00e9ditos e resenhas. Link para orienta\u00e7\u00f5es: \u00a0Escopo da revista: A Cultura em Recorte: Revista Eletr\u00f4nica de Museologia e A\u00e7\u00e3o Cultural \u00e9 um\u00a0espa\u00e7o para a divulga\u00e7\u00e3o de resultados de pesquisas, reflex\u00f5es e quaisquer outras informa\u00e7\u00f5es relevantes dessas duas \u00e1reas, ou seja, um\u2026","rel":"","context":"Em &quot;Not\u00edcias&quot;","block_context":{"text":"Not\u00edcias","link":"https:\/\/mundobibliotecario.com.br\/index.php\/category\/noticias\/"},"img":{"alt_text":"","src":"","width":0,"height":0},"classes":[]},{"id":4841,"url":"https:\/\/mundobibliotecario.com.br\/index.php\/2009\/06\/09\/periodico-cultura-em-recorte-abre-submissao-2\/","url_meta":{"origin":319,"position":2},"title":"Peri\u00f3dico &#034;Cultura em Recorte&#034; abre submiss\u00e3o","author":"mundobibliotecario","date":"09\/06\/2009","format":false,"excerpt":"O peri\u00f3dico Cultura em Recorte abre submiss\u00e3o para artigos in\u00e9ditos e resenhas. Link para orienta\u00e7\u00f5es: \u00a0Escopo da revista: A Cultura em Recorte: Revista Eletr\u00f4nica de Museologia e A\u00e7\u00e3o Cultural \u00e9 um\u00a0espa\u00e7o para a divulga\u00e7\u00e3o de resultados de pesquisas, reflex\u00f5es e quaisquer outras informa\u00e7\u00f5es relevantes dessas duas \u00e1reas, ou seja, um\u2026","rel":"","context":"Em &quot;Not\u00edcias&quot;","block_context":{"text":"Not\u00edcias","link":"https:\/\/mundobibliotecario.com.br\/index.php\/category\/noticias\/"},"img":{"alt_text":"","src":"","width":0,"height":0},"classes":[]},{"id":1388,"url":"https:\/\/mundobibliotecario.com.br\/index.php\/2010\/07\/26\/centros-para-recuperar-a-memoria-corporativa-criam-oportunidades\/","url_meta":{"origin":319,"position":3},"title":"Centros para recuperar a mem\u00f3ria corporativa criam oportunidades","author":"mundobibliotecario","date":"26\/07\/2010","format":false,"excerpt":"Mercado de trabalho: Empresas investem na valoriza\u00e7\u00e3o de seu patrim\u00f4nio cultural e contratam profissionais especializados em museologia, hist\u00f3ria, arquivologia e biblioteconomia. Por Jacilio Saraiva, para o Valor, de S\u00e3o Paulo 23\/07\/2010 Cada vez mais empresas t\u00eam se preocupado em criar centros de mem\u00f3ria para guardar documentos, objetos, fotos e imagens\u2026","rel":"","context":"Em &quot;Not\u00edcias&quot;","block_context":{"text":"Not\u00edcias","link":"https:\/\/mundobibliotecario.com.br\/index.php\/category\/noticias\/"},"img":{"alt_text":"","src":"","width":0,"height":0},"classes":[]},{"id":9550,"url":"https:\/\/mundobibliotecario.com.br\/index.php\/2021\/10\/22\/mast-e-unirio-lancam-a-segunda-edicao-de-2021-da-revista-museologia-e-patrimonio\/","url_meta":{"origin":319,"position":4},"title":"MAST e UNIRIO lan\u00e7am a segunda edi\u00e7\u00e3o de 2021 da &#8216;Revista Museologia e Patrim\u00f4nio&#8217;","author":"mundobibliotecario","date":"22\/10\/2021","format":false,"excerpt":"Revista Museologia e Patrim\u00f4nio \u2013 Segunda edi\u00e7\u00e3o de 2021 Novo n\u00famero da publica\u00e7\u00e3o eletr\u00f4nica lan\u00e7ada pelo MAST e UNIRIO apresenta conte\u00fados bem fundamentados e esclarecedores no \u00e2mbito da Museologia e dos estudos sobre Patrim\u00f4nio O Programa de P\u00f3s-Gradua\u00e7\u00e3o em Museologia e Patrim\u00f4nio (PPG-PGMUS), da\u00a0Universidade Federal do Estado do Rio de\u2026","rel":"","context":"Em &quot;Not\u00edcias&quot;","block_context":{"text":"Not\u00edcias","link":"https:\/\/mundobibliotecario.com.br\/index.php\/category\/noticias\/"},"img":{"alt_text":"","src":"https:\/\/i0.wp.com\/mundobibliotecario.com.br\/wp-content\/uploads\/2021\/10\/Revista-Museologia_patrimonio-2a-edicao-2021.jpg?resize=350%2C200&ssl=1","width":350,"height":200},"classes":[]},{"id":922,"url":"https:\/\/mundobibliotecario.com.br\/index.php\/2009\/10\/16\/novo-numero-documento-em-revista\/","url_meta":{"origin":319,"position":5},"title":"Novo n\u00famero &#8211; &quot;Documento em Revista&quot;","author":"mundobibliotecario","date":"16\/10\/2009","format":false,"excerpt":"Prezados Leitores Informamos que a partir da Edi\u00e7\u00e3o 3 o peri\u00f3dico Documento em Revista ser\u00e1 trimestral, o lan\u00e7amento est\u00e1 previsto para outubro, quando comemoraremos o dia do arquivista no Brasil. Informa\u00e7\u00f5es: documentoemrevista@documentoemrevista.com.br Promo\u00e7\u00e3o M\u00eas do Arquivista Com o intuito de comemorar o m\u00eas do Arquivista, lan\u00e7amos uma promo\u00e7\u00e3o exclusiva de\u2026","rel":"","context":"Em &quot;Not\u00edcias&quot;","block_context":{"text":"Not\u00edcias","link":"https:\/\/mundobibliotecario.com.br\/index.php\/category\/noticias\/"},"img":{"alt_text":"","src":"","width":0,"height":0},"classes":[]}],"jetpack_likes_enabled":true,"jetpack_shortlink":"https:\/\/wp.me\/pcbzwa-59","_links":{"self":[{"href":"https:\/\/mundobibliotecario.com.br\/index.php\/wp-json\/wp\/v2\/posts\/319","targetHints":{"allow":["GET"]}}],"collection":[{"href":"https:\/\/mundobibliotecario.com.br\/index.php\/wp-json\/wp\/v2\/posts"}],"about":[{"href":"https:\/\/mundobibliotecario.com.br\/index.php\/wp-json\/wp\/v2\/types\/post"}],"author":[{"embeddable":true,"href":"https:\/\/mundobibliotecario.com.br\/index.php\/wp-json\/wp\/v2\/users\/1"}],"replies":[{"embeddable":true,"href":"https:\/\/mundobibliotecario.com.br\/index.php\/wp-json\/wp\/v2\/comments?post=319"}],"version-history":[{"count":7,"href":"https:\/\/mundobibliotecario.com.br\/index.php\/wp-json\/wp\/v2\/posts\/319\/revisions"}],"predecessor-version":[{"id":6792,"href":"https:\/\/mundobibliotecario.com.br\/index.php\/wp-json\/wp\/v2\/posts\/319\/revisions\/6792"}],"wp:attachment":[{"href":"https:\/\/mundobibliotecario.com.br\/index.php\/wp-json\/wp\/v2\/media?parent=319"}],"wp:term":[{"taxonomy":"category","embeddable":true,"href":"https:\/\/mundobibliotecario.com.br\/index.php\/wp-json\/wp\/v2\/categories?post=319"},{"taxonomy":"post_tag","embeddable":true,"href":"https:\/\/mundobibliotecario.com.br\/index.php\/wp-json\/wp\/v2\/tags?post=319"}],"curies":[{"name":"wp","href":"https:\/\/api.w.org\/{rel}","templated":true}]}}