{"id":3231,"date":"2013-09-01T09:13:55","date_gmt":"2013-09-01T12:13:55","guid":{"rendered":"http:\/\/mundobibliotecario.wordpress.com\/?p=3231"},"modified":"2013-09-01T09:13:55","modified_gmt":"2013-09-01T12:13:55","slug":"bacharelado-em-biblioteconomia-ead-processo-seletivo-para-ingresso-no-2o-semestre-de-2013","status":"publish","type":"post","link":"https:\/\/mundobibliotecario.com.br\/index.php\/2013\/09\/01\/bacharelado-em-biblioteconomia-ead-processo-seletivo-para-ingresso-no-2o-semestre-de-2013\/","title":{"rendered":"Bacharelado em Biblioteconomia &#8211; EAD Processo Seletivo para Ingresso no 2\u00ba Semestre de 2013"},"content":{"rendered":"<h3>Polos de Apoio Presencial ao Aluno e Vagas<\/h3>\n<p>O\u00a0<a href=\"http:\/\/www.ucs.br\/portais\/curso218\/\">Curso de Bacharelado em Biblioteconomia &#8211; EAD<\/a>\u00a0\u00e9 ofertado nos Polos de Apoio Presencial da UCS, localizados em Caxias do Sul, Vacaria e S\u00e3o Sebasti\u00e3o do Ca\u00ed.<\/p>\n<table border=\"0\">\n<tbody>\n<tr bgcolor=\"#90979a\">\n<td>CURSO<\/td>\n<td>C\u00d3DIGO<\/td>\n<td>POLO<\/td>\n<td>VAGAS<\/td>\n<\/tr>\n<tr bgcolor=\"#9ab4ba\">\n<td rowspan=\"3\"><b>Biblioteconomia &#8211; EAD<\/b><br \/>\nCondi\u00e7\u00e3o Legal: (A)- Res. 09, de 19\/09\/2012<\/td>\n<td>905<\/td>\n<td>Caxias do Sul<\/td>\n<td>60<\/td>\n<\/tr>\n<tr bgcolor=\"#9ab4ba\">\n<td>906<\/td>\n<td>Vacaria<\/td>\n<td>30<\/td>\n<\/tr>\n<tr bgcolor=\"#9ab4ba\">\n<td>907<\/td>\n<td>S\u00e3o Sebasti\u00e3o do Ca\u00ed<\/td>\n<td>30<\/td>\n<\/tr>\n<\/tbody>\n<\/table>\n<h3>Inscri\u00e7\u00f5es<\/h3>\n<p>As inscri\u00e7\u00f5es para participa\u00e7\u00e3o no processo seletivo de ingresso no Bacaharelado em Biblioteconomia &#8211; EAD ser\u00e3o realizadas exclusivamente pela internet, de\u00a0<b>29 de agosto at\u00e9 \u00e0s 23h59min do dia 11 de setembro de 2013 (hor\u00e1rio de Bras\u00edlia)<\/b>. O candidato deve ler com aten\u00e7\u00e3o o Edital que regulamenta o processo seletivo para ingresso no curso.<\/p>\n<p><a href=\"https:\/\/www.ucs.br\/site\/midia\/arquivos\/processo_seletivo_biblioteconomia2013.pdf\" target=\"_blank\"><img decoding=\"async\" alt=\"\" src=\"https:\/\/www.ucs.br\/site\/midia\/arquivos\/bt_edital_proc_bibliotec.jpg\" \/><\/a><\/p>\n<p><b>Taxa de Inscri\u00e7\u00e3o<\/b><br \/>\nAp\u00f3s inscrever-se o candidato dever\u00e1 imprimir o boleto para pagamento da taxa de inscri\u00e7\u00e3o no valor de R$ 50,00. O pagamento poder\u00e1 ser efetuado em qualquer ag\u00eancia bancaria obedecendo a data do vencimento. A inscri\u00e7\u00e3o s\u00f3 ser\u00e1 confirmada ap\u00f3s o pagamento da taxa.<\/p>\n<p><a href=\"https:\/\/ucsvirtual.ucs.br\/eventos\/eventos.php?module=eventos&amp;evento=46407&amp;opcao=inscricao&amp;naoEAluno=true\" target=\"_blank\"><img decoding=\"async\" alt=\"\" src=\"https:\/\/www.ucs.br\/site\/midia\/arquivos\/bt_formulario_proc_bibliotec.jpg\" \/><\/a><\/p>\n<p><b>Reemiss\u00e3o do Boleto Banc\u00e1rio<\/b><br \/>\nSe ap\u00f3s o envio do Formul\u00e1rio, voc\u00ea n\u00e3o conseguir imprimir o boleto, ou, em caso de perda, outro poder\u00e1 ser emitido. Para isso clique em<a href=\"https:\/\/ucsvirtual.ucs.br\/eventos\/eventos.php?module=eventos&amp;evento=46407&amp;opcao=pagamento\" target=\"_blank\"><b>REEMISS\u00c3O DE BOLETO<\/b><\/a>. Preencha os dados, imprima-o e efetue o pagamento.<\/p>\n<h3>Prova<\/h3>\n<p>A prova ser\u00e1 realizada no Polo de Apoio Presencial de Caxias do Sul (Cidade Universit\u00e1ria), no\u00a0<b>dia 14 de setembro de 2013<\/b>, com in\u00edcio \u00e0s 9 horas e os candidatos dever\u00e3o apresentar-se com 30 minutos de anteced\u00eancia do hor\u00e1rio de in\u00edcio, munidos de documento de identifica\u00e7\u00e3o pessoal e do comprovante de inscri\u00e7\u00e3o no processo seletivo.<\/p>\n<p>O local da prova (pr\u00e9dio e sala ) ser\u00e1 divulgado, nesta p\u00e1gina, no \u00faltimo dia de inscri\u00e7\u00f5es (11 de setembro).<\/p>\n<p>A prova baseia-se na realiza\u00e7\u00e3o de uma Reda\u00e7\u00e3o de 30 (trinta) a 35 (trinta e cinco) linhas, que exigir\u00e1 do candidato a elabora\u00e7\u00e3o de uma disserta\u00e7\u00e3o a partir de textos, dados, assuntos ou t\u00edtulos propostos. O texto produzido ser\u00e1 avaliado quanto \u00e0 adequa\u00e7\u00e3o \u00e0 situa\u00e7\u00e3o de produ\u00e7\u00e3o no que se refere:<\/p>\n<ul>\n<li>\u00e0 observ\u00e2ncia do tema e de sua delimita\u00e7\u00e3o;<\/li>\n<li>\u00e0 tessitura (constru\u00e7\u00e3o) do texto nos n\u00edveis super, macro e microestruturais;<\/li>\n<li>ao n\u00edvel de linguagem utilizado, \u00e0 argumentatividade.<\/li>\n<\/ul>\n<p>&nbsp;<\/p>\n<p>A prova ter\u00e1 tempo m\u00e1ximo de realiza\u00e7\u00e3o de 2 (duas) horas e o candidato somente poder\u00e1 se retirar da sala ap\u00f3s decorrida 1 (uma) hora do in\u00edcio da prova. Caso o candidato se retire antes, ser\u00e1 exclu\u00eddo do processo seletivo.<\/p>\n<h3>Sele\u00e7\u00e3o dos Candidatos<\/h3>\n<p>Os candidatos ser\u00e3o classificados pelo desempenho obtido na Reda\u00e7\u00e3o, segundo a ordem decrescente dos pontos obtidos at\u00e9 o fechamento das vagas. Para o desempate de pontos ter\u00e1 prefer\u00eancia o candidato de mais idade. N\u00e3o concorrer\u00e1 \u00e0 classifica\u00e7\u00e3o o candidato que n\u00e3o tiver obtido a nota m\u00ednima 1, de uma escala de 0 (zero) a 10 (dez), na Reda\u00e7\u00e3o.<\/p>\n<p>A divulga\u00e7\u00e3o dos candidatos aprovados ser\u00e1 divulgada nesta p\u00e1gina.<\/p>\n<h3>Matr\u00edcula<\/h3>\n<p>Os candidatos aprovados devem realizar sua matr\u00edcula no Polo de Apoio Presencial no qual se inscreveram (Caxias do Sul, Vacaria ou Sebasti\u00e3o do Ca\u00ed). O dia e hor\u00e1rio da matr\u00edcula, para cada curso, ser\u00e3o publicados juntamente com a rela\u00e7\u00e3o de aprovados. Documentos necess\u00e1rioa para efetivar a matr\u00edcula:<\/p>\n<ul>\n<li>CPF.<\/li>\n<li>Carteira de Identidade.<\/li>\n<li>Comprovante de endere\u00e7o (atualizado).<\/li>\n<li>Uma foto 3&#215;4.<\/li>\n<li>C\u00f3pia autenticada do Certificado de Conclus\u00e3o do Ensino M\u00e9dio (autentica\u00e7\u00e3o com menos de 30 dias), devendo constar no mesmo a aprova\u00e7\u00e3o no est\u00e1gio para cursos profissionalizantes quando previsto na legisla\u00e7\u00e3o, ou do Hist\u00f3rico Escolar, ou do Diploma correspondente, ou ainda do Diploma de Curso Superior registrado.<\/li>\n<li>C\u00f3pia autenticada da Declara\u00e7\u00e3o de Equival\u00eancia do Ensino M\u00e9dio ou 2\u00ba Grau (autentica\u00e7\u00e3o com menos de 30 dias) expedida pelo Conselho Estadual de Educa\u00e7\u00e3o, para os cursos conclu\u00eddos no exterior.<\/li>\n<li>Os candidatos estrangeiros dever\u00e3o apresentar comprovante de perman\u00eancia legal no Brasil.<\/li>\n<\/ul>\n<p>&nbsp;<\/p>\n<h3>Informa\u00e7\u00f5es<\/h3>\n<p>Central de Atendimento &#8211; Galeria Universit\u00e1ria<br \/>\nTelefone: (54) 3218-2322 &#8211; E-mail: informa@ucs.br<\/p>\n<p>Dispon\u00edvel em: &lt;<a href=\"https:\/\/www.ucs.br\/site\/processo-seletivo-bacharelado-em-biblioteconomia\/\">https:\/\/www.ucs.br\/site\/processo-seletivo-bacharelado-em-biblioteconomia\/<\/a>&gt;. Acesso em: 1 set. 2013.<\/p>\n","protected":false},"excerpt":{"rendered":"<p>Polos de Apoio Presencial ao Aluno e Vagas O\u00a0Curso de Bacharelado em Biblioteconomia &#8211; EAD\u00a0\u00e9 ofertado nos Polos de Apoio Presencial da UCS, localizados em Caxias do Sul, Vacaria e S\u00e3o Sebasti\u00e3o do Ca\u00ed. CURSO C\u00d3DIGO POLO VAGAS Biblioteconomia &#8211; EAD Condi\u00e7\u00e3o Legal: (A)- Res. 09, de 19\/09\/2012 905 Caxias do Sul 60 906 Vacaria &#8230; <a title=\"Bacharelado em Biblioteconomia &#8211; EAD Processo Seletivo para Ingresso no 2\u00ba Semestre de 2013\" class=\"read-more\" href=\"https:\/\/mundobibliotecario.com.br\/index.php\/2013\/09\/01\/bacharelado-em-biblioteconomia-ead-processo-seletivo-para-ingresso-no-2o-semestre-de-2013\/\" aria-label=\"Read more about Bacharelado em Biblioteconomia &#8211; EAD Processo Seletivo para Ingresso no 2\u00ba Semestre de 2013\">Ler mais<\/a><\/p>\n","protected":false},"author":1,"featured_media":0,"comment_status":"open","ping_status":"open","sticky":false,"template":"","format":"standard","meta":{"_mi_skip_tracking":false,"_exactmetrics_sitenote_active":false,"_exactmetrics_sitenote_note":"","_exactmetrics_sitenote_category":0,"_jetpack_newsletter_access":"","footnotes":""},"categories":[252],"tags":[63,705],"class_list":["post-3231","post","type-post","status-publish","format-standard","hentry","category-curso","tag-biblioteconomia","tag-educacao-a-distancia"],"jetpack_featured_media_url":"","jetpack_sharing_enabled":true,"jetpack-related-posts":[{"id":2967,"url":"https:\/\/mundobibliotecario.com.br\/index.php\/2013\/02\/27\/vaga-de-tutor-ead-para-o-curso-de-biblioteconomia-da-ucs\/","url_meta":{"origin":3231,"position":0},"title":"Vaga de Tutor EAD para o curso de Biblioteconomia da UCS","author":"mundobibliotecario","date":"27\/02\/2013","format":false,"excerpt":"Oportunidade para graduados em Biblioteconomia atuarem como tutores do curso de Biblioteconomia EAD da Universidade de Caxias do Sul (UCS). Interessados devem enviar curr\u00edculo aos cuidados de\u00a0Simone Souza\u00a0para o e-mail:simone.rsouza@yahoo.com.br","rel":"","context":"Em &quot;Emprego&quot;","block_context":{"text":"Emprego","link":"https:\/\/mundobibliotecario.com.br\/index.php\/category\/emprego\/"},"img":{"alt_text":"","src":"","width":0,"height":0},"classes":[]},{"id":3164,"url":"https:\/\/mundobibliotecario.com.br\/index.php\/2013\/07\/14\/curso-de-biblioteconomia-ead-ucs\/","url_meta":{"origin":3231,"position":1},"title":"Curso de Biblioteconomia EaD &#8211; UCS","author":"mundobibliotecario","date":"14\/07\/2013","format":false,"excerpt":"\u00a0 \u00a0 Dispon\u00edvel em: <http:\/\/arb.org.br\/2013\/06\/curso-de-biblioteconomia-ead-ucs\/>. Acesso em: 14 jul. 2013.","rel":"","context":"Em &quot;Not\u00edcias&quot;","block_context":{"text":"Not\u00edcias","link":"https:\/\/mundobibliotecario.com.br\/index.php\/category\/noticias\/"},"img":{"alt_text":"","src":"https:\/\/mundobibliotecario.files.wordpress.com\/2013\/07\/biblioteconomia-ucs-ead-212x300.png?w=350&h=200&crop=1","width":350,"height":200},"classes":[]},{"id":4963,"url":"https:\/\/mundobibliotecario.com.br\/index.php\/2018\/08\/02\/curso-de-biblioteconomia-ead-aprovado-em-11-universidades\/","url_meta":{"origin":3231,"position":2},"title":"Curso de Biblioteconomia EaD aprovado em 11 universidades!","author":"mundobibliotecario","date":"02\/08\/2018","format":false,"excerpt":"O curso de Biblioteconomia na modalidade de Ensino a Dist\u00e2ncia (EaD) que foi lan\u00e7ado em mar\u00e7o deste ano, com apoio do CFB, est\u00e1 pr\u00f3ximo! A CAPES j\u00e1 informou quais universidades tiveram o processo de sele\u00e7\u00e3o deferido. Confira a lista das Institui\u00e7\u00f5es P\u00fablicas de Ensino Superior: FURG \u2013 Universidade Federal de\u2026","rel":"","context":"Em &quot;Not\u00edcias&quot;","block_context":{"text":"Not\u00edcias","link":"https:\/\/mundobibliotecario.com.br\/index.php\/category\/noticias\/"},"img":{"alt_text":"biblioteconomia a dist\u00c3\u00a2ncia","src":"https:\/\/i0.wp.com\/mundobibliotecario.com.br\/wp-content\/uploads\/2018\/08\/biblioteconomia-ead.jpg?resize=350%2C200","width":350,"height":200},"classes":[]},{"id":3568,"url":"https:\/\/mundobibliotecario.com.br\/index.php\/2014\/08\/30\/projeto-pedagogico-do-curso-de-biblioteconomia-ead\/","url_meta":{"origin":3231,"position":3},"title":"Projeto pedag\u00f3gico do curso de Biblioteconomia EaD","author":"mundobibliotecario","date":"30\/08\/2014","format":false,"excerpt":"Segue mensagem divulgada pela Prof\u00aa Daniela Spudeit no Facebook sobre o projeto pedag\u00f3gico do curso de Biblioteconomia a dist\u00e2ncia. *** Ol\u00e1, agora que est\u00e1 dispon\u00edvel ao p\u00fablico, divulgo com muito prazer o projeto pedag\u00f3gico do curso de gradua\u00e7\u00e3o em Biblioteconomia na modalidade a dist\u00e2ncia que est\u00e1 sendo organizado pela CAPES\/CFB\/UFRJ\u2026","rel":"","context":"Em &quot;Not\u00edcias&quot;","block_context":{"text":"Not\u00edcias","link":"https:\/\/mundobibliotecario.com.br\/index.php\/category\/noticias\/"},"img":{"alt_text":"","src":"","width":0,"height":0},"classes":[]},{"id":4731,"url":"https:\/\/mundobibliotecario.com.br\/index.php\/2018\/03\/22\/lancamento-oficial-do-bacharelado-em-biblioteconomia-a-distancia\/","url_meta":{"origin":3231,"position":4},"title":"Lan\u00e7amento oficial do Bacharelado em Biblioteconomia a dist\u00e2ncia","author":"mundobibliotecario","date":"22\/03\/2018","format":false,"excerpt":"Acontecer\u00e1 amanh\u00e3, 23 de mar\u00e7o, o lan\u00e7amento oficial do Bacharelado em Biblioteconomia, modalidade \u00e0 dist\u00e2ncia, da Capes com a Universidade Aberta do Brasil. O evento ser\u00e1 no Audit\u00f3rio Anisio Teixeira, sede da Capes, das 16h \u00e0s 19h, podendo ser acompanhado ao vivo pelo YouTube. O edital 05\/2018 torna p\u00fablico a\u2026","rel":"","context":"Em &quot;Not\u00edcias&quot;","block_context":{"text":"Not\u00edcias","link":"https:\/\/mundobibliotecario.com.br\/index.php\/category\/noticias\/"},"img":{"alt_text":"","src":"","width":0,"height":0},"classes":[]},{"id":4674,"url":"https:\/\/mundobibliotecario.com.br\/index.php\/2018\/02\/16\/curso-de-bacharelado-em-biblioteconomia-na-modalidade-a-distancia-bibead\/","url_meta":{"origin":3231,"position":5},"title":"Curso de Bacharelado em Biblioteconomia na modalidade a Dist\u00e2ncia (BibEaD)","author":"mundobibliotecario","date":"16\/02\/2018","format":false,"excerpt":"Publicado: Quinta, 20 Fevereiro 2014 14:53\u00a0|\u00a0\u00daltima Atualiza\u00e7\u00e3o: Quinta, 11 Janeiro 2018 10:21 O BibEAD \u00e9 um curso do Sistema Universidade Aberta do Brasil, com Projeto Pedag\u00f3gico de Curso nacional de Bacharelado em Biblioteconomia na modalidade a dist\u00e2ncia, resultado da parceria entre a Coordena\u00e7\u00e3o de Aperfei\u00e7oamento de Pessoal de N\u00edvel Superior\u2026","rel":"","context":"Em &quot;Curso&quot;","block_context":{"text":"Curso","link":"https:\/\/mundobibliotecario.com.br\/index.php\/category\/curso\/"},"img":{"alt_text":"","src":"","width":0,"height":0},"classes":[]}],"jetpack_likes_enabled":true,"jetpack_shortlink":"https:\/\/wp.me\/pcbzwa-Q7","_links":{"self":[{"href":"https:\/\/mundobibliotecario.com.br\/index.php\/wp-json\/wp\/v2\/posts\/3231","targetHints":{"allow":["GET"]}}],"collection":[{"href":"https:\/\/mundobibliotecario.com.br\/index.php\/wp-json\/wp\/v2\/posts"}],"about":[{"href":"https:\/\/mundobibliotecario.com.br\/index.php\/wp-json\/wp\/v2\/types\/post"}],"author":[{"embeddable":true,"href":"https:\/\/mundobibliotecario.com.br\/index.php\/wp-json\/wp\/v2\/users\/1"}],"replies":[{"embeddable":true,"href":"https:\/\/mundobibliotecario.com.br\/index.php\/wp-json\/wp\/v2\/comments?post=3231"}],"version-history":[{"count":0,"href":"https:\/\/mundobibliotecario.com.br\/index.php\/wp-json\/wp\/v2\/posts\/3231\/revisions"}],"wp:attachment":[{"href":"https:\/\/mundobibliotecario.com.br\/index.php\/wp-json\/wp\/v2\/media?parent=3231"}],"wp:term":[{"taxonomy":"category","embeddable":true,"href":"https:\/\/mundobibliotecario.com.br\/index.php\/wp-json\/wp\/v2\/categories?post=3231"},{"taxonomy":"post_tag","embeddable":true,"href":"https:\/\/mundobibliotecario.com.br\/index.php\/wp-json\/wp\/v2\/tags?post=3231"}],"curies":[{"name":"wp","href":"https:\/\/api.w.org\/{rel}","templated":true}]}}