{"id":3244,"date":"2013-09-09T22:04:58","date_gmt":"2013-09-10T01:04:58","guid":{"rendered":"http:\/\/mundobibliotecario.wordpress.com\/?p=3244"},"modified":"2013-09-09T22:04:58","modified_gmt":"2013-09-10T01:04:58","slug":"curso-de-sociologia-do-conhecimento","status":"publish","type":"post","link":"https:\/\/mundobibliotecario.com.br\/index.php\/2013\/09\/09\/curso-de-sociologia-do-conhecimento\/","title":{"rendered":"Curso de Sociologia do Conhecimento"},"content":{"rendered":"<p>Enviado por Jacob J. Lumier no Facebook do Mundo Bibliotec\u00e1rio.<\/p>\n<p>***<\/p>\n<p>Ensaio sobre os fatores extra-l\u00f3gicos do conhecimento.<br \/>\nNa trilha da orienta\u00e7\u00e3o b\u00e1sica da sociologia de que as categorias l\u00f3gicas s\u00e3o sociais em segundo grau\u2026 n\u00e3o s\u00f3 a sociedade as institui, mas constituem aspectos diferentes do ser social que lhes servem de conte\u00fado\u2026, a mat\u00e9ria deste trabalho \u00e9 a cr\u00edtica a certos efeitos subordinantes da tecnifica\u00e7\u00e3o do saber, tomada esta como aspecto da estrutura de classes.<br \/>\nElabora em especial uma cr\u00edtica sociol\u00f3gica aplicada em oposi\u00e7\u00e3o \u00e0 primazia da l\u00f3gica sobre a consci\u00eancia coletiva. Os fatores extra-l\u00f3gicos do conhecimento, tais como os contextos culturais e os determinismos sociais e sociol\u00f3gicos s\u00e3o examinados com profundidade. A vers\u00e3o e-pub \u00e9 gratuita.<\/p>\n<p><a href=\"http:\/\/www.bubok.es\/libros\/227287\/Curso-de-Sociologia-do-Conhecimento--Texto-02\">http:\/\/www.bubok.es\/libros\/227287\/Curso-de-Sociologia-do-Conhecimento&#8211;Texto-02<\/a><\/p>\n","protected":false},"excerpt":{"rendered":"<p>Enviado por Jacob J. Lumier no Facebook do Mundo Bibliotec\u00e1rio. *** Ensaio sobre os fatores extra-l\u00f3gicos do conhecimento. Na trilha da orienta\u00e7\u00e3o b\u00e1sica da sociologia de que as categorias l\u00f3gicas s\u00e3o sociais em segundo grau\u2026 n\u00e3o s\u00f3 a sociedade as institui, mas constituem aspectos diferentes do ser social que lhes servem de conte\u00fado\u2026, a mat\u00e9ria &#8230; <a title=\"Curso de Sociologia do Conhecimento\" class=\"read-more\" href=\"https:\/\/mundobibliotecario.com.br\/index.php\/2013\/09\/09\/curso-de-sociologia-do-conhecimento\/\" aria-label=\"Read more about Curso de Sociologia do Conhecimento\">Ler mais<\/a><\/p>\n","protected":false},"author":1,"featured_media":0,"comment_status":"open","ping_status":"open","sticky":false,"template":"","format":"standard","meta":{"_mi_skip_tracking":false,"_exactmetrics_sitenote_active":false,"_exactmetrics_sitenote_note":"","_exactmetrics_sitenote_category":0,"_jetpack_newsletter_access":"","footnotes":""},"categories":[252],"tags":[1100],"class_list":["post-3244","post","type-post","status-publish","format-standard","hentry","category-curso","tag-sociologia-do-conhecimento"],"jetpack_featured_media_url":"","jetpack_sharing_enabled":true,"jetpack-related-posts":[{"id":2124,"url":"https:\/\/mundobibliotecario.com.br\/index.php\/2011\/07\/13\/cursos-de-extensao-em-biblioteconomia-e-ciencia-da-informacao\/","url_meta":{"origin":3244,"position":0},"title":"Cursos de extens\u00e3o em Biblioteconomia e Ci\u00eancia da Informa\u00e7\u00e3o","author":"mundobibliotecario","date":"13\/07\/2011","format":false,"excerpt":"A Funda\u00e7\u00e3o Escola de Sociologia e Pol\u00edtica de S\u00e3o Paulo (FESPSP) est\u00e1 com inscri\u00e7\u00f5es abertas para cursos de extens\u00e3o em Biblioteconomia e Ci\u00eancia da Informa\u00e7\u00e3o. Confira a rela\u00e7\u00e3o completa aqui! Bons estudos!","rel":"","context":"Em &quot;Curso&quot;","block_context":{"text":"Curso","link":"https:\/\/mundobibliotecario.com.br\/index.php\/category\/curso\/"},"img":{"alt_text":"","src":"","width":0,"height":0},"classes":[]},{"id":788,"url":"https:\/\/mundobibliotecario.com.br\/index.php\/2009\/08\/05\/fespsp-propoe-dupla-especializacao-em-ciencia-da-informacao\/","url_meta":{"origin":3244,"position":1},"title":"FESPSP prop\u00f5e dupla especializa\u00e7\u00e3o em Ci\u00eancia da Informa\u00e7\u00e3o","author":"mundobibliotecario","date":"05\/08\/2009","format":false,"excerpt":"A Funda\u00e7\u00e3o Escola de Sociologia e Pol\u00edtica de S\u00e3o Paulo est\u00e1 com matr\u00edculas abertas para mais de 10 cursos em Gest\u00e3o da Informa\u00e7\u00e3o A Funda\u00e7\u00e3o Escola de Sociologia e Pol\u00edtica de S\u00e3o Paulo (FESPSP) estruturou a integra\u00e7\u00e3o entre dois cursos de P\u00f3s-Gradua\u00e7\u00e3o Lato Sensu, \u201cGest\u00e3o de Documentos de Arquivo\u201d e\u2026","rel":"","context":"Em &quot;Curso de P\u00f3s-Gradua\u00e7\u00e3o&quot;","block_context":{"text":"Curso de P\u00f3s-Gradua\u00e7\u00e3o","link":"https:\/\/mundobibliotecario.com.br\/index.php\/category\/curso-de-pos-graduacao\/"},"img":{"alt_text":"","src":"","width":0,"height":0},"classes":[]},{"id":3667,"url":"https:\/\/mundobibliotecario.com.br\/index.php\/2014\/12\/15\/webinar-gratuito-coaching-na-atuacao-do-profissional-da-informacao\/","url_meta":{"origin":3244,"position":2},"title":"Webinar gratuito &quot;Coaching na Atua\u00e7\u00e3o do Profissional da Informa\u00e7\u00e3o&quot;","author":"mundobibliotecario","date":"15\/12\/2014","format":false,"excerpt":"Na Sociedade da Informa\u00e7\u00e3o e do Conhecimento, torna-se necess\u00e1rio um novo olhar sobre as formas de atua\u00e7\u00e3o do profissional da informa\u00e7\u00e3o. O profissional deve buscar conhecer tend\u00eancias e inova\u00e7\u00f5es que t\u00eam sido utilizadas em v\u00e1rios pa\u00edses. Nesse contexto, o coaching se apresenta como um subs\u00eddio eficaz e promissor de planejamento\u2026","rel":"","context":"Em &quot;Eventos&quot;","block_context":{"text":"Eventos","link":"https:\/\/mundobibliotecario.com.br\/index.php\/category\/eventos\/"},"img":{"alt_text":"","src":"","width":0,"height":0},"classes":[]},{"id":4925,"url":"https:\/\/mundobibliotecario.com.br\/index.php\/2014\/12\/15\/webinar-gratuito-coaching-na-atuacao-do-profissional-da-informacao-2\/","url_meta":{"origin":3244,"position":3},"title":"Webinar gratuito &#8220;Coaching na Atua\u00e7\u00e3o do Profissional da Informa\u00e7\u00e3o&#8221;","author":"mundobibliotecario","date":"15\/12\/2014","format":false,"excerpt":"Na Sociedade da Informa\u00e7\u00e3o e do Conhecimento, torna-se necess\u00e1rio um novo olhar sobre as formas de atua\u00e7\u00e3o do profissional da informa\u00e7\u00e3o. O profissional deve buscar conhecer tend\u00eancias e inova\u00e7\u00f5es que t\u00eam sido utilizadas em v\u00e1rios pa\u00edses. Nesse contexto, o coaching se apresenta como um subs\u00eddio eficaz e promissor de planejamento\u2026","rel":"","context":"Em &quot;Eventos&quot;","block_context":{"text":"Eventos","link":"https:\/\/mundobibliotecario.com.br\/index.php\/category\/eventos\/"},"img":{"alt_text":"","src":"","width":0,"height":0},"classes":[]},{"id":417,"url":"https:\/\/mundobibliotecario.com.br\/index.php\/2009\/02\/26\/cursos-content-digital-2009\/","url_meta":{"origin":3244,"position":4},"title":"Cursos Content Digital 2009","author":"mundobibliotecario","date":"26\/02\/2009","format":false,"excerpt":"CURSOS CONTENT DIGITAL 2009 (www.contentdigital.com.br) PROGRAME-SE para aproveitar os cursos de seu interesse, em nossa grade enriquecida de cursos em gest\u00e3o de conte\u00fado , gest\u00e3o do conhecimento e ambientes digitais, com consultores que est\u00e3o nas linhas de frente em suas \u00e1reas de atua\u00e7\u00e3o. RESERVE desde j\u00e1 sua vaga no curso\u2026","rel":"","context":"Em &quot;Curso&quot;","block_context":{"text":"Curso","link":"https:\/\/mundobibliotecario.com.br\/index.php\/category\/curso\/"},"img":{"alt_text":"","src":"","width":0,"height":0},"classes":[]},{"id":1086,"url":"https:\/\/mundobibliotecario.com.br\/index.php\/2010\/02\/03\/curso-de-bibliometria-na-fespsp\/","url_meta":{"origin":3244,"position":5},"title":"Curso de bibliometria na FESPSP","author":"mundobibliotecario","date":"03\/02\/2010","format":false,"excerpt":"A FESPSP- Funda\u00e7\u00e3o Escola de Sociologia e Pol\u00edtica de S\u00e3o Paulo esta oferecendo curso de extens\u00e3o em Bibliometria.\u00a0Saiba mais. Local FESPSP Unidade Cesp\u00e1rio Mota Jr. Rua Ces\u00e1rio Mota Jr. 262 Vila Buarque S\u00e3o Paulo Proximo a Esta\u00e7\u00e3o Rep\u00fablica do Metr\u00f4 Tel 11 - 3123-7800","rel":"","context":"Em &quot;Curso&quot;","block_context":{"text":"Curso","link":"https:\/\/mundobibliotecario.com.br\/index.php\/category\/curso\/"},"img":{"alt_text":"","src":"","width":0,"height":0},"classes":[]}],"jetpack_likes_enabled":true,"jetpack_shortlink":"https:\/\/wp.me\/pcbzwa-Qk","_links":{"self":[{"href":"https:\/\/mundobibliotecario.com.br\/index.php\/wp-json\/wp\/v2\/posts\/3244","targetHints":{"allow":["GET"]}}],"collection":[{"href":"https:\/\/mundobibliotecario.com.br\/index.php\/wp-json\/wp\/v2\/posts"}],"about":[{"href":"https:\/\/mundobibliotecario.com.br\/index.php\/wp-json\/wp\/v2\/types\/post"}],"author":[{"embeddable":true,"href":"https:\/\/mundobibliotecario.com.br\/index.php\/wp-json\/wp\/v2\/users\/1"}],"replies":[{"embeddable":true,"href":"https:\/\/mundobibliotecario.com.br\/index.php\/wp-json\/wp\/v2\/comments?post=3244"}],"version-history":[{"count":0,"href":"https:\/\/mundobibliotecario.com.br\/index.php\/wp-json\/wp\/v2\/posts\/3244\/revisions"}],"wp:attachment":[{"href":"https:\/\/mundobibliotecario.com.br\/index.php\/wp-json\/wp\/v2\/media?parent=3244"}],"wp:term":[{"taxonomy":"category","embeddable":true,"href":"https:\/\/mundobibliotecario.com.br\/index.php\/wp-json\/wp\/v2\/categories?post=3244"},{"taxonomy":"post_tag","embeddable":true,"href":"https:\/\/mundobibliotecario.com.br\/index.php\/wp-json\/wp\/v2\/tags?post=3244"}],"curies":[{"name":"wp","href":"https:\/\/api.w.org\/{rel}","templated":true}]}}