{"id":3278,"date":"2013-10-25T09:34:18","date_gmt":"2013-10-25T12:34:18","guid":{"rendered":"http:\/\/mundobibliotecario.wordpress.com\/?p=3278"},"modified":"2020-07-21T23:25:50","modified_gmt":"2020-07-22T02:25:50","slug":"serie-em-pauta-da-abrainfo-tecnologia-da-informacao-e-comunicacao-e-organizacao-da-informacao-interseccoes","status":"publish","type":"post","link":"https:\/\/mundobibliotecario.com.br\/index.php\/2013\/10\/25\/serie-em-pauta-da-abrainfo-tecnologia-da-informacao-e-comunicacao-e-organizacao-da-informacao-interseccoes\/","title":{"rendered":"S\u00e9rie &#8220;Em Pauta&#8221; da ABRAINFO &#8211; Tecnologia da Informa\u00e7\u00e3o e Comunica\u00e7\u00e3o e Organiza\u00e7\u00e3o da Informa\u00e7\u00e3o: Intersec\u00e7\u00f5es"},"content":{"rendered":"<p><span style=\"color:black;font-family:'Trebuchet MS';font-size:small;\">A ABRAINFO realiza o segundo encontro da S\u00e9rie \u201cEM PAUTA\u201d, um conjunto de debates referentes \u00e0s quest\u00f5es que transitam pelo campo da informa\u00e7\u00e3o:<\/span><\/p>\n<p><strong><b><span style=\"color:purple;font-family:'Trebuchet MS';font-size:large;\">Tecnologia da Informa\u00e7\u00e3o e Comunica\u00e7\u00e3o (TIC) e Organiza\u00e7\u00e3o da Informa\u00e7\u00e3o: Intersec\u00e7\u00f5es<\/span><\/b><\/strong><\/p>\n<p><strong><b><span style=\"color:black;font-family:'Trebuchet MS';font-size:medium;\">\u00a0<\/span><\/b><\/strong><\/p>\n<p><strong><b><span style=\"color:black;font-family:'Trebuchet MS';font-size:medium;\">Palestrantes Convidados<\/span><\/b><\/strong><\/p>\n<p><strong><b><span style=\"color:black;font-family:'Trebuchet MS';font-size:small;\">Sueli Mara Soares Pinto Ferreira<br \/>\n<\/span><\/b><\/strong><strong><b><span style=\"color:black;font-family:'Trebuchet MS';font-size:small;\">Diretora do SIBiUSP (2010-2013). Professora Titular da Faculdade de Filosofia, Ci\u00eancias e Letras de Ribeir\u00e3o Preto. Livre-Docente em Gera\u00e7\u00e3o e Uso da Informa\u00e7\u00e3o pela ECA\/USP (2006). Doutora em Ci\u00eancias da Comunica\u00e7\u00e3o pela USP (1995). Bolsa sandu\u00edche durante o doutorado na Vanderbilt University, Peabody College (1991) e na Syracuse University, School of Information Studies (1992). Mestre em Ci\u00eancias da Comunica\u00e7\u00e3o pela USP (1989). Especialista e bacharel em Biblioteconomia e Documenta\u00e7\u00e3o pelas Faculdades Teresa D\u00c1vila de Lorena (1978).<\/span><\/b><\/strong><\/p>\n<p><strong><b><span style=\"color:black;font-family:'Trebuchet MS';font-size:small;\">Clayton Martins Pereira<br \/>\n<\/span><\/b><\/strong><strong><b><span style=\"color:black;font-family:'Trebuchet MS';font-size:small;\">Analista em Ci\u00eancia e Tecnologia Pleno no Servi\u00e7o de Informa\u00e7\u00e3o e Documenta\u00e7\u00e3o do Instituto Nacional de Pesquisas Espaciais (INPE), onde atua como administrador da Biblioteca Digital da Mem\u00f3ria T\u00e9cnico-Cient\u00edfica (Reposit\u00f3rio Institucional). Professor Universit\u00e1rio. Mestre em Engenharia Eletr\u00f4nica e Computa\u00e7\u00e3o pelo Instituto Tecnol\u00f3gico de Aeron\u00e1utica (ITA). Especialista em Ger\u00eancia de Projetos de TI pela Universidade do Sul de Santa Catarina. \u00c1reas de interesse: Gest\u00e3o da Informa\u00e7\u00e3o em C&amp;T, Ontologias e Web Sem\u00e2ntica, e Governan\u00e7a de TI.<\/span><\/b><\/strong><\/p>\n<p><strong><b><span style=\"color:black;font-family:'Trebuchet MS';font-size:small;\">Renata Wassermann<br \/>\n<\/span><\/b><\/strong><strong><b><span style=\"color:black;font-family:'Trebuchet MS';font-size:small;\">Professora Associada do Departamento de Ci\u00eancia da Computa\u00e7\u00e3o do Instituto de Matem\u00e1tica e Estat\u00edstica da Universidade de S\u00e3o Paulo. Doutora pela Universidade de Amsterd\u00e3 (1999). Bacharel em Ci\u00eancia da Computa\u00e7\u00e3o (1991). Mestre em Matem\u00e1tica Aplicada (1995). Sua \u00e1rea de pesquisa \u00e9 a Intelig\u00eancia Artificial, com \u00eanfase em L\u00f3gica e Representa\u00e7\u00e3o de Conhecimento.<\/span><\/b><\/strong><\/p>\n<p><strong><b><span style=\"color:black;font-family:'Trebuchet MS';font-size:small;\">Carlos Cecconi<br \/>\n<\/span><\/b><\/strong><strong><b><span style=\"color:black;font-family:'Trebuchet MS';font-size:small;\">Assessor t\u00e9cnico na Secretaria Executiva do CGI.br &#8211; Comit\u00ea Gestor da Internet no Brasil. Bibliotec\u00e1rio. Foi analista de projetos do W3C Escrit\u00f3rio Brasil, chefe de gabinete do ITI \u2013 Instituto Nacional de Tecnologia da Informa\u00e7\u00e3o. Secretariou o Comit\u00ea T\u00e9cnico de Implementa\u00e7\u00e3o do Software Livre e o I Planejamento Estrat\u00e9gico de Implementa\u00e7\u00e3o de Software Livre na Administra\u00e7\u00e3o P\u00fablica Federal. Atuou em consultorias em diversas organiza\u00e7\u00f5es para desenvolvimento de ambientes colaborativos wikis na web.<\/span><\/b><\/strong><\/p>\n<p><strong><b><span style=\"color:black;font-family:'Trebuchet MS';font-size:small;\">Charlley Luz<br \/>\n<\/span><\/b><\/strong><strong><b><span style=\"color:black;font-family:'Trebuchet MS';font-size:small;\">Professor da p\u00f3s-gradua\u00e7\u00e3o em Gest\u00e3o Arquiv\u00edstica e Gest\u00e3o da Informa\u00e7\u00e3o Digital da FESPSP. Bacharel em Arquivologia pela Universidade Federal do Rio Grande do Sul. Consultor em estrat\u00e9gia de informa\u00e7\u00f5es e portais corporativos da Feed Consultoria. Autor do livro Arquivologia 2.0: a informa\u00e7\u00e3o humana digital. Mant\u00e9m o blog Arquivista 2.0 e contribui com artigos para o site Intranet Portal, associa\u00e7\u00f5es de arquivistas do RS e RJ, WebInsider e da revista Arquivista.Net.<\/span><\/b><\/strong><\/p>\n<p><strong><b><span style=\"color:black;font-family:'Trebuchet MS';font-size:small;\">\u00a0<\/span><\/b><\/strong><\/p>\n<p><strong><b><span style=\"color:black;font-family:'Trebuchet MS';font-size:small;\">Mediadora Convidada<\/span><\/b><\/strong><\/p>\n<p><b><span style=\"font-family:'Trebuchet MS';font-size:small;\">N\u00e1dia Hommerding<\/span><\/b><\/p>\n<p><span style=\"font-family:'Trebuchet MS';font-size:small;\">Professora da p\u00f3s-gradua\u00e7\u00e3o em Gest\u00e3o Arquiv\u00edstica e de Servi\u00e7os e Sistemas de Informa\u00e7\u00e3o da FESPSP, nas disciplinas de Gest\u00e3o do Conhecimento e Intelig\u00eancia Competitiva. Doutora em Ci\u00eancias da Comunica\u00e7\u00e3o (2007), Mestrado em Ci\u00eancias da Comunica\u00e7\u00e3o (2000) e Gradua\u00e7\u00e3o em Biblioteconomia e Documenta\u00e7\u00e3o (1990) pela Escola de Comunica\u00e7\u00f5es e Artes da Universidade de S\u00e3o Paulo. Ex-Gerente de Biblioteca P\u00fablica em Miami, Estados Unidos.<\/span><\/p>\n<p><span style=\"font-family:'Trebuchet MS';font-size:small;\">\u00a0<\/span><\/p>\n<p><span style=\"font-family:'Trebuchet MS';font-size:small;\">\u00a0<\/span><\/p>\n<p><b><span style=\"font-family:'Trebuchet MS';font-size:small;\">Data:<\/span><\/b><span style=\"font-family:'Trebuchet MS';font-size:small;\">\u00a030 de outubro de 2013<\/span><\/p>\n<p><span style=\"font-family:'Trebuchet MS';font-size:small;\">\u00a0<\/span><\/p>\n<p><b><span style=\"font-family:'Trebuchet MS';font-size:small;\">Hor\u00e1rio:<\/span><\/b><span style=\"font-family:'Trebuchet MS';font-size:small;\">\u00a0\u00e0s 19h<\/span><\/p>\n<p><span style=\"font-family:'Trebuchet MS';font-size:small;\">\u00a0<\/span><\/p>\n<p><b><span style=\"font-family:'Trebuchet MS';font-size:small;\">Local:<\/span><\/b><\/p>\n<p><span style=\"font-family:'Trebuchet MS';font-size:small;\">Ita\u00fa Cultural &#8211; Sala Vermelha<\/span><\/p>\n<p><span style=\"font-family:'Trebuchet MS';font-size:small;\">Avenida Paulista, 149 &#8211; S\u00e3o Paulo &#8211; SP<\/span><\/p>\n<p><span style=\"font-family:'Trebuchet MS';font-size:small;\">\u00a0<\/span><\/p>\n<p><b><span style=\"font-family:'Trebuchet MS';font-size:small;\">Valor:<\/span><\/b><\/p>\n<p><span style=\"font-family:'Trebuchet MS';font-size:small;\">Associados ABRAINFO: participa\u00e7\u00e3o gratuita<\/span><\/p>\n<p><span style=\"font-family:'Trebuchet MS';font-size:small;\">N\u00e3o associados: R$ 10,00 (pagamento via dep\u00f3sito banc\u00e1rio ou PagSeguro somente at\u00e9 o dia 28\/10)<\/span><\/p>\n<p><span style=\"font-family:'Trebuchet MS';font-size:small;\">\u00a0<\/span><\/p>\n<p><b><span style=\"font-family:'Trebuchet MS';font-size:small;\">Certificados de participa\u00e7\u00e3o ser\u00e1 emitido e enviado aos participantes que assinarem a Lista de Presen\u00e7a<\/span><\/b><\/p>\n<p><span style=\"font-family:'Trebuchet MS';font-size:small;\">\u00a0<\/span><\/p>\n<p><b><span style=\"font-family:'Trebuchet MS';font-size:small;\">Vagas limitadas<\/span><\/b><\/p>\n<p><span style=\"font-family:'Trebuchet MS';font-size:small;\">\u00a0<\/span><\/p>\n<p><span style=\"font-family:'Trebuchet MS';font-size:small;\">\u00a0<\/span><\/p>\n<p><span style=\"color:black;font-family:'Trebuchet MS';font-size:small;\">Para participar preencha o formul\u00e1rio dispon\u00edvel no site:<br \/>\n<\/span><\/p>\n<p><span style=\"color:black;font-family:'Trebuchet MS';font-size:small;\">\u00a0<\/span><\/p>\n<p><span style=\"font-family:'Trebuchet MS';font-size:small;\">D\u00favidas podem ser tiradas atrav\u00e9s do e-mail:<\/span><\/p>\n<p><span style=\"font-family:'Trebuchet MS';font-size:small;\"><a href=\"mailto:eventos@abrainfo.org.br\" target=\"_blank\" rel=\"noopener noreferrer\">mailto:eventos@abrainfo.org.br<\/a><\/span><\/p>\n<p><span style=\"font-family:'Trebuchet MS';font-size:small;\">\u00a0<\/span><\/p>\n<p><span style=\"font-family:'Trebuchet MS';font-size:small;\">\u00a0<\/span><\/p>\n<p><i><span style=\"font-family:'Trebuchet MS';font-size:small;\">William Okubo<\/span><\/i><\/p>\n<p><span style=\"font-family:'Trebuchet MS';font-size:small;\">Comunica\u00e7\u00e3o \u2013 ABRAINFO<\/span><\/p>\n","protected":false},"excerpt":{"rendered":"<p>A ABRAINFO realiza o segundo encontro da S\u00e9rie \u201cEM PAUTA\u201d, um conjunto de debates referentes \u00e0s quest\u00f5es que transitam pelo campo da informa\u00e7\u00e3o: Tecnologia da Informa\u00e7\u00e3o e Comunica\u00e7\u00e3o (TIC) e Organiza\u00e7\u00e3o da Informa\u00e7\u00e3o: Intersec\u00e7\u00f5es \u00a0 Palestrantes Convidados Sueli Mara Soares Pinto Ferreira Diretora do SIBiUSP (2010-2013). Professora Titular da Faculdade de Filosofia, Ci\u00eancias e Letras &#8230; <a title=\"S\u00e9rie &#8220;Em Pauta&#8221; da ABRAINFO &#8211; Tecnologia da Informa\u00e7\u00e3o e Comunica\u00e7\u00e3o e Organiza\u00e7\u00e3o da Informa\u00e7\u00e3o: Intersec\u00e7\u00f5es\" class=\"read-more\" href=\"https:\/\/mundobibliotecario.com.br\/index.php\/2013\/10\/25\/serie-em-pauta-da-abrainfo-tecnologia-da-informacao-e-comunicacao-e-organizacao-da-informacao-interseccoes\/\" aria-label=\"Read more about S\u00e9rie &#8220;Em Pauta&#8221; da ABRAINFO &#8211; Tecnologia da Informa\u00e7\u00e3o e Comunica\u00e7\u00e3o e Organiza\u00e7\u00e3o da Informa\u00e7\u00e3o: Intersec\u00e7\u00f5es\">Ler mais<\/a><\/p>\n","protected":false},"author":1,"featured_media":0,"comment_status":"open","ping_status":"open","sticky":false,"template":"","format":"standard","meta":{"_mi_skip_tracking":false,"_exactmetrics_sitenote_active":false,"_exactmetrics_sitenote_note":"","_exactmetrics_sitenote_category":0,"_jetpack_newsletter_access":"","footnotes":""},"categories":[27],"tags":[1073,382,22],"class_list":["post-3278","post","type-post","status-publish","format-standard","hentry","category-eventos","tag-abrainfo","tag-organizacao-da-informacao","tag-tecnologia-da-informacao"],"jetpack_featured_media_url":"","jetpack_sharing_enabled":true,"jetpack-related-posts":[{"id":4226,"url":"https:\/\/mundobibliotecario.com.br\/index.php\/2016\/03\/09\/resumo-da-aula-magna-as-tecnologias-de-informacao-e-comunicacao-na-perspectiva-da-biblioteconomia-e-ciencia-da-informacao\/","url_meta":{"origin":3278,"position":0},"title":"Resumo da Aula Magna &#8220;As tecnologias de informa\u00e7\u00e3o e comunica\u00e7\u00e3o na perspectiva da Biblioteconomia e Ci\u00eancia da Informa\u00e7\u00e3o&#8221;","author":"mundobibliotecario","date":"09\/03\/2016","format":false,"excerpt":"Este ano a UFSCar realizou a \"Semana de de Biblioteconomia e Ci\u00eancia da Informa\u00e7\u00e3o 2016\" de 7 \u00a0a 9 de mar\u00e7o. No primeiro dia, a abertura do evento contou com a\u00a0Aula Magna \"As tecnologias de informa\u00e7\u00e3o e comunica\u00e7\u00e3o na perspectiva da Biblioteconomia e Ci\u00eancia da Informa\u00e7\u00e3o\" proferida pela Prof\u00aa Dr\u00aa\u2026","rel":"","context":"Em &quot;Not\u00edcias&quot;","block_context":{"text":"Not\u00edcias","link":"https:\/\/mundobibliotecario.com.br\/index.php\/category\/noticias\/"},"img":{"alt_text":"","src":"https:\/\/mundobibliotecario.files.wordpress.com\/2016\/03\/semana-bci-ufscar-2016.png?w=350&h=200&crop=1","width":350,"height":200},"classes":[]},{"id":1192,"url":"https:\/\/mundobibliotecario.com.br\/index.php\/2010\/04\/04\/comunicacao-social-e-ciencia-da-informacao-relacoes-e-prospeccoes\/","url_meta":{"origin":3278,"position":1},"title":"Comunica\u00e7\u00e3o social e Ci\u00eancia da informa\u00e7\u00e3o: rela\u00e7\u00f5es e prospec\u00e7\u00f5es","author":"mundobibliotecario","date":"04\/04\/2010","format":false,"excerpt":"Tanto a Ci\u00eancia da informa\u00e7\u00e3o como a Comunica\u00e7\u00e3o social lidam com diferentes contextos de fluxo da comunica\u00e7\u00e3o, tanto no plano cotidiano como acad\u00eamico, com alguns objetivos comuns, ou n\u00e3o. Deste modo os espa\u00e7os de pesquisa e atua\u00e7\u00e3o profissional destes campos, embora distintos, apresentam encontros te\u00f3ricos e metodol\u00f3gicos que lhe possibilitam\u2026","rel":"","context":"Em &quot;Eventos&quot;","block_context":{"text":"Eventos","link":"https:\/\/mundobibliotecario.com.br\/index.php\/category\/eventos\/"},"img":{"alt_text":"","src":"","width":0,"height":0},"classes":[]},{"id":2444,"url":"https:\/\/mundobibliotecario.com.br\/index.php\/2012\/02\/11\/pensando-a-comunicacao-a-informacao-e-a-saude-na-era-da-complexidade-e-da-incerteza-novas-tecnologias-paradigmas-e-ciencia\/","url_meta":{"origin":3278,"position":2},"title":"Pensando a Comunica\u00e7\u00e3o, a Informa\u00e7\u00e3o e a Sa\u00fade na Era da Complexidade e da Incerteza: Novas Tecnologias, Paradigmas e Ci\u00eancia","author":"mundobibliotecario","date":"11\/02\/2012","format":false,"excerpt":"Sob a coordena\u00e7\u00e3o do Professor Nilton Bahlis dos Santos, apoio do Next e do Grupo de Pesquisa \"Tecnologias, Culturas, Pr\u00e1ticas Interativas e Inova\u00e7\u00e3o em Sa\u00fade\" ofereremos no Programa de P\u00f3s Gradua\u00e7\u00e3o em Informa\u00e7\u00e3o, Comunica\u00e7\u00e3o e Sa\u00fade (PPGICS), o curso Pensando a Comunica\u00e7\u00e3o, a Informa\u00e7\u00e3o e a Sa\u00fade na Era da\u2026","rel":"","context":"Em &quot;Curso de P\u00f3s-Gradua\u00e7\u00e3o&quot;","block_context":{"text":"Curso de P\u00f3s-Gradua\u00e7\u00e3o","link":"https:\/\/mundobibliotecario.com.br\/index.php\/category\/curso-de-pos-graduacao\/"},"img":{"alt_text":"","src":"","width":0,"height":0},"classes":[]},{"id":2604,"url":"https:\/\/mundobibliotecario.com.br\/index.php\/2012\/06\/07\/xxxv-congresso-brasileiro-de-ciencias-da-comunicacao-2012\/","url_meta":{"origin":3278,"position":3},"title":"XXXV Congresso Brasileiro de Ci\u00eancias da Comunica\u00e7\u00e3o &#8211; 2012","author":"mundobibliotecario","date":"07\/06\/2012","format":false,"excerpt":"Ol\u00e1 Eduardo, Corrigindo, a publica\u00e7\u00e3o \u00e9 a seguinte: Intercom 2012 Tema central: Esportes na Idade M\u00eddia \u2013 divers\u00e3o, informa\u00e7\u00e3o e educa\u00e7\u00e3o O GP da Intercom \u201cComunica\u00e7\u00e3o, m\u00eddias e liberdade de express\u00e3o\u201d aguarda inscri\u00e7\u00e3o de trabalhos para o pr\u00f3ximo congresso em Fortaleza, cujo tema central ser\u00e1 Esportes na Idade M\u00eddia: divers\u00e3o,\u2026","rel":"","context":"Em &quot;Eventos&quot;","block_context":{"text":"Eventos","link":"https:\/\/mundobibliotecario.com.br\/index.php\/category\/eventos\/"},"img":{"alt_text":"","src":"","width":0,"height":0},"classes":[]},{"id":2746,"url":"https:\/\/mundobibliotecario.com.br\/index.php\/2012\/11\/11\/capes-aprova-curso-de-biblioteconomia-na-modalidade-a-distancia\/","url_meta":{"origin":3278,"position":4},"title":"Capes aprova curso de Biblioteconomia na modalidade \u00e0 dist\u00e2ncia","author":"mundobibliotecario","date":"11\/11\/2012","format":false,"excerpt":"No \u00faltimo dia 29 de outubro, o Conselho Federal de Biblioteconomia (CFB) protagonizou um momento hist\u00f3rico para a Biblioteconomia no Pa\u00eds. A presidente do CFB, N\u00eamora Rodrigues, assinou junto ao Prof. Dr. Jorge Almeida Guimar\u00e3es, presidente da Coordena\u00e7\u00e3o de Aperfei\u00e7oamento de Pessoal de N\u00edvel Superior (CAPES), um acordo de parceria\u2026","rel":"","context":"Em &quot;Not\u00edcias&quot;","block_context":{"text":"Not\u00edcias","link":"https:\/\/mundobibliotecario.com.br\/index.php\/category\/noticias\/"},"img":{"alt_text":"","src":"","width":0,"height":0},"classes":[]},{"id":4913,"url":"https:\/\/mundobibliotecario.com.br\/index.php\/2013\/01\/11\/repositorios-institucionais-sao-tema-do-curso-de-especializacao-na-fiocruz-2\/","url_meta":{"origin":3278,"position":5},"title":"&quot;Reposit\u00f3rios institucionais&quot; s\u00e3o tema do curso de especializa\u00e7\u00e3o na Fiocruz","author":"mundobibliotecario","date":"11\/01\/2013","format":false,"excerpt":"Inscri\u00e7\u00f5es ir\u00e3o at\u00e9 21 de fevereiro e as vagas s\u00e3o limitadas \u00a0Est\u00e3o abertas at\u00e9 21\/2 as inscri\u00e7\u00f5es para a sele\u00e7\u00e3o do curso de especializa\u00e7\u00e3o\u00a0lato sensu\u00a0em Informa\u00e7\u00e3o Cient\u00edfica e Tecnol\u00f3gica em Sa\u00fade (ICTS\/Icict\/Fiocruz). Este ano,\u00a0o curso\u00a0ter\u00e1 como tema \"Reposit\u00f3rios Institucionais\", com foco nos quatro eixos que comp\u00f5em o curso: \"acesso\", \"organiza\u00e7\u00e3o\",\u2026","rel":"","context":"Em &quot;Curso&quot;","block_context":{"text":"Curso","link":"https:\/\/mundobibliotecario.com.br\/index.php\/category\/curso\/"},"img":{"alt_text":"","src":"","width":0,"height":0},"classes":[]}],"jetpack_likes_enabled":true,"jetpack_shortlink":"https:\/\/wp.me\/pcbzwa-QS","_links":{"self":[{"href":"https:\/\/mundobibliotecario.com.br\/index.php\/wp-json\/wp\/v2\/posts\/3278","targetHints":{"allow":["GET"]}}],"collection":[{"href":"https:\/\/mundobibliotecario.com.br\/index.php\/wp-json\/wp\/v2\/posts"}],"about":[{"href":"https:\/\/mundobibliotecario.com.br\/index.php\/wp-json\/wp\/v2\/types\/post"}],"author":[{"embeddable":true,"href":"https:\/\/mundobibliotecario.com.br\/index.php\/wp-json\/wp\/v2\/users\/1"}],"replies":[{"embeddable":true,"href":"https:\/\/mundobibliotecario.com.br\/index.php\/wp-json\/wp\/v2\/comments?post=3278"}],"version-history":[{"count":2,"href":"https:\/\/mundobibliotecario.com.br\/index.php\/wp-json\/wp\/v2\/posts\/3278\/revisions"}],"predecessor-version":[{"id":6808,"href":"https:\/\/mundobibliotecario.com.br\/index.php\/wp-json\/wp\/v2\/posts\/3278\/revisions\/6808"}],"wp:attachment":[{"href":"https:\/\/mundobibliotecario.com.br\/index.php\/wp-json\/wp\/v2\/media?parent=3278"}],"wp:term":[{"taxonomy":"category","embeddable":true,"href":"https:\/\/mundobibliotecario.com.br\/index.php\/wp-json\/wp\/v2\/categories?post=3278"},{"taxonomy":"post_tag","embeddable":true,"href":"https:\/\/mundobibliotecario.com.br\/index.php\/wp-json\/wp\/v2\/tags?post=3278"}],"curies":[{"name":"wp","href":"https:\/\/api.w.org\/{rel}","templated":true}]}}