{"id":328,"date":"2009-01-30T11:50:34","date_gmt":"2009-01-30T14:50:34","guid":{"rendered":"http:\/\/mundobibliotecario.wordpress.com\/?p=328"},"modified":"2009-01-30T11:50:34","modified_gmt":"2009-01-30T14:50:34","slug":"bibliotecario-para-centro-de-documentacao-arquivo-e-biblioteca","status":"publish","type":"post","link":"https:\/\/mundobibliotecario.com.br\/index.php\/2009\/01\/30\/bibliotecario-para-centro-de-documentacao-arquivo-e-biblioteca\/","title":{"rendered":"Bibliotec\u00e1rio para Centro de Documenta\u00e7\u00e3o (Arquivo e Biblioteca)"},"content":{"rendered":"<p>Escrit\u00f3rio de advocacia de m\u00e9dio porte, com sede na cidade de<br \/>\nBebedouro-SP, busca profissional com forma\u00e7\u00e3o em Biblioteconomia e<br \/>\nCi\u00eancia da Informa\u00e7\u00e3o.<br \/>\nO profissional dever\u00e1:<br \/>\nSelecionar e implantar sistema de gest\u00e3o de acervo para a biblioteca;<br \/>\nplanejar, organizar e administrar a biblioteca jur\u00eddica;<br \/>\ngerenciar a documenta\u00e7\u00e3o recebida e emitida (fluxo documental) ;<br \/>\nimplantar procedimentos (em fase de defini\u00e7\u00e3o) e implementar pol\u00edtica<br \/>\nde gest\u00e3o documental (em fase de elabora\u00e7\u00e3o) para o arquivo corrente<br \/>\ne permanente;<br \/>\napoiar as pesquisas jur\u00eddicas e elaborar clipping a partir da<br \/>\nleitura de di\u00e1rios oficias e jornais de interesse do escrit\u00f3rio;<\/p>\n<p>\u00c9 necess\u00e1rio ter conhecimento em pacote Office, dom\u00ednio das<br \/>\ntecnologias de informa\u00e7\u00e3o aplicadas \u00e0 \u00e1rea, capacidade de<br \/>\ncomunica\u00e7\u00e3o, bom relacionamento interpessoal, capacidade gerencial,<br \/>\natitude pr\u00f3-ativa, inovadora e criativa.<br \/>\n\u00c9 desej\u00e1vel conhecimento de l\u00ednguas e experi\u00eancia anterior em<br \/>\nescrit\u00f3rio de advocacia.<br \/>\nO profissional ter\u00e1 de residir na cidade de Bebedouro \u0096 SP (pr\u00f3ximo a<br \/>\nRibeir\u00e3o Preto).<br \/>\nHor\u00e1rio de trabalho: 8:00 \u00e0s 18:00, com 1:30h de almo\u00e7o.<br \/>\nOs curr\u00edculos, com pretens\u00e3o salarial, devem ser enviados para<br \/>\n<a href=\"mailto:renaland@gmail.com\">renaland@gmail.com<\/a><\/p>\n","protected":false},"excerpt":{"rendered":"<p>Escrit\u00f3rio de advocacia de m\u00e9dio porte, com sede na cidade de Bebedouro-SP, busca profissional com forma\u00e7\u00e3o em Biblioteconomia e Ci\u00eancia da Informa\u00e7\u00e3o. O profissional dever\u00e1: Selecionar e implantar sistema de gest\u00e3o de acervo para a biblioteca; planejar, organizar e administrar a biblioteca jur\u00eddica; gerenciar a documenta\u00e7\u00e3o recebida e emitida (fluxo documental) ; implantar procedimentos (em &#8230; <a title=\"Bibliotec\u00e1rio para Centro de Documenta\u00e7\u00e3o (Arquivo e Biblioteca)\" class=\"read-more\" href=\"https:\/\/mundobibliotecario.com.br\/index.php\/2009\/01\/30\/bibliotecario-para-centro-de-documentacao-arquivo-e-biblioteca\/\" aria-label=\"Read more about Bibliotec\u00e1rio para Centro de Documenta\u00e7\u00e3o (Arquivo e Biblioteca)\">Ler mais<\/a><\/p>\n","protected":false},"author":1,"featured_media":0,"comment_status":"open","ping_status":"open","sticky":false,"template":"","format":"standard","meta":{"_mi_skip_tracking":false,"_exactmetrics_sitenote_active":false,"_exactmetrics_sitenote_note":"","_exactmetrics_sitenote_category":0,"_jetpack_newsletter_access":"","footnotes":""},"categories":[195],"tags":[220,221,196],"class_list":["post-328","post","type-post","status-publish","format-standard","hentry","category-emprego","tag-bebedouro-sp","tag-escritorio-de-advocacia","tag-vaga-para-bibliotecario"],"jetpack_featured_media_url":"","jetpack_sharing_enabled":true,"jetpack-related-posts":[{"id":1245,"url":"https:\/\/mundobibliotecario.com.br\/index.php\/2010\/04\/29\/curso-gratuito-o-profissional-da-informacao-na-area-juridica\/","url_meta":{"origin":328,"position":0},"title":"Curso gratuito &#8211; O PROFISSIONAL DA INFORMACAO NA AREA JUR\u00cdDICA","author":"mundobibliotecario","date":"29\/04\/2010","format":false,"excerpt":"Palestrante: Solange Simoes Ferreira do O, bibliotecaria formada pela USP, experiencia profissional de 20 anos na area Juridica atuando em escritorios de advocacia, entidades de classe, consultoria em organizacao de bibliotecas e arquivos. Atualmente,\u00a0 gerente do Nucleo de Pesquisa e Documentacao do escritorio Mattos Filho, Veiga Filho, Marrey Jr e\u2026","rel":"","context":"Em &quot;Curso&quot;","block_context":{"text":"Curso","link":"https:\/\/mundobibliotecario.com.br\/index.php\/category\/curso\/"},"img":{"alt_text":"","src":"","width":0,"height":0},"classes":[]},{"id":1279,"url":"https:\/\/mundobibliotecario.com.br\/index.php\/2010\/05\/23\/vaga-bibliotecario-em-escritorio-juridico\/","url_meta":{"origin":328,"position":1},"title":"Vaga Bibliotec\u00e1rio em escrit\u00f3rio jur\u00eddico","author":"mundobibliotecario","date":"23\/05\/2010","format":false,"excerpt":"Barbosa, M\u00fcssnich & Arag\u00e3o \u00e9 um escrit\u00f3rio de advocacia de grande porte com cerca de 650 integrantes, que est\u00e1 entre os 10 maiores do Brasil. O escrit\u00f3rio, fundado em 1995, est\u00e1 presente nas cidades do Rio de Janeiro, S\u00e3o Paulo, Bras\u00edlia e Belo Horizonte, atuando nos mais diversos campos do\u2026","rel":"","context":"Em &quot;Emprego&quot;","block_context":{"text":"Emprego","link":"https:\/\/mundobibliotecario.com.br\/index.php\/category\/emprego\/"},"img":{"alt_text":"","src":"","width":0,"height":0},"classes":[]},{"id":1512,"url":"https:\/\/mundobibliotecario.com.br\/index.php\/2010\/10\/13\/estagio-de-biblioteconomia-em-escritorio-de-advocacia\/","url_meta":{"origin":328,"position":2},"title":"Est\u00e1gio de biblioteconomia em escrit\u00f3rio de advocacia","author":"mundobibliotecario","date":"13\/10\/2010","format":false,"excerpt":"Empresa: BKBG Sociedade de Advogados Local: Itaim Bibi Ramo de Atividade: Escrit\u00f3rio Jur\u00eddico Vaga: Est\u00e1gio Escolaridade: 1\u00ba ano; 2\u00ba ano e 3\u00ba ano de Biblioteconomia Hor\u00e1rio: 10:00 \u00e0s 17:30 com 1h e 30m de almo\u00e7o (2\u00ba a 6\u00ba) Benef\u00edcios: VT+VR (R$ 18,00) + Seguro de Vida + 1\u00ba ano R$\u2026","rel":"","context":"Em &quot;Est\u00e1gio&quot;","block_context":{"text":"Est\u00e1gio","link":"https:\/\/mundobibliotecario.com.br\/index.php\/category\/estagio\/"},"img":{"alt_text":"","src":"","width":0,"height":0},"classes":[]},{"id":190,"url":"https:\/\/mundobibliotecario.com.br\/index.php\/2008\/11\/28\/guardar-papel-e-um-desafio-para-escritorios-de-advogados\/","url_meta":{"origin":328,"position":3},"title":"Guardar papel \u00e9 um desafio para escrit\u00f3rios de advogados","author":"mundobibliotecario","date":"28\/11\/2008","format":false,"excerpt":"CONSULTOR JUR\u00cdDICO, 15.11.08 Vis\u00e3o empresarial por Gl\u00e1ucia Milicio Os escrit\u00f3rios de advocacia est\u00e3o buscando no mundo empresarial solu\u00e7\u00f5es para economizar tempo e dinheiro e ganhar agilidade no trabalho. O desafio dos advogados \u00e9 lidar com as pilhas de processos, essenciais para o trabalho, mas que ocupam um grande espa\u00e7o f\u00edsico.\u2026","rel":"","context":"Em &quot;Not\u00edcias&quot;","block_context":{"text":"Not\u00edcias","link":"https:\/\/mundobibliotecario.com.br\/index.php\/category\/noticias\/"},"img":{"alt_text":"","src":"","width":0,"height":0},"classes":[]},{"id":618,"url":"https:\/\/mundobibliotecario.com.br\/index.php\/2009\/05\/11\/seminario-sobre-gestao-eletronica-de-documentos-tendencias-e-aplicacoes\/","url_meta":{"origin":328,"position":4},"title":"Semin\u00e1rio sobre Gest\u00e3o Eletr\u00f4nica de Documentos: Tend\u00eancias e Aplica\u00e7\u00f5es","author":"mundobibliotecario","date":"11\/05\/2009","format":false,"excerpt":"Vit\u00f3ria, Esp\u00edrito Santo Local do Evento: FAESA - Audit\u00f3rio - Av. Vit\u00f3ria - Vit\u00f3ria - ES Hor\u00e1rio do Evento: de 09:00 \u00e0s 17:30 horas 25 e 26 de junho de 2009 Palestra de abertura: Tend\u00eancias e mercado na implanta\u00e7\u00e3o de projetos de GED Metodologia para processos, organiza\u00e7\u00e3o documental e implanta\u00e7\u00e3o\u2026","rel":"","context":"Em &quot;Eventos&quot;","block_context":{"text":"Eventos","link":"https:\/\/mundobibliotecario.com.br\/index.php\/category\/eventos\/"},"img":{"alt_text":"","src":"","width":0,"height":0},"classes":[]},{"id":4966,"url":"https:\/\/mundobibliotecario.com.br\/index.php\/2018\/08\/05\/mesas-redondas-sinbiesp-na-25a-bienal-2018\/","url_meta":{"origin":328,"position":5},"title":"Mesas redondas SinBiesp na 25\u00aa Bienal 2018","author":"mundobibliotecario","date":"05\/08\/2018","format":false,"excerpt":"DIA 07\/08\/2018 Ter\u00e7a-feira \u2013 14:30 hs \u00e1s 16:00hs \u00a0Abertura da primeira mesa redonda da programa\u00e7\u00e3o do SinBiesp Vera Stefanov\u00a0\u00a0\u2013 Consultora\u00a0da\u00a0 Bibliotec Gerenciamento da Informa\u00e7\u00e3o, criada em \u00a01989 e respons\u00e1vel\u00a0por desvendar o mercado com implanta\u00e7\u00e3o de bibliotecas nos mais diversos ramos de atividade.\u00a0Presidente do Sindicato dos Bibliotec\u00e1rios do Estado de S\u00e3o\u2026","rel":"","context":"Em &quot;Not\u00edcias&quot;","block_context":{"text":"Not\u00edcias","link":"https:\/\/mundobibliotecario.com.br\/index.php\/category\/noticias\/"},"img":{"alt_text":"","src":"","width":0,"height":0},"classes":[]}],"jetpack_likes_enabled":true,"jetpack_shortlink":"https:\/\/wp.me\/pcbzwa-5i","_links":{"self":[{"href":"https:\/\/mundobibliotecario.com.br\/index.php\/wp-json\/wp\/v2\/posts\/328","targetHints":{"allow":["GET"]}}],"collection":[{"href":"https:\/\/mundobibliotecario.com.br\/index.php\/wp-json\/wp\/v2\/posts"}],"about":[{"href":"https:\/\/mundobibliotecario.com.br\/index.php\/wp-json\/wp\/v2\/types\/post"}],"author":[{"embeddable":true,"href":"https:\/\/mundobibliotecario.com.br\/index.php\/wp-json\/wp\/v2\/users\/1"}],"replies":[{"embeddable":true,"href":"https:\/\/mundobibliotecario.com.br\/index.php\/wp-json\/wp\/v2\/comments?post=328"}],"version-history":[{"count":0,"href":"https:\/\/mundobibliotecario.com.br\/index.php\/wp-json\/wp\/v2\/posts\/328\/revisions"}],"wp:attachment":[{"href":"https:\/\/mundobibliotecario.com.br\/index.php\/wp-json\/wp\/v2\/media?parent=328"}],"wp:term":[{"taxonomy":"category","embeddable":true,"href":"https:\/\/mundobibliotecario.com.br\/index.php\/wp-json\/wp\/v2\/categories?post=328"},{"taxonomy":"post_tag","embeddable":true,"href":"https:\/\/mundobibliotecario.com.br\/index.php\/wp-json\/wp\/v2\/tags?post=328"}],"curies":[{"name":"wp","href":"https:\/\/api.w.org\/{rel}","templated":true}]}}