{"id":3292,"date":"2013-11-08T09:13:05","date_gmt":"2013-11-08T12:13:05","guid":{"rendered":"http:\/\/mundobibliotecario.wordpress.com\/?p=3292"},"modified":"2020-07-22T09:41:49","modified_gmt":"2020-07-22T12:41:49","slug":"casa-de-dona-yaya-recebe-jornada-sobre-fotografia-e-acervos-fotograficos","status":"publish","type":"post","link":"https:\/\/mundobibliotecario.com.br\/index.php\/2013\/11\/08\/casa-de-dona-yaya-recebe-jornada-sobre-fotografia-e-acervos-fotograficos\/","title":{"rendered":"Casa de Dona Yay\u00e1 recebe jornada sobre fotografia e acervos fotogr\u00e1ficos"},"content":{"rendered":"<p><em>Da Ag\u00eancia USP de Not\u00edcias<\/em><\/p>\n<p>Nos dias 26 e 27 de novembro, das 9 \u00e0s 17 horas, na Casa de Dona Yay\u00e1, sede do Centro de Preserva\u00e7\u00e3o Cultural (CPC) da USP, ser\u00e1 realizada a\u00a0<em>Jornada CPC acervos fotogr\u00e1ficos: conserva\u00e7\u00e3o e pesquisa<\/em>.<\/p>\n<p>O evento contar\u00e1 com um total de cinco palestras gratuitas sobre fotografia. Por\u00e9m, \u00e9 necess\u00e1ria uma pr\u00e9-inscri\u00e7\u00e3o, que pode ser feita\u00a0<a href=\"https:\/\/docs.google.com\/forms\/d\/1ZHEe9injeEjkNyUY6Ya2hcUtN8ekOKa-jhMhL-zeQio\/viewform?edit_requested=true\" target=\"_blank\" rel=\"noopener noreferrer\">neste link<\/a>\u00a0at\u00e9 o dia 17 de novembro.<\/p>\n<div>\n<div>\n<div>Casa de Dona Yay\u00e1 recebe jornada sobre fotografia e acervos fotogr\u00e1ficos<\/div>\n<div>\n<p>O evento contar\u00e1 com um total de cinco palestras gratuitas sobre fotografia.<\/p>\n<\/div>\n<table width=\"470\" border=\"0\" cellspacing=\"1\" cellpadding=\"2\">\n<tbody>\n<tr>\n<td align=\"right\" width=\"130\">Data<img decoding=\"async\" alt=\"data\" src=\"http:\/\/www.eventos.usp.br\/wp-content\/themes\/eventos2011b\/images\/evento-data-ico.png\" \/><\/td>\n<td>26\/11\/13 | 09:00 &#8211; 17:00<br \/>\n27\/11\/13 | 09:00 &#8211; 17:00<\/td>\n<\/tr>\n<tr>\n<td align=\"right\" width=\"130\">Tipo de Evento<img decoding=\"async\" alt=\"data\" src=\"http:\/\/www.eventos.usp.br\/wp-content\/themes\/eventos2011b\/images\/evento-tipo-ico.png\" \/><\/td>\n<td>Outros<\/td>\n<\/tr>\n<tr>\n<td align=\"right\">Site<img decoding=\"async\" alt=\"data\" src=\"http:\/\/www.eventos.usp.br\/wp-content\/themes\/eventos2011b\/images\/evento-site-ico.png\" \/><\/td>\n<td><\/td>\n<\/tr>\n<\/tbody>\n<\/table>\n<table width=\"470\" border=\"0\" cellspacing=\"1\" cellpadding=\"2\">\n<tbody>\n<tr>\n<td align=\"right\" width=\"130\">Investimento<img decoding=\"async\" alt=\"data\" src=\"http:\/\/www.eventos.usp.br\/wp-content\/themes\/eventos2011b\/images\/evento-investimento-ico.png\" \/><\/td>\n<td><strong>Evento Gratuito<\/strong><\/td>\n<\/tr>\n<tr>\n<td align=\"right\" width=\"130\">Inscri\u00e7\u00e3o<img decoding=\"async\" alt=\"data\" src=\"http:\/\/www.eventos.usp.br\/wp-content\/themes\/eventos2011b\/images\/evento-inscricao-ico.png\" \/><\/td>\n<td><strong>Inscri\u00e7\u00e3o Pr\u00e9via Obrigat\u00f3ria<\/strong><br \/>\n13\/11\/2013 &#8211; 17\/11\/2013<br \/>\nPr\u00e9-inscri\u00e7\u00e3o, que pode ser feita\u00a0<a href=\"https:\/\/docs.google.com\/forms\/d\/1ZHEe9injeEjkNyUY6Ya2hcUtN8ekOKa-jhMhL-zeQio\/viewform?edit_requested=true\" target=\"_blank\" rel=\"noopener noreferrer\">neste link<\/a><\/td>\n<\/tr>\n<\/tbody>\n<\/table>\n<table width=\"470\" border=\"0\" cellspacing=\"1\" cellpadding=\"2\">\n<tbody>\n<tr>\n<td align=\"right\" width=\"130\">Local<img decoding=\"async\" alt=\"data\" src=\"http:\/\/www.eventos.usp.br\/wp-content\/themes\/eventos2011b\/images\/evento-mais-info-ico.png\" \/><\/td>\n<td><strong>Capital\u00a0<img decoding=\"async\" alt=\"\" src=\"http:\/\/www.eventos.usp.br\/wp-content\/themes\/eventos2011b\/images\/mais.png\" border=\"0\" \/><br \/>\nCasa de Dona Yay\u00e1 &#8211; CPC\u00a0<img decoding=\"async\" alt=\"\" src=\"http:\/\/www.eventos.usp.br\/wp-content\/themes\/eventos2011b\/images\/mais.png\" border=\"0\" \/><br \/>\n<\/strong><\/td>\n<\/tr>\n<tr>\n<td align=\"right\" width=\"130\">Endere\u00e7o<img decoding=\"async\" alt=\"data\" src=\"http:\/\/www.eventos.usp.br\/wp-content\/themes\/eventos2011b\/images\/evento-endereco-ico.png\" \/><\/td>\n<td>Rua Major Diogo, 353, Bela Vista &#8211; S\u00e3o Paulo &#8211; SP<\/td>\n<\/tr>\n<\/tbody>\n<\/table>\n<table width=\"470\" border=\"0\" cellspacing=\"1\" cellpadding=\"2\">\n<tbody>\n<tr>\n<td align=\"right\" width=\"130\">Importante<img decoding=\"async\" alt=\"data\" src=\"http:\/\/www.eventos.usp.br\/wp-content\/themes\/eventos2011b\/images\/import.gif\" \/><\/td>\n<td>As informa\u00e7\u00f5es foram checadas na data de sua publica\u00e7\u00e3o, mas pode haver altera\u00e7\u00f5es ou cancelamentos. Recomendamos entrar em contato com a organiza\u00e7\u00e3o do evento para confirma\u00e7\u00e3o.<\/td>\n<\/tr>\n<\/tbody>\n<\/table>\n<div><a href=\"http:\/\/maps.google.com.br\/maps?q=-23.554674,+-46.642992+%28Rua%20Major%20Diogo,%20353,%20Bela%20Vista%20-%20S%C3%A3o%20Paulo%20-%20SP%29&amp;z=17&amp;iwloc=&amp;hl=pt-br\" target=\"_blank\" rel=\"noopener noreferrer\"><\/a><\/div>\n<\/div>\n<\/div>\n<p>Dispon\u00edvel em: &lt;http:\/\/www.eventos.usp.br\/?events=casa-de-dona-yaya-recebe-jornada-sobre-fotografia-e-acervos-fotograficos&gt;. Acesso em: 8 nov. 2013.<\/p>\n","protected":false},"excerpt":{"rendered":"<p>Da Ag\u00eancia USP de Not\u00edcias Nos dias 26 e 27 de novembro, das 9 \u00e0s 17 horas, na Casa de Dona Yay\u00e1, sede do Centro de Preserva\u00e7\u00e3o Cultural (CPC) da USP, ser\u00e1 realizada a\u00a0Jornada CPC acervos fotogr\u00e1ficos: conserva\u00e7\u00e3o e pesquisa. O evento contar\u00e1 com um total de cinco palestras gratuitas sobre fotografia. Por\u00e9m, \u00e9 necess\u00e1ria &#8230; <a title=\"Casa de Dona Yay\u00e1 recebe jornada sobre fotografia e acervos fotogr\u00e1ficos\" class=\"read-more\" href=\"https:\/\/mundobibliotecario.com.br\/index.php\/2013\/11\/08\/casa-de-dona-yaya-recebe-jornada-sobre-fotografia-e-acervos-fotograficos\/\" aria-label=\"Read more about Casa de Dona Yay\u00e1 recebe jornada sobre fotografia e acervos fotogr\u00e1ficos\">Ler mais<\/a><\/p>\n","protected":false},"author":1,"featured_media":0,"comment_status":"open","ping_status":"open","sticky":false,"template":"","format":"standard","meta":{"_mi_skip_tracking":false,"_exactmetrics_sitenote_active":false,"_exactmetrics_sitenote_note":"","_exactmetrics_sitenote_category":0,"_jetpack_newsletter_access":"","footnotes":""},"categories":[27],"tags":[1108,679],"class_list":["post-3292","post","type-post","status-publish","format-standard","hentry","category-eventos","tag-acervo-fotografico","tag-fotografia"],"jetpack_featured_media_url":"","jetpack_sharing_enabled":true,"jetpack-related-posts":[{"id":867,"url":"https:\/\/mundobibliotecario.com.br\/index.php\/2009\/09\/16\/13%c2%ba-curso-informativo-sobre-preservacao-de-acervos-bibliograficos-documentais-2009\/","url_meta":{"origin":3292,"position":0},"title":"13\u00ba Curso Informativo sobre Preserva\u00e7\u00e3o de Acervos Bibliogr\u00e1ficos &#038; Documentais 2009","author":"mundobibliotecario","date":"16\/09\/2009","format":false,"excerpt":"Programa\u00e7\u00e3o: O Curso Informativo sobre Preserva\u00e7\u00e3o comp\u00f5e-se de duas etapas. O certificado s\u00f3 ser\u00e1 fornecido aos participantes que cumprirem as duas etapas. 1\u00ba etapa: Per\u00edodo \/ Hor\u00e1rio \/ Local: De 19 a 23 de outubro, Segunda e Sexta: das 13 \u00e0s 18h. Ter\u00e7a e Quinta:\u00a0\u00a0 das 9 \u00e0s 18h. Quarta:\u2026","rel":"","context":"Em &quot;Eventos&quot;","block_context":{"text":"Eventos","link":"https:\/\/mundobibliotecario.com.br\/index.php\/category\/eventos\/"},"img":{"alt_text":"","src":"","width":0,"height":0},"classes":[]},{"id":3572,"url":"https:\/\/mundobibliotecario.com.br\/index.php\/2014\/09\/11\/evento-no-icmc-marca-40-anos-da-biblioteca-achille-bassi\/","url_meta":{"origin":3292,"position":1},"title":"Evento no ICMC marca 40 anos da Biblioteca Achille Bassi","author":"mundobibliotecario","date":"11\/09\/2014","format":false,"excerpt":"Palestra, homenagem e exposi\u00e7\u00e3o fazem parte da comemora\u00e7\u00e3o dos 40 anos de uma das maiores bibliotecas do pa\u00eds na \u00e1rea de matem\u00e1tica \u00a0 Biblioteca possui hoje o terceiro maior acervo do pa\u00eds na \u00e1rea de matem\u00e1tica A hist\u00f3ria do terceiro maior acervo do Brasil na \u00e1rea de matem\u00e1tica come\u00e7ou a\u2026","rel":"","context":"Em &quot;Eventos&quot;","block_context":{"text":"Eventos","link":"https:\/\/mundobibliotecario.com.br\/index.php\/category\/eventos\/"},"img":{"alt_text":"","src":"https:\/\/images-blogger-opensocial.googleusercontent.com\/gadgets\/proxy?url=http%3A%2F%2F1.bp.blogspot.com%2F-bXzTP9sLDy8%2FVA4Hr0J66uI%2FAAAAAAAACGg%2FdUbmjZuK7Q4%2Fs1600%2FICMC-54.jpg&container=blogger&gadget=a&rewriteMime=image%2F*","width":350,"height":200},"classes":[]},{"id":900,"url":"https:\/\/mundobibliotecario.com.br\/index.php\/2009\/10\/07\/semana-inaugural-arquivo-publico-e-historico-de-sao-carlos\/","url_meta":{"origin":3292,"position":2},"title":"SEMANA INAUGURAL \u2013 Arquivo P\u00fablico e Hist\u00f3rico de S\u00e3o Carlos","author":"mundobibliotecario","date":"07\/10\/2009","format":false,"excerpt":"FUNDA\u00c7\u00c3O PR\u00d3-MEM\u00d3RIA DE S\u00c3O CARLOS Data: 19 a 23\/10 \u2013 Local: Audit\u00f3rio \u201cOctavio Damiano\u201d \u2013 Esta\u00e7\u00e3o Cultura Pra\u00e7a Ant\u00f4nio Prado, s\/n \u2013 Centro \u2013 Antiga Esta\u00e7\u00e3o Ferrovi\u00e1ria Inscri\u00e7\u00f5es at\u00e9 16\/10 pelo e-mail: arquivo.fpm@saocarlos.sp.gov.br ou Tel.: (16) 3373.2700 (Mencionar a palestra\/mesa redonda que ir\u00e1 participar) Programa\u00e7\u00e3o segunda-feira (19\/10) 9h - Credenciamento\u2026","rel":"","context":"Em &quot;Eventos&quot;","block_context":{"text":"Eventos","link":"https:\/\/mundobibliotecario.com.br\/index.php\/category\/eventos\/"},"img":{"alt_text":"","src":"","width":0,"height":0},"classes":[]},{"id":3294,"url":"https:\/\/mundobibliotecario.com.br\/index.php\/2013\/11\/08\/sibi-e-museu-de-itu-lancam-biblioteca-digital-de-jornais-dos-seculos-xix-e-xx\/","url_meta":{"origin":3292,"position":3},"title":"SIBi e Museu de Itu lan\u00e7am Biblioteca Digital de Jornais dos S\u00e9culos XIX e XX","author":"mundobibliotecario","date":"08\/11\/2013","format":false,"excerpt":"Da Ag\u00eancia USP de Not\u00edcias No dia 16 de novembro, \u00e0s 10 horas, haver\u00e1 o lan\u00e7amento da\u00a0Biblioteca Digital de Jornais dos S\u00e9culos XIX e XX, resultado da parceria entre o Sistema Integrado de Bibliotecas (SIBi), o Museu Paulista (MP) e o Museu Republicano Conven\u00e7\u00e3o de Itu (MRCI) da USP. O\u2026","rel":"","context":"Em &quot;Eventos&quot;","block_context":{"text":"Eventos","link":"https:\/\/mundobibliotecario.com.br\/index.php\/category\/eventos\/"},"img":{"alt_text":"","src":"","width":0,"height":0},"classes":[]},{"id":2499,"url":"https:\/\/mundobibliotecario.com.br\/index.php\/2012\/03\/17\/memoria-informacao\/","url_meta":{"origin":3292,"position":4},"title":"Mem\u00f3ria e Informa\u00e7\u00e3o","author":"mundobibliotecario","date":"17\/03\/2012","format":false,"excerpt":"O projeto Mem\u00f3ria & Informa\u00e7\u00e3o, que promove palestras sobre estudos e pesquisas\u00a0nas \u00e1reas de mem\u00f3ria, documenta\u00e7\u00e3o, preserva\u00e7\u00e3o e informa\u00e7\u00e3o, est\u00e1 de volta\u00a0em seu 9\u00ba ano de atividades. No dia 21 de mar\u00e7o, \u00e0s 14h30, a s\u00e9rie receber\u00e1 o\u00a0professor doutor Pedro Puntoni, que ministrar\u00e1 a palestra \"Plataforma Corisco: um\u00a0novo tema para\u2026","rel":"","context":"Em &quot;Eventos&quot;","block_context":{"text":"Eventos","link":"https:\/\/mundobibliotecario.com.br\/index.php\/category\/eventos\/"},"img":{"alt_text":"","src":"","width":0,"height":0},"classes":[]},{"id":1458,"url":"https:\/\/mundobibliotecario.com.br\/index.php\/2010\/09\/18\/palestra-arquivamento-do-passado-para-o-futuro-modernos-metodos-de-preservacao-de-acervos-de-bibliotecas-o-centro-de-digitalizacao-da-biblioteca-estadual-da-baviera\/","url_meta":{"origin":3292,"position":5},"title":"Palestra: Arquivamento do passado para o futuro: modernos m\u00e9todos de preserva\u00e7\u00e3o de acervos de bibliotecas &#8211; O Centro de Digitaliza\u00e7\u00e3o da Biblioteca Estadual da Baviera","author":"mundobibliotecario","date":"18\/09\/2010","format":false,"excerpt":"O Goethe-Institut S\u00e3o Paulo, com o apoio da Funda\u00e7\u00e3o Memorial da Am\u00e9rica Latina promove a palestra : Arquivamento do passado para o futuro: modernos m\u00e9todos de preserva\u00e7\u00e3o de acervos de bibliotecas - O Centro de Digitaliza\u00e7\u00e3o da Biblioteca Estadual da Baviera Desde 1997, o Centro de Digitaliza\u00e7\u00e3o da Biblioteca Estadual\u2026","rel":"","context":"Em &quot;Eventos&quot;","block_context":{"text":"Eventos","link":"https:\/\/mundobibliotecario.com.br\/index.php\/category\/eventos\/"},"img":{"alt_text":"","src":"","width":0,"height":0},"classes":[]}],"jetpack_likes_enabled":true,"jetpack_shortlink":"https:\/\/wp.me\/pcbzwa-R6","_links":{"self":[{"href":"https:\/\/mundobibliotecario.com.br\/index.php\/wp-json\/wp\/v2\/posts\/3292","targetHints":{"allow":["GET"]}}],"collection":[{"href":"https:\/\/mundobibliotecario.com.br\/index.php\/wp-json\/wp\/v2\/posts"}],"about":[{"href":"https:\/\/mundobibliotecario.com.br\/index.php\/wp-json\/wp\/v2\/types\/post"}],"author":[{"embeddable":true,"href":"https:\/\/mundobibliotecario.com.br\/index.php\/wp-json\/wp\/v2\/users\/1"}],"replies":[{"embeddable":true,"href":"https:\/\/mundobibliotecario.com.br\/index.php\/wp-json\/wp\/v2\/comments?post=3292"}],"version-history":[{"count":8,"href":"https:\/\/mundobibliotecario.com.br\/index.php\/wp-json\/wp\/v2\/posts\/3292\/revisions"}],"predecessor-version":[{"id":7520,"href":"https:\/\/mundobibliotecario.com.br\/index.php\/wp-json\/wp\/v2\/posts\/3292\/revisions\/7520"}],"wp:attachment":[{"href":"https:\/\/mundobibliotecario.com.br\/index.php\/wp-json\/wp\/v2\/media?parent=3292"}],"wp:term":[{"taxonomy":"category","embeddable":true,"href":"https:\/\/mundobibliotecario.com.br\/index.php\/wp-json\/wp\/v2\/categories?post=3292"},{"taxonomy":"post_tag","embeddable":true,"href":"https:\/\/mundobibliotecario.com.br\/index.php\/wp-json\/wp\/v2\/tags?post=3292"}],"curies":[{"name":"wp","href":"https:\/\/api.w.org\/{rel}","templated":true}]}}