{"id":3349,"date":"2013-12-11T22:58:16","date_gmt":"2013-12-12T01:58:16","guid":{"rendered":"http:\/\/mundobibliotecario.wordpress.com\/?p=3349"},"modified":"2013-12-11T22:58:16","modified_gmt":"2013-12-12T01:58:16","slug":"a-mestra-com-carinho","status":"publish","type":"post","link":"https:\/\/mundobibliotecario.com.br\/index.php\/2013\/12\/11\/a-mestra-com-carinho\/","title":{"rendered":"\u00c0 Mestra, com carinho"},"content":{"rendered":"<p>Foi com extremo pesar que a comunidade bibliotec\u00e1ria recebeu a not\u00edcia de que nesta madrugada faleceu a <a href=\"http:\/\/buscatextual.cnpq.br\/buscatextual\/visualizacv.do?id=K4778330U6\">Prof\u00aa Vera Boccato<\/a>.<\/p>\n<p><span style=\"line-height:1.7;\">Bibliotec\u00e1ria da USP por 27 anos e docente do curso de Biblioteconomia e Ci\u00eancia da Informa\u00e7\u00e3o e do programa de p\u00f3s-gradua\u00e7\u00e3o em Ci\u00eancia, Tecnologia e Sociedade, ambos da UFSCar, Prof\u00aa Vera tratava seus alunos como seus &#8220;colegas bibliotec\u00e1rios&#8221; e tamb\u00e9m costumava dizer\u00a0<\/span><span style=\"line-height:1.7;\">que &#8220;O bibliotec\u00e1rio \u00e9 um pesquisador nato.&#8221;. De fato, Prof\u00aa Vera foi um exemplo dos dois. Enquanto bibliotec\u00e1ria, desenvolveu trabalhos importantes\u00a0com o Vocabul\u00e1rio USP, a elabora\u00e7\u00e3o da Bibliografia Brasileira de Odontologia, dentre outros exemplos. J\u00e1 enquanto pesquisadora,\u00a0<\/span>apaixonada<span style=\"line-height:1.7;\">\u00a0que era pela Biblioteconomia,\u00a0Prof\u00aa Vera n\u00e3o media esfor\u00e7os para que tudo sa\u00edsse conforme o planejado, fosse nas suas aulas, fosse na aten\u00e7\u00e3o e dedica\u00e7\u00e3o despendida a todos os seus orientandos de inicia\u00e7\u00e3o cient\u00edfica e de trabalho de conclus\u00e3o de curso.<\/span><\/p>\n<p>Por onde passou, Prof\u00aa Vera deixou sua marca. Enquanto que na USP deu sua valiosa contribui\u00e7\u00e3o para a constru\u00e7\u00e3o e aperfei\u00e7oamento do Vocabul\u00e1rio USP, que hoje \u00e9 modelo no Brasil, na UFSCar desenvolveu projetos, ministrou aulas e criou o grupo <a href=\"http:\/\/petbciufscar.wordpress.com\/\">PET BCI UFSCar<\/a>, sendo sua primeira tutora e deixando um legado inestim\u00e1vel que vem rendendo cada vez mais frutos. Al\u00e9m disso, em seus estudos de mestrado e doutorado na UNESP de Mar\u00edlia, tamb\u00e9m contribuiu para o aperfei\u00e7oamento do Bibliodata. Prof\u00aa Vera j\u00e1 tinha cursos programados para ministrar na FEBAB e outras institui\u00e7\u00f5es. Lamentavelmente, por\u00e9m, n\u00e3o houve tempo para que outros bibliotec\u00e1rios pudessem desfrutar de seu acervo de conhecimentos.<\/p>\n<p>Por tudo isso, Prof\u00aa Vera, pe\u00e7o licen\u00e7a aos nossos colegas bibliotec\u00e1rios (profissionais, alunos e aspirantes a bibliotec\u00e1rio) por ter marcado t\u00e3o fortemente nossa forma\u00e7\u00e3o, meu muito obrigado em nome de todos. N\u00e3o se pode descrever em palavras a lacuna que a Biblioteconomia sofre com sua perda. O que nos resta, por\u00e9m, Mestra, \u00e9 te agradecer de cora\u00e7\u00e3o pelo conhecimento transmitido e as li\u00e7\u00f5es ensinadas. Que por onde passaremos possamos seguir seu exemplo e deixar marcas que fa\u00e7am a diferen\u00e7a nos ambientes em que atuarmos!<\/p>\n<p>Mestra, MUITO OBRIGADO!<\/p>\n","protected":false},"excerpt":{"rendered":"<p>Foi com extremo pesar que a comunidade bibliotec\u00e1ria recebeu a not\u00edcia de que nesta madrugada faleceu a Prof\u00aa Vera Boccato. Bibliotec\u00e1ria da USP por 27 anos e docente do curso de Biblioteconomia e Ci\u00eancia da Informa\u00e7\u00e3o e do programa de p\u00f3s-gradua\u00e7\u00e3o em Ci\u00eancia, Tecnologia e Sociedade, ambos da UFSCar, Prof\u00aa Vera tratava seus alunos como &#8230; <a title=\"\u00c0 Mestra, com carinho\" class=\"read-more\" href=\"https:\/\/mundobibliotecario.com.br\/index.php\/2013\/12\/11\/a-mestra-com-carinho\/\" aria-label=\"Read more about \u00c0 Mestra, com carinho\">Ler mais<\/a><\/p>\n","protected":false},"author":1,"featured_media":0,"comment_status":"open","ping_status":"open","sticky":false,"template":"","format":"standard","meta":{"_mi_skip_tracking":false,"_exactmetrics_sitenote_active":false,"_exactmetrics_sitenote_note":"","_exactmetrics_sitenote_category":0,"_jetpack_newsletter_access":"","footnotes":""},"categories":[60],"tags":[1007,1694],"class_list":["post-3349","post","type-post","status-publish","format-standard","hentry","category-noticias","tag-nota-de-falecimento","tag-profa-vera-boccato"],"jetpack_featured_media_url":"","jetpack_sharing_enabled":true,"jetpack-related-posts":[{"id":3740,"url":"https:\/\/mundobibliotecario.com.br\/index.php\/2015\/06\/12\/inauguracao-do-predio-novo-do-dciufscar-e-da-sala-profa-dra-vera-regina-casari-boccato\/","url_meta":{"origin":3349,"position":0},"title":"Inaugura\u00e7\u00e3o do pr\u00e9dio novo do DCI\/UFSCar e da Sala Prof\u00aa Dr\u00aa Vera Regina Casari Boccato","author":"mundobibliotecario","date":"12\/06\/2015","format":false,"excerpt":"Ontem, 11\/06, foi inaugurado o pr\u00e9dio novo de Departamento de Ci\u00eancia da Informa\u00e7\u00e3o da Universidade Federal de S\u00e3o Carlos (DCI\/UFSCar). Al\u00e9m disso, foi prestada uma bela homenagem \u00e0 fundadora do Programa de Educa\u00e7\u00e3o Tutorial (PET) do curso de Biblioteconomia e Ci\u00eancia da Informa\u00e7\u00e3o da mesma Universidade, Prof\u00aa Dr\u00aa Vera Regina\u2026","rel":"","context":"Em &quot;Not\u00edcias&quot;","block_context":{"text":"Not\u00edcias","link":"https:\/\/mundobibliotecario.com.br\/index.php\/category\/noticias\/"},"img":{"alt_text":"","src":"","width":0,"height":0},"classes":[]},{"id":9522,"url":"https:\/\/mundobibliotecario.com.br\/index.php\/2021\/10\/18\/biblioteca-municipal-da-escola-janete-maria-martinelli-lia-e-nomeada-biblioteca-municipal-professora-vera-regina-casari-boccato\/","url_meta":{"origin":3349,"position":1},"title":"Biblioteca municipal da escola &#8220;Janete Maria Martinelli Lia&#8221; \u00e9 nomeada Biblioteca Municipal &#8220;Professora Vera Regina Casari Boccato&#8221;","author":"mundobibliotecario","date":"18\/10\/2021","format":false,"excerpt":"Cr\u00e9dito: PET BCI No dia 14 de junho, a Prefeitura Municipal de S\u00e3o Carlos aprovou a lei n\u00ba 20.149 que denomina a Biblioteca Municipal localizada anexa \u00e0 EMEB \u201cJanete Maria Martinelli Lia\u201d de Biblioteca Municipal \u201cProfessora Vera Regina Casari Boccato\u201dA Profa. Vera foi a grande idealizadora da cria\u00e7\u00e3o do Programa\u2026","rel":"","context":"Em &quot;Not\u00edcias&quot;","block_context":{"text":"Not\u00edcias","link":"https:\/\/mundobibliotecario.com.br\/index.php\/category\/noticias\/"},"img":{"alt_text":"","src":"https:\/\/i0.wp.com\/mundobibliotecario.com.br\/wp-content\/uploads\/2021\/10\/vera.jpg?resize=350%2C200&ssl=1","width":350,"height":200},"classes":[]},{"id":2177,"url":"https:\/\/mundobibliotecario.com.br\/index.php\/2011\/09\/06\/palestra-conservacao-preservacao-e-pesquisa\/","url_meta":{"origin":3349,"position":2},"title":"Palestra &#8211; Conserva\u00e7\u00e3o, preserva\u00e7\u00e3o e pesquisa","author":"mundobibliotecario","date":"06\/09\/2011","format":false,"excerpt":"Divulgando evento recebido por e-mail. Desde j\u00e1, parab\u00e9ns ao PET - BCI UFSCar! ********** Prezados(as) colegas! O Programa de Educa\u00e7\u00e3o Tutorial em Biblioteconomia e Ci\u00eancia da Informa\u00e7\u00e3o da UFSCar (PET - BCI UFSCar) tem a honra de convid\u00e1-los a participar de nosso Semin\u00e1rio de Car\u00e1ter T\u00e9cnico Cientifico sobre \u201cConserva\u00e7\u00e3o, preserva\u00e7\u00e3o\u2026","rel":"","context":"Em &quot;Eventos&quot;","block_context":{"text":"Eventos","link":"https:\/\/mundobibliotecario.com.br\/index.php\/category\/eventos\/"},"img":{"alt_text":"","src":"","width":0,"height":0},"classes":[]},{"id":2758,"url":"https:\/\/mundobibliotecario.com.br\/index.php\/2012\/11\/22\/nota-de-falecimento-profa-rosa-maria-correa\/","url_meta":{"origin":3349,"position":3},"title":"Nota de falecimento &#8211; Prof\u00aa Rosa Maria Correa","author":"mundobibliotecario","date":"22\/11\/2012","format":false,"excerpt":"\u00c9 com pesar que ontem recebi a mensagem abaixo, via Grupo de Informa\u00e7\u00e3o e Documenta\u00e7\u00e3o Jur\u00eddica de S\u00e3o Paulo (GIDJ SP). \"\u00c9 com muito pesar que comunico o falecimento da Prof\u00aa. Rosa Maria Correa, ocorrido no dia 18\/11. Prof\u00aa Rosa Correa, Bibliotec\u00e1ria, especialista em Museologia, mestre em Ci\u00eancia da Informa\u00e7\u00e3o,\u2026","rel":"","context":"Em &quot;Not\u00edcias&quot;","block_context":{"text":"Not\u00edcias","link":"https:\/\/mundobibliotecario.com.br\/index.php\/category\/noticias\/"},"img":{"alt_text":"","src":"","width":0,"height":0},"classes":[]},{"id":2736,"url":"https:\/\/mundobibliotecario.com.br\/index.php\/2012\/10\/13\/departamento-de-ciencia-da-informacao-promove-eventos-que-discutem-o-papel-de-bibliotecas-escolares-e-bibliotecas-publicas-e-comunitarias\/","url_meta":{"origin":3349,"position":4},"title":"Departamento de Ci\u00eancia da Informa\u00e7\u00e3o promove eventos que discutem o papel de bibliotecas escolares e bibliotecas p\u00fablicas e comunit\u00e1rias","author":"mundobibliotecario","date":"13\/10\/2012","format":false,"excerpt":"No dia 19 de outubro, sexta-feira, ser\u00e1 discutida na UFSCar a fun\u00e7\u00e3o de bibliotecas e bibliotec\u00e1rios em dois eventos promovidos pelo Departamento de Ci\u00eancia da Informa\u00e7\u00e3o da UFSCar. Das 9h \u00e0s 17h, o evento \"Biblioteca escolar, reencontro da Biblioteca com a escola\"discutir\u00e1 os desdobramentos da implementa\u00e7\u00e3o da Lei n.1244\/2010, que\u2026","rel":"","context":"Em &quot;Eventos&quot;","block_context":{"text":"Eventos","link":"https:\/\/mundobibliotecario.com.br\/index.php\/category\/eventos\/"},"img":{"alt_text":"","src":"","width":0,"height":0},"classes":[]},{"id":1295,"url":"https:\/\/mundobibliotecario.com.br\/index.php\/2010\/06\/02\/ii-encontro-internacional-de-biblioteca-escolar\/","url_meta":{"origin":3349,"position":5},"title":"II Encontro Internacional de Biblioteca Escolar","author":"mundobibliotecario","date":"02\/06\/2010","format":false,"excerpt":"II ENCONTRO INTERNACIONAL DE BIBLIOTECA ESCOLAR: Bibliotec\u00e1rios, Leituras e Leitores em Movimento Dias: 23, 24 e 25 de junho de 2010 Local: USP \u2013 Ribeir\u00e3o Preto Inscri\u00e7\u00f5es: de 31 de maio \u00e0 18 de junho de 2010 Apresenta\u00e7\u00e3o de p\u00f4ster: enviar resumo informativo at\u00e9 13 de junho 2010 para o\u2026","rel":"","context":"Em &quot;Eventos&quot;","block_context":{"text":"Eventos","link":"https:\/\/mundobibliotecario.com.br\/index.php\/category\/eventos\/"},"img":{"alt_text":"","src":"","width":0,"height":0},"classes":[]}],"jetpack_likes_enabled":true,"jetpack_shortlink":"https:\/\/wp.me\/pcbzwa-S1","_links":{"self":[{"href":"https:\/\/mundobibliotecario.com.br\/index.php\/wp-json\/wp\/v2\/posts\/3349","targetHints":{"allow":["GET"]}}],"collection":[{"href":"https:\/\/mundobibliotecario.com.br\/index.php\/wp-json\/wp\/v2\/posts"}],"about":[{"href":"https:\/\/mundobibliotecario.com.br\/index.php\/wp-json\/wp\/v2\/types\/post"}],"author":[{"embeddable":true,"href":"https:\/\/mundobibliotecario.com.br\/index.php\/wp-json\/wp\/v2\/users\/1"}],"replies":[{"embeddable":true,"href":"https:\/\/mundobibliotecario.com.br\/index.php\/wp-json\/wp\/v2\/comments?post=3349"}],"version-history":[{"count":0,"href":"https:\/\/mundobibliotecario.com.br\/index.php\/wp-json\/wp\/v2\/posts\/3349\/revisions"}],"wp:attachment":[{"href":"https:\/\/mundobibliotecario.com.br\/index.php\/wp-json\/wp\/v2\/media?parent=3349"}],"wp:term":[{"taxonomy":"category","embeddable":true,"href":"https:\/\/mundobibliotecario.com.br\/index.php\/wp-json\/wp\/v2\/categories?post=3349"},{"taxonomy":"post_tag","embeddable":true,"href":"https:\/\/mundobibliotecario.com.br\/index.php\/wp-json\/wp\/v2\/tags?post=3349"}],"curies":[{"name":"wp","href":"https:\/\/api.w.org\/{rel}","templated":true}]}}