{"id":337,"date":"2009-02-02T19:43:51","date_gmt":"2009-02-02T22:43:51","guid":{"rendered":"http:\/\/mundobibliotecario.wordpress.com\/?p=337"},"modified":"2009-02-02T19:43:51","modified_gmt":"2009-02-02T22:43:51","slug":"usp-disponibiliza-obras-raras-para-consulta-na-internet","status":"publish","type":"post","link":"https:\/\/mundobibliotecario.com.br\/index.php\/2009\/02\/02\/usp-disponibiliza-obras-raras-para-consulta-na-internet\/","title":{"rendered":"USP disponibiliza obras raras para consulta na internet"},"content":{"rendered":"<p>Ideia \u00e9 ampliar acesso a preciosidades, algumas dos s\u00e9culos 15 e 16.<br \/>\nInicialmente foram selecionados 38 livros em v\u00e1rias \u00e1reas.<\/p>\n<p>\u00a0<\/p>\n<p>A Biblioteca Digital de Obras Raras e Especiais da Universidade de S\u00e3o Paulo (USP) acaba de disponibilizar, para consulta livre na internet, algumas das principais obras do acervo da universidade, que inclui livros anteriores \u00e0 sua funda\u00e7\u00e3o. As informa\u00e7\u00f5es s\u00e3o da Ag\u00eancia Fapesp.<\/p>\n<p>\u00a0<a href=\"http:\/\/www.obrasraras.usp.br\/\" target=\"_blank\">Veja mais em\u00a0www.obrasraras.usp.br<\/a><\/p>\n<p>A iniciativa, mantida pelo Sistema Integrado de Bibliotecas (SIBi) da USP, tem o objetivo de colocar preciosidades, algumas dos s\u00e9culos 15 e 16, \u00e0 disposi\u00e7\u00e3o de um p\u00fablico mais amplo sem, por outro lado, danific\u00e1-las pelo manuseio.<\/p>\n<p>Trata-se ainda, segundo os organizadores, de ampliar e democratizar o acesso, fazendo com que o pesquisador n\u00e3o tenha que se deslocar nem marcar a consulta para conhecer as publica\u00e7\u00f5es, atendendo ainda \u00e0queles que, por curiosidade intelectual, tamb\u00e9m buscam esse tipo de material.<\/p>\n<p>Desde o fim da d\u00e9cada de 1980, preocupado com a preserva\u00e7\u00e3o desse material, o SIBi j\u00e1 desenvolvia projetos, alguns deles com apoio da Fapesp, para identificar e tratar tecnicamente as obras, ou seja, catalog\u00e1-las e conserv\u00e1-las.\u00a0<\/p>\n<p class=\"materia-intertitulo\"><strong>38 livros<\/strong><\/p>\n<p>Para a Biblioteca Digital de Obras Raras e Especiais, inicialmente foram selecionados 38 livros em v\u00e1rias \u00e1reas do conhecimento, obedecendo aos crit\u00e9rios de antiguidade, valor hist\u00f3rico e inexist\u00eancia de novas impress\u00f5es ou edi\u00e7\u00f5es do t\u00edtulo.<\/p>\n<p>Alguns livros foram digitalizados integralmente e est\u00e3o dispon\u00edveis para consulta ou impress\u00e3o para uso n\u00e3o comercial, enquanto outros tiveram apenas suas capas digitalizadas.<\/p>\n<p>Entre os t\u00edtulos est\u00e1 o Liber Chronicarum, uma hist\u00f3ria do mundo escrita em 1493, ricamente ilustrada e colorida \u00e0 m\u00e3o, com texto em g\u00f3tico e notas manuscritas, al\u00e9m de Ordena\u00e7\u00f5es de Dom Manuel, de 1539, livro que traz em sua primeira folha uma xilogravura representando as armas portuguesas.<\/p>\n<p>Dispon\u00edvel em : &lt;<a href=\"http:\/\/g1.globo.com\/Noticias\/Vestibular\/0,,MUL969077-5604,00-USP+DISPONIBILIZA+OBRAS+RARAS+PARA+CONSULTA+NA+INTERNET.html\">http:\/\/g1.globo.com\/Noticias\/Vestibular\/0,,MUL969077-5604,00-USP+DISPONIBILIZA+OBRAS+RARAS+PARA+CONSULTA+NA+INTERNET.html<\/a>&gt;. Acesso em: 2 fev. 2008.<\/p>\n","protected":false},"excerpt":{"rendered":"<p>Ideia \u00e9 ampliar acesso a preciosidades, algumas dos s\u00e9culos 15 e 16. Inicialmente foram selecionados 38 livros em v\u00e1rias \u00e1reas. \u00a0 A Biblioteca Digital de Obras Raras e Especiais da Universidade de S\u00e3o Paulo (USP) acaba de disponibilizar, para consulta livre na internet, algumas das principais obras do acervo da universidade, que inclui livros anteriores &#8230; <a title=\"USP disponibiliza obras raras para consulta na internet\" class=\"read-more\" href=\"https:\/\/mundobibliotecario.com.br\/index.php\/2009\/02\/02\/usp-disponibiliza-obras-raras-para-consulta-na-internet\/\" aria-label=\"Read more about USP disponibiliza obras raras para consulta na internet\">Ler mais<\/a><\/p>\n","protected":false},"author":1,"featured_media":0,"comment_status":"open","ping_status":"open","sticky":false,"template":"","format":"standard","meta":{"_mi_skip_tracking":false,"_exactmetrics_sitenote_active":false,"_exactmetrics_sitenote_note":"","_exactmetrics_sitenote_category":0,"_jetpack_newsletter_access":"","footnotes":""},"categories":[60],"tags":[225,226,227],"class_list":["post-337","post","type-post","status-publish","format-standard","hentry","category-noticias","tag-obras-raras","tag-sibi-usp","tag-usp"],"jetpack_featured_media_url":"","jetpack_sharing_enabled":true,"jetpack-related-posts":[{"id":3294,"url":"https:\/\/mundobibliotecario.com.br\/index.php\/2013\/11\/08\/sibi-e-museu-de-itu-lancam-biblioteca-digital-de-jornais-dos-seculos-xix-e-xx\/","url_meta":{"origin":337,"position":0},"title":"SIBi e Museu de Itu lan\u00e7am Biblioteca Digital de Jornais dos S\u00e9culos XIX e XX","author":"mundobibliotecario","date":"08\/11\/2013","format":false,"excerpt":"Da Ag\u00eancia USP de Not\u00edcias No dia 16 de novembro, \u00e0s 10 horas, haver\u00e1 o lan\u00e7amento da\u00a0Biblioteca Digital de Jornais dos S\u00e9culos XIX e XX, resultado da parceria entre o Sistema Integrado de Bibliotecas (SIBi), o Museu Paulista (MP) e o Museu Republicano Conven\u00e7\u00e3o de Itu (MRCI) da USP. O\u2026","rel":"","context":"Em &quot;Eventos&quot;","block_context":{"text":"Eventos","link":"https:\/\/mundobibliotecario.com.br\/index.php\/category\/eventos\/"},"img":{"alt_text":"","src":"","width":0,"height":0},"classes":[]},{"id":5493,"url":"https:\/\/mundobibliotecario.com.br\/index.php\/2020\/02\/20\/faculdade-de-direito-da-usp-tera-projeto-ousado-para-nova-biblioteca\/","url_meta":{"origin":337,"position":1},"title":"Faculdade de Direito da USP ter\u00e1 projeto ousado para nova biblioteca","author":"mundobibliotecario","date":"20\/02\/2020","format":false,"excerpt":"A Faculdade de Direto da USP teve ratificado pelo Tribunal de Justi\u00e7a do Estado de S\u00e3o Paulo o acordo entre o Minist\u00e9rio P\u00fablico e o Grupo CCR, que contempla uma doa\u00e7\u00e3o de R$ 17 milh\u00f5es destinada \u00e0 constru\u00e7\u00e3o da nova biblioteca. \u201cEssa \u00e9 uma importante decis\u00e3o [sobre os recursos] que\u2026","rel":"","context":"Em &quot;Not\u00edcias&quot;","block_context":{"text":"Not\u00edcias","link":"https:\/\/mundobibliotecario.com.br\/index.php\/category\/noticias\/"},"img":{"alt_text":"","src":"","width":0,"height":0},"classes":[]},{"id":2864,"url":"https:\/\/mundobibliotecario.com.br\/index.php\/2013\/02\/10\/biblioteca-brasiliana-tera-de-aprender-a-ser-publica\/","url_meta":{"origin":337,"position":2},"title":"Biblioteca Brasiliana ter\u00e1 de aprender a ser p\u00fablica","author":"mundobibliotecario","date":"10\/02\/2013","format":false,"excerpt":"Al\u00e9m das veda\u00e7\u00f5es dos direitos autorais \u00e0 divulga\u00e7\u00e3o de conte\u00fado na internet e das catracas defendidas pela seguran\u00e7a, a nova biblioteca poder\u00e1 enfrentar uma terceira limita\u00e7\u00e3o: a econ\u00f4mica. Cole\u00e7\u00e3o doada por Jos\u00e9 Mindlin \u00e0 USP em 2006 \u00e9 transferida ao pr\u00e9dio definitivo Enquanto pertenceu aos Mindlin, o que definia o\u2026","rel":"","context":"Em &quot;Not\u00edcias&quot;","block_context":{"text":"Not\u00edcias","link":"https:\/\/mundobibliotecario.com.br\/index.php\/category\/noticias\/"},"img":{"alt_text":"","src":"","width":0,"height":0},"classes":[]},{"id":5017,"url":"https:\/\/mundobibliotecario.com.br\/index.php\/2018\/11\/06\/conheca-50-sites-de-bibliotecas-com-livros-online-gratis\/","url_meta":{"origin":337,"position":3},"title":"Conhe\u00e7a 50 sites de bibliotecas com livros online gr\u00e1tis","author":"mundobibliotecario","date":"06\/11\/2018","format":false,"excerpt":"Fizemos uma lista com 50 bibliotecas que disponibilizam livros online gratuitamente. Confira e alimente o seu v\u00edcio pela leitura! Conhe\u00e7a 50 sites de bibliotecas com livros online gr\u00e1tis \u00a0|\u00a0 Fonte: Shutterstock Voc\u00ea \u00e9 do tipo de pessoa que precisa ter sempre um bom livro por perto? Ent\u00e3o vai gostar deste\u2026","rel":"","context":"Em &quot;Not\u00edcias&quot;","block_context":{"text":"Not\u00edcias","link":"https:\/\/mundobibliotecario.com.br\/index.php\/category\/noticias\/"},"img":{"alt_text":"","src":"","width":0,"height":0},"classes":[]},{"id":3546,"url":"https:\/\/mundobibliotecario.com.br\/index.php\/2014\/08\/08\/biblioteca-da-camara-conclui-digitalizacao-de-200-obras-raras\/","url_meta":{"origin":337,"position":4},"title":"Biblioteca da C\u00e2mara conclui digitaliza\u00e7\u00e3o de 200 obras raras","author":"mundobibliotecario","date":"08\/08\/2014","format":false,"excerpt":"C\u00e2mara dos Deputados - 30\/07\/2014 Foi conclu\u00eddo o projeto de digitaliza\u00e7\u00e3o de 200 obras raras do acervo da Biblioteca Pedro Aleixo, da C\u00e2mara dos Deputados. Os livros e peri\u00f3dicos, que datam dos s\u00e9culos 16 ao 20, j\u00e1 podem ser acessados gratuitamente na p\u00e1gina Biblioteca Digital na internet. No total, a\u2026","rel":"","context":"Em &quot;Not\u00edcias&quot;","block_context":{"text":"Not\u00edcias","link":"https:\/\/mundobibliotecario.com.br\/index.php\/category\/noticias\/"},"img":{"alt_text":"","src":"","width":0,"height":0},"classes":[]},{"id":1424,"url":"https:\/\/mundobibliotecario.com.br\/index.php\/2010\/08\/25\/forum-de-obras-raras-e-colecoes-especiais\/","url_meta":{"origin":337,"position":5},"title":"F\u00f3rum de OBRAS RARAS E COLE\u00c7\u00d5ES ESPECIAIS","author":"mundobibliotecario","date":"25\/08\/2010","format":false,"excerpt":"Data: 06 de outubro \u2013 das 9h30 \u00e0s 17h30 07 de outubro \u2013 das 10h30 \u00e0s 17h30 Local: Audit\u00f3rio do Centro de Conven\u00e7\u00f5es da Unicamp SOBRE O EVENTO: Este evento objetiva discutir quest\u00f5es relacionadas aos crit\u00e9rios para reunir, preservar e dispor o acesso \u00e0s cole\u00e7\u00f5es e arquivos de documentos raros\u2026","rel":"","context":"Em &quot;N\u00e3o classificado&quot;","block_context":{"text":"N\u00e3o classificado","link":"https:\/\/mundobibliotecario.com.br\/index.php\/category\/nao-classificado\/"},"img":{"alt_text":"","src":"","width":0,"height":0},"classes":[]}],"jetpack_likes_enabled":true,"jetpack_shortlink":"https:\/\/wp.me\/pcbzwa-5r","_links":{"self":[{"href":"https:\/\/mundobibliotecario.com.br\/index.php\/wp-json\/wp\/v2\/posts\/337","targetHints":{"allow":["GET"]}}],"collection":[{"href":"https:\/\/mundobibliotecario.com.br\/index.php\/wp-json\/wp\/v2\/posts"}],"about":[{"href":"https:\/\/mundobibliotecario.com.br\/index.php\/wp-json\/wp\/v2\/types\/post"}],"author":[{"embeddable":true,"href":"https:\/\/mundobibliotecario.com.br\/index.php\/wp-json\/wp\/v2\/users\/1"}],"replies":[{"embeddable":true,"href":"https:\/\/mundobibliotecario.com.br\/index.php\/wp-json\/wp\/v2\/comments?post=337"}],"version-history":[{"count":0,"href":"https:\/\/mundobibliotecario.com.br\/index.php\/wp-json\/wp\/v2\/posts\/337\/revisions"}],"wp:attachment":[{"href":"https:\/\/mundobibliotecario.com.br\/index.php\/wp-json\/wp\/v2\/media?parent=337"}],"wp:term":[{"taxonomy":"category","embeddable":true,"href":"https:\/\/mundobibliotecario.com.br\/index.php\/wp-json\/wp\/v2\/categories?post=337"},{"taxonomy":"post_tag","embeddable":true,"href":"https:\/\/mundobibliotecario.com.br\/index.php\/wp-json\/wp\/v2\/tags?post=337"}],"curies":[{"name":"wp","href":"https:\/\/api.w.org\/{rel}","templated":true}]}}