{"id":3383,"date":"2014-01-10T15:31:06","date_gmt":"2014-01-10T18:31:06","guid":{"rendered":"http:\/\/mundobibliotecario.wordpress.com\/?p=3383"},"modified":"2020-07-21T23:53:34","modified_gmt":"2020-07-22T02:53:34","slug":"ordem-de-compra-do-livro-50-tons-de-cinza-para-bibliotecas-portuguesas","status":"publish","type":"post","link":"https:\/\/mundobibliotecario.com.br\/index.php\/2014\/01\/10\/ordem-de-compra-do-livro-50-tons-de-cinza-para-bibliotecas-portuguesas\/","title":{"rendered":"Ordem de compra do livro \u201c50 Tons de Cinza\u201d para bibliotecas portuguesas"},"content":{"rendered":"<p>Depois de muita pol\u00eamica as bibliotecas do conselho de Vila Franca de Xira v\u00e3o receber o livro er\u00f3tico \u201cAs 50 sombras de Grey\u201d, da autoria de E.L. James, um dos livros mais vendidos do ano. A ordem de compra foi dada pelo presidente do munic\u00edpio ap\u00f3s o director da biblioteca municipal, V\u00edtor Figueiredo, ter dito numa entrevista a O MIRANTE que n\u00e3o comprava o livro por ser \u201cintrag\u00e1vel\u201d.<\/p>\n<p>Em declara\u00e7\u00f5es a O MIRANTE o presidente do munic\u00edpio Alberto Mesquita confessa que toda a situa\u00e7\u00e3o foi \u201cpouco ou nada feliz\u201d e mostra-se surpreendido com o impacto que a declara\u00e7\u00e3o de V\u00edtor Figueiredo causou. \u201cN\u00e3o considero que tenha sido um acto de censura, foi de facto uma situa\u00e7\u00e3o que n\u00e3o devia ter acontecido. N\u00e3o temos o direito de p\u00f4r em causa aquilo que as pessoas pretendem ler. Se h\u00e1 um livro que \u00e9 muito conhecido e \u00e9 o campe\u00e3o de vendas porque diabo \u00e9 que as nossas bibliotecas n\u00e3o o t\u00eam?\u201d, refere o autarca.<\/p>\n<p>O presidente da c\u00e2mara sublinha que Vila Franca \u00e9 das c\u00e2maras que mais dinheiro gasta na aquisi\u00e7\u00e3o de livros e garante que apesar do mau epis\u00f3dio isso n\u00e3o retira \u201ccredibilidade nem experi\u00eancia\u201d a V\u00edtor Figueiredo, pessoa que Mesquita considera estar a fazer \u201cum grande trabalho\u201d nas bibliotecas do concelho. A posi\u00e7\u00e3o do bibliotec\u00e1rio foi fortemente criticada por colegas da regi\u00e3o e um morador foi \u00e0 assembleia de freguesia criticar o director. A situa\u00e7\u00e3o foi usada tamb\u00e9m politicamente com Rui Rei (Coliga\u00e7\u00e3o Novo Rumo, liderada pelo PSD) a dizer que se a atitude de V\u00edtor Figueiredo n\u00e3o foi censura, \u201cdisso se aproxima\u201d.<\/p>\n<p>Recorde-se que em Novembro o director das bibliotecas do concelho admitiu em entrevista a O MIRANTE que n\u00e3o adquiriu o livro, apesar dos pedidos dos leitores, por considerar que estava mal escrito. O livro, que se divide em tr\u00eas volumes, relata as aventuras sexuais de uma jovem inexperiente com um milion\u00e1rio que gosta de sadomasoquismo. Vendeu 250 mil unidades em Portugal e 70 milh\u00f5es em todo o mundo, rendendo \u00e0 autora 95 milh\u00f5es de d\u00f3lares.<\/p>\n<p>Uma pol\u00e9mica que ultrapassou as fronteiras da regi\u00e3o<\/p>\n<p>A pol\u00e9mica decis\u00e3o do director das bibliotecas de Vila Franca correu mundo e mereceu opini\u00f5es divididas nas redes sociais e na blogosfera. No blog \u201creencontros-dinamc.blogspot.pt\u201d, Dina Constan\u00e7a Carvalho questiona se o director da biblioteca deveria ou n\u00e3o exercer o direito de rejeitar o livro. \u201cOu est\u00e1 a praticar um acto de censura camuflada e quer moralizar a sua terra pois, como se sabe, este livro \u00e9 devorado por mulheres carentes desejosas de serem amadas a preceito?\u201d, escreve a autora. Do outro lado do mundo, no Brasil, o Mural Interactivo do Bibliotec\u00e1rio no Facebook lan\u00e7a o debate em torno da not\u00edcia de<\/p>\n<p>O MIRANTE: \u201cAt\u00e9 onde pode um bibliotec\u00e1rio vetar o acesso \u00e0 informa\u00e7\u00e3o?\u201d<\/p>\n<p>Ainda na internet, no blog pessoal de Galeno Amorim, director geral do Observat\u00f3rio do Livro e da Leitura do Brasil (www.blogdogaleno.com.br), o caso serve tamb\u00e9m de debate. Nadia Hommerding escreve que V\u00edtor Figueiredo \u201c\u00e9 um cara muito inteligente, pois, pois!\u201d. Mas H\u00e9lder Galv\u00e3o apoia o director portugu\u00eas, diz que s\u00f3 porque muitos gostaram isso n\u00e3o significa que outros leiam o livro e at\u00e9 arrisca dizendo que, por c\u00e1, tudo n\u00e3o passa \u201cde uma estrat\u00e9gia de marketing\u201d para vender o livro.<\/p>\n<p>Dispon\u00edvel em: &lt;http:\/\/www.blogdogaleno.com.br\/2014\/01\/02\/ordem-de-compra-do-livro-50-tons-de-cinza-para-bibliotecas-portuguesas&gt;. Acesso em: 10 jan. 2014.<\/p>\n","protected":false},"excerpt":{"rendered":"<p>Depois de muita pol\u00eamica as bibliotecas do conselho de Vila Franca de Xira v\u00e3o receber o livro er\u00f3tico \u201cAs 50 sombras de Grey\u201d, da autoria de E.L. James, um dos livros mais vendidos do ano. A ordem de compra foi dada pelo presidente do munic\u00edpio ap\u00f3s o director da biblioteca municipal, V\u00edtor Figueiredo, ter dito &#8230; <a title=\"Ordem de compra do livro \u201c50 Tons de Cinza\u201d para bibliotecas portuguesas\" class=\"read-more\" href=\"https:\/\/mundobibliotecario.com.br\/index.php\/2014\/01\/10\/ordem-de-compra-do-livro-50-tons-de-cinza-para-bibliotecas-portuguesas\/\" aria-label=\"Read more about Ordem de compra do livro \u201c50 Tons de Cinza\u201d para bibliotecas portuguesas\">Ler mais<\/a><\/p>\n","protected":false},"author":1,"featured_media":0,"comment_status":"open","ping_status":"open","sticky":false,"template":"","format":"standard","meta":{"_mi_skip_tracking":false,"_exactmetrics_sitenote_active":false,"_exactmetrics_sitenote_note":"","_exactmetrics_sitenote_category":0,"_jetpack_newsletter_access":"","footnotes":""},"categories":[60],"tags":[2,803],"class_list":["post-3383","post","type-post","status-publish","format-standard","hentry","category-noticias","tag-biblioteca","tag-portugal"],"jetpack_featured_media_url":"","jetpack_sharing_enabled":true,"jetpack-related-posts":[{"id":3336,"url":"https:\/\/mundobibliotecario.com.br\/index.php\/2013\/12\/06\/diretor-de-biblioteca-portuguesa-proibe-cinquenta-tons-de-cinza\/","url_meta":{"origin":3383,"position":0},"title":"Diretor de biblioteca portuguesa pro\u00edbe &#8216;Cinquenta Tons de Cinza&#8217;","author":"mundobibliotecario","date":"06\/12\/2013","format":false,"excerpt":"O facto de o romance er\u00f3tico \u201cAs cinquenta sombras de Grey\u201d ser o livro mais vendido no mundo no \u00faltimo ano e meio, n\u00e3o \u00e9 suficiente para fazer parte do esp\u00f3lio das bibliotecas p\u00fablicas municipais do concelho de Vila Franca de Xira. O chefe de divis\u00e3o da rede de bibliotecas,\u2026","rel":"","context":"Em &quot;Not\u00edcias&quot;","block_context":{"text":"Not\u00edcias","link":"https:\/\/mundobibliotecario.com.br\/index.php\/category\/noticias\/"},"img":{"alt_text":"","src":"","width":0,"height":0},"classes":[]},{"id":2862,"url":"https:\/\/mundobibliotecario.com.br\/index.php\/2013\/02\/08\/a-biblioteca-pensada-como-um-espaco-vivo\/","url_meta":{"origin":3383,"position":1},"title":"A biblioteca pensada como um espa\u00e7o vivo","author":"mundobibliotecario","date":"08\/02\/2013","format":false,"excerpt":"Confira entrevista de Rog\u00e9rio Pereira \u00e0 Gazeta de Alagoas 12\/11\/2012 Para o gestor, a institui\u00e7\u00e3o deve acompanhar seu tempo \u2013 e viver em transforma\u00e7\u00e3o Carla Castellotti O jornalista Rog\u00e9rio Pereira, 39, guarda boas lembran\u00e7as da biblioteca que frequentava quando crian\u00e7a. Aos 13 anos, o ainda garoto j\u00e1 trabalhava como office\u2026","rel":"","context":"Em &quot;Not\u00edcias&quot;","block_context":{"text":"Not\u00edcias","link":"https:\/\/mundobibliotecario.com.br\/index.php\/category\/noticias\/"},"img":{"alt_text":"","src":"","width":0,"height":0},"classes":[]},{"id":4432,"url":"https:\/\/mundobibliotecario.com.br\/index.php\/2016\/12\/26\/qual-a-maneira-mais-eficiente-de-organizar-sua-biblioteca-em-ordem-alfabetica\/","url_meta":{"origin":3383,"position":2},"title":"Qual a maneira mais eficiente de organizar sua biblioteca em ordem alfab\u00e9tica","author":"mundobibliotecario","date":"26\/12\/2016","format":false,"excerpt":"\u00dateis para lidar com grandes volumes de dados, algoritmos de ordena\u00e7\u00e3o tamb\u00e9m funcionam com seus livros Tatiana Dias -\u00a001 Dez 2016\u00a0(atualizado 02\/Dez 10h51) O canal Ted-Ed no YouTube, que re\u00fane conte\u00fado educativo, publicou um v\u00eddeo que pode facilitar muito a vida de quem ama livros (e tamb\u00e9m ama organiza\u00e7\u00e3o). Ele\u2026","rel":"","context":"Em &quot;Not\u00edcias&quot;","block_context":{"text":"Not\u00edcias","link":"https:\/\/mundobibliotecario.com.br\/index.php\/category\/noticias\/"},"img":{"alt_text":"","src":"","width":0,"height":0},"classes":[]},{"id":3178,"url":"https:\/\/mundobibliotecario.com.br\/index.php\/2013\/07\/22\/relatorio-da-cgu-mostra-falta-de-condicoes-da-biblioteca-nacional-em-gerenciar-contratos\/","url_meta":{"origin":3383,"position":3},"title":"Relat\u00f3rio da CGU mostra falta de condi\u00e7\u00f5es da Biblioteca Nacional em gerenciar contratos","author":"mundobibliotecario","date":"22\/07\/2013","format":false,"excerpt":"Em Silva Jardim, foram comprados 16 mil livros para a bilbioteca da cidade, que tem cerca de 20 mil habitantesANA BRANCO \/ AG\u00caNCIA O GLOBO RIO \u2014 O relat\u00f3rio preliminar da Controladoria Geral da Uni\u00e3o (CGU), ao qual O GLOBO teve acesso e que revelou ontem casos de superfaturamento, conflitos\u2026","rel":"","context":"Em &quot;Not\u00edcias&quot;","block_context":{"text":"Not\u00edcias","link":"https:\/\/mundobibliotecario.com.br\/index.php\/category\/noticias\/"},"img":{"alt_text":"","src":"","width":0,"height":0},"classes":[]},{"id":3288,"url":"https:\/\/mundobibliotecario.com.br\/index.php\/2013\/11\/04\/vergonha-bibliotecaria\/","url_meta":{"origin":3383,"position":4},"title":"Vergonha bibliotec\u00e1ria","author":"mundobibliotecario","date":"04\/11\/2013","format":false,"excerpt":"N\u00f3s todos temos algo de que se envergonhar, e os bibliotec\u00e1rios n\u00e3o s\u00e3o diferentes. Atr\u00e1s dessa figura estereotipada que faz cumprir seus rigorosos padr\u00f5es de comportamento aos usu\u00e1rios como falar em voz baixa, n\u00e3o beber caf\u00e9 entre as estantes e devolver os livros na data correta, h\u00e1 profissionais que vivem\u2026","rel":"","context":"Em &quot;Not\u00edcias&quot;","block_context":{"text":"Not\u00edcias","link":"https:\/\/mundobibliotecario.com.br\/index.php\/category\/noticias\/"},"img":{"alt_text":"","src":"https:\/\/i0.wp.com\/www.biblogtecarios.es\/wp-content\/uploads\/2013\/10\/Library-Shaming-1-265x300.jpg?resize=350%2C200","width":350,"height":200},"classes":[]},{"id":10230,"url":"https:\/\/mundobibliotecario.com.br\/index.php\/2023\/01\/10\/a-biblioteconomia-em-7-noticias-como-foi-a-primeira-semana-de-2023\/","url_meta":{"origin":3383,"position":5},"title":"A Biblioteconomia em 7 not\u00edcias: como foi a primeira semana de 2023?","author":"mundobibliotecario","date":"10\/01\/2023","format":false,"excerpt":"1. Pasta do Livro e Leitura \u00e9 elevada a status de Secretaria O Conselho Federal de Biblioteconomia (CFB) anunciou eleva\u00e7\u00e3o da Pasta do Livro e Leitura a status de Secretaria no Minist\u00e9rio da Cultura. Veja a not\u00edcia p\u00fablica no Instagram do CFB. No primeiro dia \u00fatil de seu mandato, o\u2026","rel":"","context":"Em &quot;Not\u00edcias&quot;","block_context":{"text":"Not\u00edcias","link":"https:\/\/mundobibliotecario.com.br\/index.php\/category\/noticias\/"},"img":{"alt_text":"","src":"https:\/\/i0.wp.com\/mundobibliotecario.com.br\/wp-content\/uploads\/2023\/01\/concurso-tjes.png?resize=350%2C200&ssl=1","width":350,"height":200},"classes":[]}],"jetpack_likes_enabled":true,"jetpack_shortlink":"https:\/\/wp.me\/pcbzwa-Sz","_links":{"self":[{"href":"https:\/\/mundobibliotecario.com.br\/index.php\/wp-json\/wp\/v2\/posts\/3383","targetHints":{"allow":["GET"]}}],"collection":[{"href":"https:\/\/mundobibliotecario.com.br\/index.php\/wp-json\/wp\/v2\/posts"}],"about":[{"href":"https:\/\/mundobibliotecario.com.br\/index.php\/wp-json\/wp\/v2\/types\/post"}],"author":[{"embeddable":true,"href":"https:\/\/mundobibliotecario.com.br\/index.php\/wp-json\/wp\/v2\/users\/1"}],"replies":[{"embeddable":true,"href":"https:\/\/mundobibliotecario.com.br\/index.php\/wp-json\/wp\/v2\/comments?post=3383"}],"version-history":[{"count":1,"href":"https:\/\/mundobibliotecario.com.br\/index.php\/wp-json\/wp\/v2\/posts\/3383\/revisions"}],"predecessor-version":[{"id":7120,"href":"https:\/\/mundobibliotecario.com.br\/index.php\/wp-json\/wp\/v2\/posts\/3383\/revisions\/7120"}],"wp:attachment":[{"href":"https:\/\/mundobibliotecario.com.br\/index.php\/wp-json\/wp\/v2\/media?parent=3383"}],"wp:term":[{"taxonomy":"category","embeddable":true,"href":"https:\/\/mundobibliotecario.com.br\/index.php\/wp-json\/wp\/v2\/categories?post=3383"},{"taxonomy":"post_tag","embeddable":true,"href":"https:\/\/mundobibliotecario.com.br\/index.php\/wp-json\/wp\/v2\/tags?post=3383"}],"curies":[{"name":"wp","href":"https:\/\/api.w.org\/{rel}","templated":true}]}}