{"id":3418,"date":"2014-02-18T22:20:22","date_gmt":"2014-02-19T01:20:22","guid":{"rendered":"http:\/\/mundobibliotecario.wordpress.com\/?p=3418"},"modified":"2014-02-18T22:20:22","modified_gmt":"2014-02-19T01:20:22","slug":"a-sociedade-da-informacao-e-a-sociedade-de-que","status":"publish","type":"post","link":"https:\/\/mundobibliotecario.com.br\/index.php\/2014\/02\/18\/a-sociedade-da-informacao-e-a-sociedade-de-que\/","title":{"rendered":"A sociedade da informa\u00e7\u00e3o \u00e9 a sociedade de qu\u00ea?"},"content":{"rendered":"<p>A primeira leitura do t\u00edtulo deste\u00a0<em>post<\/em>, de autoria de Delmo Mattos*, foi um choque. Termo t\u00e3o comum, &#8220;sociedade da informa\u00e7\u00e3o&#8221; estigmatizou nossa sociedade como produtora, receptora e consumidora de informa\u00e7\u00e3o. N\u00e3o aborda, por\u00e9m, o outro lado da informa\u00e7\u00e3o: o ru\u00eddo, o excesso, a infotoxica\u00e7\u00e3o.<\/p>\n<p>\u00c9 muito mais confort\u00e1vel dizer &#8220;sociedade da informa\u00e7\u00e3o&#8221; porque o termo d\u00e1 tranquilidade em afirmar que ainda somos &#8220;sociedade de alguma coisa&#8221;: \u00e9ramos uma &#8220;sociedade agr\u00edcola&#8221;, tornamo-nos uma &#8220;sociedade industrial&#8221; e, hoje, pertencemos \u00e0 &#8220;sociedade da informa\u00e7\u00e3o&#8221;. A verdade \u00e9 que vivemos num per\u00edodo em que n\u00e3o mais sabemos se o meio \u00e9 a mensagem ou se a mensagem \u00e9 a mensagem, pois a interrela\u00e7\u00e3o entre m\u00eddias, suportes, signos, s\u00edmbolos e significados deturpa a mensagem.<\/p>\n<p>Outra verdade seja dita: hoje, a informa\u00e7\u00e3o \u00e9 a desinforma\u00e7\u00e3o. A confus\u00e3o mental que nos atinge nada mais \u00e9 do que a dificuldade em distinguir a informa\u00e7\u00e3o de seu ru\u00eddo, a informa\u00e7\u00e3o de seu sil\u00eancio, a informa\u00e7\u00e3o de sua representa\u00e7\u00e3o, porque os pr\u00f3prios meios para se lidar com a informa\u00e7\u00e3o est\u00e3o provocando seu lento e gradual desaparecimento, fazendo-nos naufragar e afundar num mar infot\u00f3xico. Entendam-se por meios as palavras j\u00e1 citadas &#8220;m\u00eddias&#8221; e &#8220;suportes&#8221;.<\/p>\n<p>\u00c9, por isso, urgente uma educa\u00e7\u00e3o para a informa\u00e7\u00e3o a fim de lev\u00e1-la onde haja desinforma\u00e7\u00e3o, conte\u00fado onde haja suporte, significado onde haja mensagem. N\u00e3o se espera, por\u00e9m, eliminar a desinforma\u00e7\u00e3o, visto que \u00e9 um elemento constituinte de nossa sociedade e, por isso mesmo, essencial para a compreens\u00e3o de n\u00f3s mesmos enquanto part\u00edcipes dessa sociedade.<\/p>\n<p>* MATTOS, D. Filosofia da informa\u00e7\u00e3o.\u00a0<strong>Filosofia: Ci\u00eancia &amp; Vida<\/strong>. n. 90, jan. 2014, p. 14-22.<\/p>\n","protected":false},"excerpt":{"rendered":"<p>A primeira leitura do t\u00edtulo deste\u00a0post, de autoria de Delmo Mattos*, foi um choque. Termo t\u00e3o comum, &#8220;sociedade da informa\u00e7\u00e3o&#8221; estigmatizou nossa sociedade como produtora, receptora e consumidora de informa\u00e7\u00e3o. N\u00e3o aborda, por\u00e9m, o outro lado da informa\u00e7\u00e3o: o ru\u00eddo, o excesso, a infotoxica\u00e7\u00e3o. \u00c9 muito mais confort\u00e1vel dizer &#8220;sociedade da informa\u00e7\u00e3o&#8221; porque o termo &#8230; <a title=\"A sociedade da informa\u00e7\u00e3o \u00e9 a sociedade de qu\u00ea?\" class=\"read-more\" href=\"https:\/\/mundobibliotecario.com.br\/index.php\/2014\/02\/18\/a-sociedade-da-informacao-e-a-sociedade-de-que\/\" aria-label=\"Read more about A sociedade da informa\u00e7\u00e3o \u00e9 a sociedade de qu\u00ea?\">Ler mais<\/a><\/p>\n","protected":false},"author":1,"featured_media":0,"comment_status":"open","ping_status":"open","sticky":false,"template":"","format":"standard","meta":{"_mi_skip_tracking":false,"_exactmetrics_sitenote_active":false,"_exactmetrics_sitenote_note":"","_exactmetrics_sitenote_category":0,"_jetpack_newsletter_access":"","footnotes":""},"categories":[3],"tags":[1139,1140],"class_list":["post-3418","post","type-post","status-publish","format-standard","hentry","category-reflexoes","tag-desinformacao","tag-sociedade-da-informacao"],"jetpack_featured_media_url":"","jetpack_sharing_enabled":true,"jetpack-related-posts":[{"id":2850,"url":"https:\/\/mundobibliotecario.com.br\/index.php\/2013\/02\/01\/gestao-de-conhecimento-em-sociedades-de-advogados\/","url_meta":{"origin":3418,"position":0},"title":"Gest\u00e3o de conhecimento em sociedades de advogados","author":"mundobibliotecario","date":"01\/02\/2013","format":false,"excerpt":"Por Ana Neves 28 Janeiro 2013 | 13:26 Na passada semana estive no IT4Legal Forum. Trata-se de um evento anual organizado pelo IT4Legal , \u201cum grupo informal dedicado \u00e0 partilha e divulga\u00e7\u00e3o de informa\u00e7\u00e3o acerca de sistemas de informa\u00e7\u00e3o nas sociedades de advogados\u201c. Na ocasi\u00e3o tive oportunidade de fazer uma\u2026","rel":"","context":"Em &quot;Not\u00edcias&quot;","block_context":{"text":"Not\u00edcias","link":"https:\/\/mundobibliotecario.com.br\/index.php\/category\/noticias\/"},"img":{"alt_text":"","src":"","width":0,"height":0},"classes":[]},{"id":1002,"url":"https:\/\/mundobibliotecario.com.br\/index.php\/2009\/12\/05\/desafios-e-perspectivas-da-inclusao-digital-na-sociedade-da-informacao-elementos-para-uma-estrategia-abrangente\/","url_meta":{"origin":3418,"position":1},"title":"Desafios e Perspectivas da Inclus\u00e3o Digital na Sociedade da Informa\u00e7\u00e3o: Elementos para uma Estrat\u00e9gia Abrangente","author":"mundobibliotecario","date":"05\/12\/2009","format":false,"excerpt":"O IBICT - Instituto Brasileiro de Informa\u00e7\u00e3o em Ci\u00eancia e Tecnologia - realizar\u00e1 nos dias 14 e 15 de dezembro de 2009, na Biblioteca Nacional de Bras\u00edlia (BNB), o III Evento \u201cDesafios e Perspectivas da Inclus\u00e3o Digital na Sociedade da Informa\u00e7\u00e3o: Elementos para uma Estrat\u00e9gia Abrangente\u201d. O objetivo \u00e9 reunir\u2026","rel":"","context":"Em &quot;Eventos&quot;","block_context":{"text":"Eventos","link":"https:\/\/mundobibliotecario.com.br\/index.php\/category\/eventos\/"},"img":{"alt_text":"","src":"","width":0,"height":0},"classes":[]},{"id":3691,"url":"https:\/\/mundobibliotecario.com.br\/index.php\/2015\/03\/02\/sbpc-envia-carta-ao-mec-sobre-o-risco-de-descontinuidade-do-portal-de-periodicos-da-capes\/","url_meta":{"origin":3418,"position":2},"title":"SBPC envia carta ao MEC sobre o risco de descontinuidade do Portal de Peri\u00f3dicos da Capes","author":"mundobibliotecario","date":"02\/03\/2015","format":false,"excerpt":"Com o poss\u00edvel corte de verbas \u00e9 eminente o risco \u00e0 manuten\u00e7\u00e3o e atualiza\u00e7\u00e3o desse importante instrumento de acesso \u00e0 ci\u00eancia brasileira e mundial Abaixo, o documento na \u00edntegra: S\u00e3o Paulo, 24 de fevereiro de 2015 SBPC \u2013 28\/Dir. Excelent\u00edssimo Senhor Ministro CID GOMES Minist\u00e9rio da Educa\u00e7\u00e3o \u2013 MEC Bras\u00edlia,\u2026","rel":"","context":"Em &quot;Not\u00edcias&quot;","block_context":{"text":"Not\u00edcias","link":"https:\/\/mundobibliotecario.com.br\/index.php\/category\/noticias\/"},"img":{"alt_text":"","src":"","width":0,"height":0},"classes":[]},{"id":225,"url":"https:\/\/mundobibliotecario.com.br\/index.php\/2008\/12\/16\/pensando-a-tecnologia\/","url_meta":{"origin":3418,"position":3},"title":"Pensando a tecnologia","author":"mundobibliotecario","date":"16\/12\/2008","format":false,"excerpt":"\"[...] a tecnologia n\u00e3o determina a sociedade. [...]\" (p. 25) CASTELLS, Manuel. A sociedade em rede. 2. ed. S\u00e3o Paulo: Paz e Terra, 1999. (A era da informa\u00e7\u00e3o: economia, sociedade e cultura, v. 1). \u00a0\u00c9 curioso se deparar com uma frase como essa, sobretudo por ter sido escrita por Castells,\u2026","rel":"","context":"Em &quot;Reflex\u00f5es&quot;","block_context":{"text":"Reflex\u00f5es","link":"https:\/\/mundobibliotecario.com.br\/index.php\/category\/reflexoes\/"},"img":{"alt_text":"","src":"","width":0,"height":0},"classes":[]},{"id":1215,"url":"https:\/\/mundobibliotecario.com.br\/index.php\/2010\/04\/16\/concurso-para-professor\/","url_meta":{"origin":3418,"position":4},"title":"Concurso para professor","author":"mundobibliotecario","date":"16\/04\/2010","format":false,"excerpt":"Est\u00e3o abertas as incri\u00e7\u00f5es para o concurso p\u00fablico para Professor Adjunto no Departamento de Ci\u00eancia da Informa\u00e7\u00e3o da Universidade Federal de S\u00e3o Carlos. Concurso P\u00fablico - 106\/10 - S\u00e3o Carlos - Departamento de Ci\u00eancia da Informa\u00e7\u00e3o - Professor Adjunto-DE - \u00c1rea: Cultura e Discurso, Ci\u00eancia e Sociedade - Sub-\u00e1rea: Ci\u00eancia\u2026","rel":"","context":"Em &quot;Concurso&quot;","block_context":{"text":"Concurso","link":"https:\/\/mundobibliotecario.com.br\/index.php\/category\/concurso\/"},"img":{"alt_text":"","src":"","width":0,"height":0},"classes":[]},{"id":1372,"url":"https:\/\/mundobibliotecario.com.br\/index.php\/2010\/07\/18\/direitos-autorais-um-debate-com-toda-a-sociedade\/","url_meta":{"origin":3418,"position":5},"title":"Direitos Autorais: um debate com toda a sociedade","author":"mundobibliotecario","date":"18\/07\/2010","format":false,"excerpt":"Fonte: Semin\u00e1rio em S\u00e3o Paulo 'Direitos Autorais: um debate com toda a sociedade', na segunda-feira, 19 de julho Nesta segunda-feira, 19 de julho, a partir das 9h, em Tucarena (Rua Monte Alegre, 1024, Perdizes), em S\u00e3o Paulo, acontece o semin\u00e1rio Direitos Autorais: um debate com toda a sociedade. Organizado pelo\u2026","rel":"","context":"Em &quot;Eventos&quot;","block_context":{"text":"Eventos","link":"https:\/\/mundobibliotecario.com.br\/index.php\/category\/eventos\/"},"img":{"alt_text":"","src":"","width":0,"height":0},"classes":[]}],"jetpack_likes_enabled":true,"jetpack_shortlink":"https:\/\/wp.me\/pcbzwa-T8","_links":{"self":[{"href":"https:\/\/mundobibliotecario.com.br\/index.php\/wp-json\/wp\/v2\/posts\/3418","targetHints":{"allow":["GET"]}}],"collection":[{"href":"https:\/\/mundobibliotecario.com.br\/index.php\/wp-json\/wp\/v2\/posts"}],"about":[{"href":"https:\/\/mundobibliotecario.com.br\/index.php\/wp-json\/wp\/v2\/types\/post"}],"author":[{"embeddable":true,"href":"https:\/\/mundobibliotecario.com.br\/index.php\/wp-json\/wp\/v2\/users\/1"}],"replies":[{"embeddable":true,"href":"https:\/\/mundobibliotecario.com.br\/index.php\/wp-json\/wp\/v2\/comments?post=3418"}],"version-history":[{"count":0,"href":"https:\/\/mundobibliotecario.com.br\/index.php\/wp-json\/wp\/v2\/posts\/3418\/revisions"}],"wp:attachment":[{"href":"https:\/\/mundobibliotecario.com.br\/index.php\/wp-json\/wp\/v2\/media?parent=3418"}],"wp:term":[{"taxonomy":"category","embeddable":true,"href":"https:\/\/mundobibliotecario.com.br\/index.php\/wp-json\/wp\/v2\/categories?post=3418"},{"taxonomy":"post_tag","embeddable":true,"href":"https:\/\/mundobibliotecario.com.br\/index.php\/wp-json\/wp\/v2\/tags?post=3418"}],"curies":[{"name":"wp","href":"https:\/\/api.w.org\/{rel}","templated":true}]}}