{"id":3428,"date":"2014-03-05T13:22:53","date_gmt":"2014-03-05T16:22:53","guid":{"rendered":"http:\/\/mundobibliotecario.wordpress.com\/?p=3428"},"modified":"2014-03-05T13:22:53","modified_gmt":"2014-03-05T16:22:53","slug":"os-top-10-sites-de-bibliotecas-universitarias","status":"publish","type":"post","link":"https:\/\/mundobibliotecario.com.br\/index.php\/2014\/03\/05\/os-top-10-sites-de-bibliotecas-universitarias\/","title":{"rendered":"Os top 10 sites de bibliotecas universit\u00e1rias"},"content":{"rendered":"<p>Segundo o autor da lista, algumas das caracter\u00edsticas dos sites de bibliotecas universit\u00e1rias devem ser: &#8220;Googleable&#8221;, &#8220;Searchable&#8221; e &#8220;Helpful&#8221;.<\/p>\n<p>Leia o post <a href=\"http:\/\/emilysingley.net\/top-10-academic-library-websites-2013\/\">&#8220;Top 10 Academic Library Websites 2013&#8221;<\/a> e veja a descri\u00e7\u00e3o dessas caracter\u00edsticas e quais s\u00e3o os sites eleitos.<\/p>\n<p>Boa leitura!<\/p>\n","protected":false},"excerpt":{"rendered":"<p>Segundo o autor da lista, algumas das caracter\u00edsticas dos sites de bibliotecas universit\u00e1rias devem ser: &#8220;Googleable&#8221;, &#8220;Searchable&#8221; e &#8220;Helpful&#8221;. Leia o post &#8220;Top 10 Academic Library Websites 2013&#8221; e veja a descri\u00e7\u00e3o dessas caracter\u00edsticas e quais s\u00e3o os sites eleitos. Boa leitura!<\/p>\n","protected":false},"author":1,"featured_media":0,"comment_status":"open","ping_status":"open","sticky":false,"template":"","format":"standard","meta":{"_mi_skip_tracking":false,"_exactmetrics_sitenote_active":false,"_exactmetrics_sitenote_note":"","_exactmetrics_sitenote_category":0,"_jetpack_newsletter_access":"","footnotes":""},"categories":[60],"tags":[373,1142],"class_list":["post-3428","post","type-post","status-publish","format-standard","hentry","category-noticias","tag-biblioteca-universitaria","tag-site"],"jetpack_featured_media_url":"","jetpack_sharing_enabled":true,"jetpack-related-posts":[{"id":38,"url":"https:\/\/mundobibliotecario.com.br\/index.php\/2008\/08\/09\/xv-seminario-nacional-de-bibliotecas-universitarias\/","url_meta":{"origin":3428,"position":0},"title":"XV Semin\u00e1rio Nacional de Bibliotecas Universit\u00e1rias","author":"mundobibliotecario","date":"09\/08\/2008","format":false,"excerpt":"O XV Semin\u00e1rio Nacional de Bibliotecas Universit\u00e1rias (SNBU) ser\u00e1 realizado em S\u00e3o Paulo, de 10 a 14 de novembro. O evento ocorrer\u00e1 no Pal\u00e1cio de Conven\u00e7\u00f5es\u00a0do Anhembi, localizado \u00e0 Avenida Olavo Fontura, 1209 - S\u00e3o Paulo\/SP. A edi\u00e7\u00e3o de 2008 marca os 30 anos do evento, realizado desde 1978 em\u2026","rel":"","context":"Em &quot;Eventos&quot;","block_context":{"text":"Eventos","link":"https:\/\/mundobibliotecario.com.br\/index.php\/category\/eventos\/"},"img":{"alt_text":"","src":"","width":0,"height":0},"classes":[]},{"id":10313,"url":"https:\/\/mundobibliotecario.com.br\/index.php\/2023\/05\/10\/tese-o-escritorio-de-comunicacao-cientifica-como-perspectiva-de-atuacao-para-bibliotecas-universitarias-brasileiras\/","url_meta":{"origin":3428,"position":1},"title":"Tese &#8220;O escrit\u00f3rio de comunica\u00e7\u00e3o cient\u00edfica como perspectiva de atua\u00e7\u00e3o para bibliotecas universit\u00e1rias brasileiras&#8221;","author":"mundobibliotecario","date":"10\/05\/2023","format":false,"excerpt":"Informo que minha tese, intitulada \"O escrit\u00f3rio de comunica\u00e7\u00e3o cient\u00edfica como perspectiva de atua\u00e7\u00e3o para bibliotecas universit\u00e1rias brasileiras\" e orientada pelo Prof. Dr. Jos\u00e9 Augusto Chaves Guimar\u00e3es, est\u00e1 dispon\u00edvel para leitura e download no Reposit\u00f3rio Institucional da UNESP no link https:\/\/repositorio.unesp.br\/handle\/11449\/243319. Fonte: Canva Segue o resumo: As mudan\u00e7as ocorridas na\u2026","rel":"","context":"Em &quot;Not\u00edcias&quot;","block_context":{"text":"Not\u00edcias","link":"https:\/\/mundobibliotecario.com.br\/index.php\/category\/noticias\/"},"img":{"alt_text":"","src":"https:\/\/i0.wp.com\/mundobibliotecario.com.br\/wp-content\/uploads\/2023\/05\/tese-1.jpg?resize=350%2C200&ssl=1","width":350,"height":200},"classes":[]},{"id":1257,"url":"https:\/\/mundobibliotecario.com.br\/index.php\/2010\/05\/04\/curso-de-especializacao-em-gestao-de-bibliotecas-universitarias\/","url_meta":{"origin":3428,"position":2},"title":"Curso de especializa\u00e7\u00e3o em Gest\u00e3o de Bibliotecas Universit\u00e1rias","author":"mundobibliotecario","date":"04\/05\/2010","format":false,"excerpt":"Inscri\u00e7\u00f5es: de 26\/04 a 26\/05\/2010.\u00a0 P\u00fablico Alvo: graduados em Biblioteconomia, Gest\u00e3o da Informa\u00e7\u00e3o e Ci\u00eancia da Informa\u00e7\u00e3o. Objetivos: O curso tem como objetivos capacitar os alunos a gerenciar bibliotecas universit\u00e1rias, utilizando as tecnologias de Informa\u00e7\u00e3o; gerenciar as avalia\u00e7\u00f5es institucionais externas; conhecer e aplicar metodologias do planejamento estrat\u00e9gico em Bibliotecas universit\u00e1rias;\u2026","rel":"","context":"Em &quot;Curso&quot;","block_context":{"text":"Curso","link":"https:\/\/mundobibliotecario.com.br\/index.php\/category\/curso\/"},"img":{"alt_text":"","src":"","width":0,"height":0},"classes":[]},{"id":10105,"url":"https:\/\/mundobibliotecario.com.br\/index.php\/2022\/09\/26\/live-acessibilidade-em-bibliotecas-universitarias-para-pessoas-com-deficiencia-visual\/","url_meta":{"origin":3428,"position":3},"title":"Live: Acessibilidade em bibliotecas universit\u00e1rias para pessoas com defici\u00eancia visual","author":"mundobibliotecario","date":"26\/09\/2022","format":false,"excerpt":"Em continuidade \u00e0 s\u00e9rie de lives\u00a0que abordam as necessidades atuais das bibliotecas universit\u00e1rias, o Sistema Integrado de Bibliotecas (SIBi-UFSCar) est\u00e1 organizando a\u00a0live\u00a0Acessibilidade em bibliotecas universit\u00e1rias para pessoas com defici\u00eancia visual.\u00a0O evento\u00a0acontece\u00a0no dia 29 de setembro (5\u00aa. Feira), das 14h30 \u00e0s 16h\u00a0e ter\u00e1\u00a0transmiss\u00e3o\u00a0pelo\u00a0canal do SIBi no YouTube\u00a0com tradu\u00e7\u00e3o em Libras. Ela\u2026","rel":"","context":"Em &quot;Eventos&quot;","block_context":{"text":"Eventos","link":"https:\/\/mundobibliotecario.com.br\/index.php\/category\/eventos\/"},"img":{"alt_text":"","src":"https:\/\/i0.wp.com\/mundobibliotecario.com.br\/wp-content\/uploads\/2022\/09\/live-sibi-ufscar.png?resize=350%2C200&ssl=1","width":350,"height":200},"classes":[]},{"id":4151,"url":"https:\/\/mundobibliotecario.com.br\/index.php\/2016\/03\/02\/52-bibliotecas-em-52-semanas-9\/","url_meta":{"origin":3428,"position":4},"title":"52 bibliotecas em 52 semanas (9)","author":"mundobibliotecario","date":"02\/03\/2016","format":false,"excerpt":"Tama Art University Library Esta biblioteca universit\u00e1ria particular pode se orgulhar de ter sido\u00a0projetada pelo vencedor do Pr\u00eamio Pritzker 2013 Toyo Ito. Acrescenta-se o fato de que Tama Arti \u00e9 uma universidade de Artes e voc\u00ea pode esperar\u00a0algumas caracter\u00edsticas realmente especiais em todos os lugares da\u00a0biblioteca. Fonte:\u00a0http:\/\/blog.uniplaces.com\/25-best-university-libraries-in-the-world\/","rel":"","context":"Em &quot;Not\u00edcias&quot;","block_context":{"text":"Not\u00edcias","link":"https:\/\/mundobibliotecario.com.br\/index.php\/category\/noticias\/"},"img":{"alt_text":"Tama Art University Library","src":"https:\/\/i0.wp.com\/blog.uniplaces.com\/wp-content\/uploads\/2015\/08\/tama-art.jpg?resize=350%2C200","width":350,"height":200},"classes":[]},{"id":3738,"url":"https:\/\/mundobibliotecario.com.br\/index.php\/2015\/06\/10\/vaga-de-bibliotecario-de-referencia-em-biblioteca-universitaria\/","url_meta":{"origin":3428,"position":5},"title":"Vaga de Bibliotec\u00e1rio de Refer\u00eancia em Biblioteca Universit\u00e1ria","author":"mundobibliotecario","date":"10\/06\/2015","format":false,"excerpt":"REQUISITOS PARA A VAGA de Bibliotec\u00e1rio de Refer\u00eancia Forma\u00e7\u00e3o: - Gradua\u00e7\u00e3o em Biblioteconomia\/Ci\u00eancia da Informa\u00e7\u00e3o, com p\u00f3s gradua\u00e7\u00e3o na \u00e1rea ou \u00e1reas afins; - Ingl\u00eas intermedi\u00e1rio\/avan\u00e7ado; - Experi\u00eancia de pelo menos 3 anos como \u2018bibliotec\u00e1rio de refer\u00eancia\u2019 em Biblioteca Universit\u00e1ria Compet\u00eancias: - Excelente comunica\u00e7\u00e3o escrita e oral; - Capacidade de\u2026","rel":"","context":"Em &quot;Emprego&quot;","block_context":{"text":"Emprego","link":"https:\/\/mundobibliotecario.com.br\/index.php\/category\/emprego\/"},"img":{"alt_text":"","src":"","width":0,"height":0},"classes":[]}],"jetpack_likes_enabled":true,"jetpack_shortlink":"https:\/\/wp.me\/pcbzwa-Ti","_links":{"self":[{"href":"https:\/\/mundobibliotecario.com.br\/index.php\/wp-json\/wp\/v2\/posts\/3428","targetHints":{"allow":["GET"]}}],"collection":[{"href":"https:\/\/mundobibliotecario.com.br\/index.php\/wp-json\/wp\/v2\/posts"}],"about":[{"href":"https:\/\/mundobibliotecario.com.br\/index.php\/wp-json\/wp\/v2\/types\/post"}],"author":[{"embeddable":true,"href":"https:\/\/mundobibliotecario.com.br\/index.php\/wp-json\/wp\/v2\/users\/1"}],"replies":[{"embeddable":true,"href":"https:\/\/mundobibliotecario.com.br\/index.php\/wp-json\/wp\/v2\/comments?post=3428"}],"version-history":[{"count":0,"href":"https:\/\/mundobibliotecario.com.br\/index.php\/wp-json\/wp\/v2\/posts\/3428\/revisions"}],"wp:attachment":[{"href":"https:\/\/mundobibliotecario.com.br\/index.php\/wp-json\/wp\/v2\/media?parent=3428"}],"wp:term":[{"taxonomy":"category","embeddable":true,"href":"https:\/\/mundobibliotecario.com.br\/index.php\/wp-json\/wp\/v2\/categories?post=3428"},{"taxonomy":"post_tag","embeddable":true,"href":"https:\/\/mundobibliotecario.com.br\/index.php\/wp-json\/wp\/v2\/tags?post=3428"}],"curies":[{"name":"wp","href":"https:\/\/api.w.org\/{rel}","templated":true}]}}