{"id":3432,"date":"2014-03-14T08:40:55","date_gmt":"2014-03-14T11:40:55","guid":{"rendered":"http:\/\/mundobibliotecario.wordpress.com\/?p=3432"},"modified":"2020-07-21T23:54:16","modified_gmt":"2020-07-22T02:54:16","slug":"supermercado-oferece-biblioteca","status":"publish","type":"post","link":"https:\/\/mundobibliotecario.com.br\/index.php\/2014\/03\/14\/supermercado-oferece-biblioteca\/","title":{"rendered":"Supermercado oferece biblioteca"},"content":{"rendered":"<p>Di\u00e1rio de Cuiab\u00e1 &#8211; 07\/03\/14<\/p>\n<p>Funcion\u00e1rios da Rede de Supermercados Comper ganharam h\u00e1 poucos dias uma aliada cultural que j\u00e1 est\u00e1 em pleno funcionamento. Trata-se de uma biblioteca montada na loja da avenida Fernando Correa, que conta com cerca de 500 livros dos mais variados assuntos.<\/p>\n<p>A dire\u00e7\u00e3o da rede de supermercados adotou a iniciativa considerando que, al\u00e9m de ser muito prazeroso, o h\u00e1bito de ler \u00e9 de extrema import\u00e2ncia para que as pessoas desenvolvam conhecimento. Atrav\u00e9s da leitura \u00e9 poss\u00edvel aperfei\u00e7oar pensamentos, reflex\u00f5es e poder de argumenta\u00e7\u00e3o.<\/p>\n<p>Seguindo essa linha de racioc\u00ednio e com a proposta de contribuir com o crescimento intelectual de seus colaboradores, a administra\u00e7\u00e3o da empresa supermercadista pretende aumentar seu acervo atrav\u00e9s de doa\u00e7\u00f5es que espera receber.<\/p>\n<p>\u201cQuem quiser pode doar livros que n\u00e3o utilizam mais, pois eles ser\u00e3o muito bem aproveitados em nossa biblioteca. Tamb\u00e9m aceitamos doa\u00e7\u00f5es de revistas, pois s\u00e3o \u00f3timas fontes de informa\u00e7\u00e3o. Quem decidir doar pode entregar os volumes no SAC da loja da Fernando Correa\u201d, explica Carlos Paes, gerente regional da rede Comper.<\/p>\n<p>O gerente salienta, ainda, que a instala\u00e7\u00e3o da biblioteca surgiu da necessidade dos funcion\u00e1rios terem um lugar onde possam estudar, pois muitos fazem faculdade depois do hor\u00e1rio de expediente.<\/p>\n<p>\u201cCom uma biblioteca dentro da loja, nossos colaboradores podem aproveitar o hor\u00e1rio de intervalo para estudar ou at\u00e9 mesmo para se distrair, lendo livros e revistas que estar\u00e3o \u00e0 disposi\u00e7\u00e3o deles no local\u201d, disse Paes.<\/p>\n<p>Dispon\u00edvel em: &lt;http:\/\/www.blogdogaleno.com.br\/2014\/03\/11\/supermercado-oferece-biblioteca&gt;. Acesso em: 14 mar. 2014.<\/p>\n","protected":false},"excerpt":{"rendered":"<p>Di\u00e1rio de Cuiab\u00e1 &#8211; 07\/03\/14 Funcion\u00e1rios da Rede de Supermercados Comper ganharam h\u00e1 poucos dias uma aliada cultural que j\u00e1 est\u00e1 em pleno funcionamento. Trata-se de uma biblioteca montada na loja da avenida Fernando Correa, que conta com cerca de 500 livros dos mais variados assuntos. A dire\u00e7\u00e3o da rede de supermercados adotou a iniciativa &#8230; <a title=\"Supermercado oferece biblioteca\" class=\"read-more\" href=\"https:\/\/mundobibliotecario.com.br\/index.php\/2014\/03\/14\/supermercado-oferece-biblioteca\/\" aria-label=\"Read more about Supermercado oferece biblioteca\">Ler mais<\/a><\/p>\n","protected":false},"author":1,"featured_media":0,"comment_status":"open","ping_status":"open","sticky":false,"template":"","format":"standard","meta":{"_mi_skip_tracking":false,"_exactmetrics_sitenote_active":false,"_exactmetrics_sitenote_note":"","_exactmetrics_sitenote_category":0,"_jetpack_newsletter_access":"","footnotes":""},"categories":[60],"tags":[2,8,1143],"class_list":["post-3432","post","type-post","status-publish","format-standard","hentry","category-noticias","tag-biblioteca","tag-leitura","tag-supermercado"],"jetpack_featured_media_url":"","jetpack_sharing_enabled":true,"jetpack-related-posts":[{"id":5557,"url":"https:\/\/mundobibliotecario.com.br\/index.php\/2020\/04\/14\/biblioteca-promove-concurso-para-sortear-livros-e-incentivar-leitura-durante-a-quarentena-em-ro\/","url_meta":{"origin":3432,"position":0},"title":"Biblioteca promove concurso para sortear livros e incentivar leitura durante a quarentena, em RO","author":"mundobibliotecario","date":"14\/04\/2020","format":false,"excerpt":"Iniciativa de Ariquemes pretende incentivar a leitura e promover intera\u00e7\u00e3o entre os leitores da cidade, durante per\u00edodo de isolamento social. Biblioteca de Ariquemes \u2014 Foto: Prefeitura\/Divulga\u00e7\u00e3o Por conta das medidas de preven\u00e7\u00e3o contra o novo coronav\u00edrus em Ariquemes (RO), a biblioteca Pedro Tavares Batalha tamb\u00e9m precisou interromper temporariamente o funcionamento\u2026","rel":"","context":"Em &quot;Not\u00edcias&quot;","block_context":{"text":"Not\u00edcias","link":"https:\/\/mundobibliotecario.com.br\/index.php\/category\/noticias\/"},"img":{"alt_text":"","src":"","width":0,"height":0},"classes":[]},{"id":1501,"url":"https:\/\/mundobibliotecario.com.br\/index.php\/2010\/10\/09\/bibliotecas-que-twittam\/","url_meta":{"origin":3432,"position":1},"title":"Bibliotecas que twittam","author":"mundobibliotecario","date":"09\/10\/2010","format":false,"excerpt":"3 de outubro de 2010| 15h30| Tweet este Post Por Ag\u00eancias Tweets, SMS e aplicativos para celular s\u00e3o as armas das bibliotecas norte-americanas para cativar pessoas que torcem o nariz para fichas de papel. E parece que a t\u00e1tica est\u00e1 funcionando. Desde que come\u00e7aram a se moldar \u00e0 gera\u00e7\u00e3o iPod,\u2026","rel":"","context":"Em &quot;Not\u00edcias&quot;","block_context":{"text":"Not\u00edcias","link":"https:\/\/mundobibliotecario.com.br\/index.php\/category\/noticias\/"},"img":{"alt_text":"","src":"","width":0,"height":0},"classes":[]},{"id":5449,"url":"https:\/\/mundobibliotecario.com.br\/index.php\/2020\/01\/05\/rede-sesc-de-bibliotecas-vai-trabalhar-conceito-de-leituras-elasticas\/","url_meta":{"origin":3432,"position":2},"title":"Rede Sesc de Bibliotecas vai trabalhar conceito de leituras el\u00e1sticas","author":"mundobibliotecario","date":"05\/01\/2020","format":false,"excerpt":"Trabalho \u00e9 sobre a abordagem l\u00fadica em que se pode misturar livros com outras plataformas Ideia \u00e9 refor\u00e7ar o valor de promo\u00e7\u00e3o de leitura para al\u00e9m do livro. Cr\u00e9dito da foto: Pixabay Com um total de 386 unidades atualmente em funcionamento em todo o pa\u00eds, sendo 329 bibliotecas fixas e\u2026","rel":"","context":"Em &quot;Not\u00edcias&quot;","block_context":{"text":"Not\u00edcias","link":"https:\/\/mundobibliotecario.com.br\/index.php\/category\/noticias\/"},"img":{"alt_text":"","src":"","width":0,"height":0},"classes":[]},{"id":14,"url":"https:\/\/mundobibliotecario.com.br\/index.php\/2008\/07\/22\/a-informacao-sempre-correu-solta\/","url_meta":{"origin":3432,"position":3},"title":"A informa\u00e7\u00e3o sempre correu solta","author":"mundobibliotecario","date":"22\/07\/2008","format":false,"excerpt":"\u00c9 comum ouvir em diversos lugares, em v\u00e1rios textos que vivemos na Era da Informa\u00e7\u00e3o. Mas porque apenas agora a informa\u00e7\u00e3o tomou tamanha import\u00e2ncia a ponto de tornar-se nome de uma Era, de um momento hist\u00f3rico? Um primeiro ponto a ser considerado s\u00e3o as tecnologias da informa\u00e7\u00e3o. Nunca se viu,\u2026","rel":"","context":"Em &quot;Reflex\u00f5es&quot;","block_context":{"text":"Reflex\u00f5es","link":"https:\/\/mundobibliotecario.com.br\/index.php\/category\/reflexoes\/"},"img":{"alt_text":"","src":"","width":0,"height":0},"classes":[]},{"id":8327,"url":"https:\/\/mundobibliotecario.com.br\/index.php\/2021\/01\/13\/acao-do-sesc-estimula-leitura-em-empresas-de-alagoas\/","url_meta":{"origin":3432,"position":4},"title":"A\u00e7\u00e3o do Sesc estimula leitura em empresas de Alagoas","author":"mundobibliotecario","date":"13\/01\/2021","format":false,"excerpt":"Empresas podem se cadastrar para receber livros atrav\u00e9s da biblioteca ambulante do Sesc. Sesc Po\u00e7o \u2014 Foto: Divulga\u00e7\u00e3o J\u00e1 imaginou receber livros diretamente no trabalho? Atrav\u00e9s da biblioteca ambulante do Sesc Alagoas \u00e9 poss\u00edvel pegar os exemplares sem sair de casa. Para isso, basta que as empresas interessadas solicitem o\u2026","rel":"","context":"Em &quot;Not\u00edcias&quot;","block_context":{"text":"Not\u00edcias","link":"https:\/\/mundobibliotecario.com.br\/index.php\/category\/noticias\/"},"img":{"alt_text":"","src":"","width":0,"height":0},"classes":[]},{"id":5548,"url":"https:\/\/mundobibliotecario.com.br\/index.php\/2020\/04\/11\/biblioteca-faz-campanha-nas-redes-sociais-para-estimular-o-habito-da-leitura\/","url_meta":{"origin":3432,"position":5},"title":"Biblioteca faz campanha nas redes sociais para estimular o h\u00e1bito da leitura","author":"mundobibliotecario","date":"11\/04\/2020","format":false,"excerpt":"Nova identidade visual e comunica\u00e7\u00e3o interativa s\u00e3o as estrat\u00e9gias da BNB para atrair o p\u00fablico na internet A BNB investe em campanha para estimular as pessoas a lerem mais | Foto: Paulo H Carvalho \/ Ag\u00eancia Bras\u00edlia Compartilhar dicas de livros com conhecidos e desconhecidos como forma de estimular o\u2026","rel":"","context":"Em &quot;Not\u00edcias&quot;","block_context":{"text":"Not\u00edcias","link":"https:\/\/mundobibliotecario.com.br\/index.php\/category\/noticias\/"},"img":{"alt_text":"","src":"","width":0,"height":0},"classes":[]}],"jetpack_likes_enabled":true,"jetpack_shortlink":"https:\/\/wp.me\/pcbzwa-Tm","_links":{"self":[{"href":"https:\/\/mundobibliotecario.com.br\/index.php\/wp-json\/wp\/v2\/posts\/3432","targetHints":{"allow":["GET"]}}],"collection":[{"href":"https:\/\/mundobibliotecario.com.br\/index.php\/wp-json\/wp\/v2\/posts"}],"about":[{"href":"https:\/\/mundobibliotecario.com.br\/index.php\/wp-json\/wp\/v2\/types\/post"}],"author":[{"embeddable":true,"href":"https:\/\/mundobibliotecario.com.br\/index.php\/wp-json\/wp\/v2\/users\/1"}],"replies":[{"embeddable":true,"href":"https:\/\/mundobibliotecario.com.br\/index.php\/wp-json\/wp\/v2\/comments?post=3432"}],"version-history":[{"count":1,"href":"https:\/\/mundobibliotecario.com.br\/index.php\/wp-json\/wp\/v2\/posts\/3432\/revisions"}],"predecessor-version":[{"id":7129,"href":"https:\/\/mundobibliotecario.com.br\/index.php\/wp-json\/wp\/v2\/posts\/3432\/revisions\/7129"}],"wp:attachment":[{"href":"https:\/\/mundobibliotecario.com.br\/index.php\/wp-json\/wp\/v2\/media?parent=3432"}],"wp:term":[{"taxonomy":"category","embeddable":true,"href":"https:\/\/mundobibliotecario.com.br\/index.php\/wp-json\/wp\/v2\/categories?post=3432"},{"taxonomy":"post_tag","embeddable":true,"href":"https:\/\/mundobibliotecario.com.br\/index.php\/wp-json\/wp\/v2\/tags?post=3432"}],"curies":[{"name":"wp","href":"https:\/\/api.w.org\/{rel}","templated":true}]}}