{"id":3436,"date":"2014-03-20T12:59:28","date_gmt":"2014-03-20T15:59:28","guid":{"rendered":"http:\/\/mundobibliotecario.wordpress.com\/?p=3436"},"modified":"2014-03-20T12:59:28","modified_gmt":"2014-03-20T15:59:28","slug":"vaga-para-bibliotecario-escolar-em-sao-carlos-sp","status":"publish","type":"post","link":"https:\/\/mundobibliotecario.com.br\/index.php\/2014\/03\/20\/vaga-para-bibliotecario-escolar-em-sao-carlos-sp\/","title":{"rendered":"Vaga para bibliotec\u00e1rio escolar em S\u00e3o Carlos (SP)"},"content":{"rendered":"<p><a href=\"http:\/\/mundobibliotecario.files.wordpress.com\/2014\/03\/bibliotecaria.jpg\"><img loading=\"lazy\" decoding=\"async\" class=\"alignnone size-medium wp-image-3437\" alt=\"bibliotecaria\" src=\"http:\/\/mundobibliotecario.files.wordpress.com\/2014\/03\/bibliotecaria.jpg?w=276\" width=\"276\" height=\"300\" srcset=\"https:\/\/mundobibliotecario.com.br\/wp-content\/uploads\/2014\/03\/bibliotecaria.jpg 895w, https:\/\/mundobibliotecario.com.br\/wp-content\/uploads\/2014\/03\/bibliotecaria-277x300.jpg 277w\" sizes=\"auto, (max-width: 276px) 100vw, 276px\" \/><\/a><\/p>\n","protected":false},"excerpt":{"rendered":"","protected":false},"author":1,"featured_media":0,"comment_status":"open","ping_status":"open","sticky":false,"template":"","format":"image","meta":{"_mi_skip_tracking":false,"_exactmetrics_sitenote_active":false,"_exactmetrics_sitenote_note":"","_exactmetrics_sitenote_category":0,"_jetpack_newsletter_access":"","footnotes":""},"categories":[195],"tags":[196],"class_list":["post-3436","post","type-post","status-publish","format-image","hentry","category-emprego","tag-vaga-para-bibliotecario","post_format-post-format-image"],"jetpack_featured_media_url":"","jetpack_sharing_enabled":true,"jetpack-related-posts":[{"id":667,"url":"https:\/\/mundobibliotecario.com.br\/index.php\/2009\/06\/02\/bibliotecario-1-vaga\/","url_meta":{"origin":3436,"position":0},"title":"Bibliotec\u00e1rio (1 vaga)","author":"mundobibliotecario","date":"02\/06\/2009","format":false,"excerpt":"Col\u00e9gio Spinosa Sao Paulo-SP De R$ 1.001,00 a R$ 2.000,00 Aux\u00edlio aos alunos nos trabalhos escolares, dom\u00ednio em inform\u00e1tica e cataloga\u00e7\u00e3o de livros, jornais e revistas. Superior completo. Benef\u00edcios: Cesta b\u00e1sica, Seguro de vida em grupo, Vale-transporte Regime de contrata\u00e7\u00e3o: CLT (Efetivo) Hor\u00e1rio: De 2\u00aa a 6\u00aa feira das 8h\u2026","rel":"","context":"Em &quot;Emprego&quot;","block_context":{"text":"Emprego","link":"https:\/\/mundobibliotecario.com.br\/index.php\/category\/emprego\/"},"img":{"alt_text":"","src":"","width":0,"height":0},"classes":[]},{"id":304,"url":"https:\/\/mundobibliotecario.com.br\/index.php\/2009\/01\/21\/vaga-para-bibliotecario-sesi-sp\/","url_meta":{"origin":3436,"position":1},"title":"Vaga para bibliotec\u00e1rio &#8211; SESI-SP","author":"mundobibliotecario","date":"21\/01\/2009","format":false,"excerpt":"O SESI-SP, P\u00f3lo 10 (Ja\u00fa, Barra Bonita, Igara\u00e7\u00fa do Tiet\u00ea, Bariri e Brotas)\u00a0lan\u00e7ou o edital para a contrata\u00e7\u00e3o de\u00a0bibliotec\u00e1rio. A remunera\u00e7\u00e3o \u00e9 de R$ 2 714,16 para 40 horas semanais. Mais informa\u00e7\u00f5es no edital.","rel":"","context":"Em &quot;Emprego&quot;","block_context":{"text":"Emprego","link":"https:\/\/mundobibliotecario.com.br\/index.php\/category\/emprego\/"},"img":{"alt_text":"","src":"","width":0,"height":0},"classes":[]},{"id":1422,"url":"https:\/\/mundobibliotecario.com.br\/index.php\/2010\/08\/23\/vaga-e-concurso-para-bibliotecario\/","url_meta":{"origin":3436,"position":2},"title":"Vaga e concurso para bibliotec\u00e1rio","author":"mundobibliotecario","date":"23\/08\/2010","format":false,"excerpt":"1 vaga para Arquivista para SP (n\u00edvel superior) 1 vaga para Bibliotec\u00e1rio para centro de SP (n\u00edvel superior) 1 vaga para t\u00e9cnico em biblioteconomia 1 vaga para auxiliar de arquivo. 1 profissional com conhecimentos em PHP - aut\u00f4nomo Enviar cv com pretens\u00e3o para maria@organizarte.com.br ou daniela@organizarte.com.br informando a vaga pretendida.\u2026","rel":"","context":"Em &quot;Concurso&quot;","block_context":{"text":"Concurso","link":"https:\/\/mundobibliotecario.com.br\/index.php\/category\/concurso\/"},"img":{"alt_text":"","src":"","width":0,"height":0},"classes":[]},{"id":2114,"url":"https:\/\/mundobibliotecario.com.br\/index.php\/2011\/07\/05\/concursos-e-emprego-para-bibliotecario-julho2011\/","url_meta":{"origin":3436,"position":3},"title":"Concursos e emprego para bibliotec\u00e1rio &#8211; julho\/2011","author":"mundobibliotecario","date":"05\/07\/2011","format":false,"excerpt":"Saiu no Jornal Cruzeiro do Sul (Sorocaba - SP), no dia 3\/7\/2011: FACULDADE EM ITAPETININGA: necessita Bibliotec\u00e1ria (o) c\/ titula\u00e7\u00e3o em Biblioteconomia. Interessados enviar CV ricpelegrini@hotmail.com Processo seletivo para contrata\u00e7\u00e3o de bibliotec\u00e1rio no SESI (Polo de Mogi das Cruzes e Suzano): Bibliotec\u00e1rio para as Prefeituras de: Itajub\u00e1 (MG) (http:\/\/www.pciconcursos.com.br\/concurso\/prefeitura-de-itajuba-mg-25-vagas), Cap\u00e3o\u2026","rel":"","context":"Em &quot;Concurso&quot;","block_context":{"text":"Concurso","link":"https:\/\/mundobibliotecario.com.br\/index.php\/category\/concurso\/"},"img":{"alt_text":"","src":"","width":0,"height":0},"classes":[]},{"id":2450,"url":"https:\/\/mundobibliotecario.com.br\/index.php\/2012\/02\/15\/vaga-para-bibliotecario\/","url_meta":{"origin":3436,"position":4},"title":"Vaga para bibliotec\u00e1rio","author":"mundobibliotecario","date":"15\/02\/2012","format":false,"excerpt":"Vaga divulgada no grupo Bibliotec\u00e1rios. *** 1 vaga bibliotecario (a) em biblioteca universit\u00e1ria Local: Fape - Faculdade de Presidente Epit\u00e1cio (Presidente Epit\u00e1cio - SP) Valor: R$ 1.600,00 Maiores informa\u00e7\u00f5es e curriculo para: keli.vicente@uniesp.edu.br","rel":"","context":"Em &quot;Emprego&quot;","block_context":{"text":"Emprego","link":"https:\/\/mundobibliotecario.com.br\/index.php\/category\/emprego\/"},"img":{"alt_text":"","src":"","width":0,"height":0},"classes":[]},{"id":4522,"url":"https:\/\/mundobibliotecario.com.br\/index.php\/2017\/05\/08\/vaga-de-bibliotecario\/","url_meta":{"origin":3436,"position":5},"title":"Vaga de bibliotec\u00e1rio","author":"mundobibliotecario","date":"08\/05\/2017","format":false,"excerpt":"Contribui\u00e7\u00e3o de Ederly (Real Parceria) *** Estamos com \u00a0uma\u00a0 oportunidade para a vaga de Bibliotec\u00e1rio \u2013 Tempor\u00e1rio \u00a0para a Regi\u00e3o de Alum\u00ednio (SP). Pe\u00e7o a gentileza, se puder, divulgar para os Profissionais da \u00c1rea. Falar com Ederly 11-4335-6755 ou encaminhar o curr\u00edculo para ederly@realparceria.com.br","rel":"","context":"Em &quot;Emprego&quot;","block_context":{"text":"Emprego","link":"https:\/\/mundobibliotecario.com.br\/index.php\/category\/emprego\/"},"img":{"alt_text":"","src":"","width":0,"height":0},"classes":[]}],"jetpack_likes_enabled":true,"jetpack_shortlink":"https:\/\/wp.me\/pcbzwa-Tq","_links":{"self":[{"href":"https:\/\/mundobibliotecario.com.br\/index.php\/wp-json\/wp\/v2\/posts\/3436","targetHints":{"allow":["GET"]}}],"collection":[{"href":"https:\/\/mundobibliotecario.com.br\/index.php\/wp-json\/wp\/v2\/posts"}],"about":[{"href":"https:\/\/mundobibliotecario.com.br\/index.php\/wp-json\/wp\/v2\/types\/post"}],"author":[{"embeddable":true,"href":"https:\/\/mundobibliotecario.com.br\/index.php\/wp-json\/wp\/v2\/users\/1"}],"replies":[{"embeddable":true,"href":"https:\/\/mundobibliotecario.com.br\/index.php\/wp-json\/wp\/v2\/comments?post=3436"}],"version-history":[{"count":0,"href":"https:\/\/mundobibliotecario.com.br\/index.php\/wp-json\/wp\/v2\/posts\/3436\/revisions"}],"wp:attachment":[{"href":"https:\/\/mundobibliotecario.com.br\/index.php\/wp-json\/wp\/v2\/media?parent=3436"}],"wp:term":[{"taxonomy":"category","embeddable":true,"href":"https:\/\/mundobibliotecario.com.br\/index.php\/wp-json\/wp\/v2\/categories?post=3436"},{"taxonomy":"post_tag","embeddable":true,"href":"https:\/\/mundobibliotecario.com.br\/index.php\/wp-json\/wp\/v2\/tags?post=3436"}],"curies":[{"name":"wp","href":"https:\/\/api.w.org\/{rel}","templated":true}]}}