{"id":3453,"date":"2014-04-16T10:18:49","date_gmt":"2014-04-16T13:18:49","guid":{"rendered":"http:\/\/mundobibliotecario.wordpress.com\/?p=3453"},"modified":"2020-07-21T23:24:59","modified_gmt":"2020-07-22T02:24:59","slug":"tres-livros-antigos-da-biblioteca-de-harvard-foram-encapados-com-pele-humana","status":"publish","type":"post","link":"https:\/\/mundobibliotecario.com.br\/index.php\/2014\/04\/16\/tres-livros-antigos-da-biblioteca-de-harvard-foram-encapados-com-pele-humana\/","title":{"rendered":"Tr\u00eas livros antigos da biblioteca de Harvard foram encapados com pele humana"},"content":{"rendered":"<p><span style=\"color:#7d7d7d;\">Por\u00a0<\/span><span class=\"fn\" style=\"color:#7d7d7d;\">Charles Nisz<\/span><span style=\"color:#7d7d7d;\">\u00a0|\u00a0<\/span><span class=\"provider org\" style=\"color:#7d7d7d;\">Vi na Internet<\/span><span style=\"color:#7d7d7d;\">\u00a0\u2013\u00a0<\/span><abbr style=\"color:#7d7d7d;\" title=\"2014-04-08T00:40:13Z\">seg, 7 de abr de 2014<\/abbr><\/p>\n<p class=\"first\"><span class=\"yom-figure yom-fig-right\"><a style=\"color:#5d4370;\" href=\"https:\/\/s2.yimg.com\/bt\/api\/res\/1.2\/hGsSS..VWy.6IyhV9pccHQ--\/YXBwaWQ9eW5ld3M7cT04NQ--\/http:\/\/media.zenfs.com\/pt-BR\/blogs\/vi-internet\/livropelehumana.jpg\"><img loading=\"lazy\" decoding=\"async\" class=\"alignnone size-full wp-image-6049\" title=\"Foto: Harvard University\" src=\"https:\/\/s1.yimg.com\/bt\/api\/res\/1.2\/VSHIJ2L1nxslOpbGEHyw0Q--\/YXBwaWQ9eW5ld3M7cT04NTt3PTYzMA--\/http:\/\/media.zenfs.com\/pt-BR\/blogs\/vi-internet\/livropelehumana.jpg\" alt=\"\" width=\"630\" height=\"620\" \/><\/a><\/span><\/p>\n<p class=\"first\"><span class=\"yom-figure yom-fig-right\"><span class=\"legend\" style=\"color:#414141;\">Foto: Harvard University<\/span><\/span><\/p>\n<p>H\u00e1 algo de diferente em grandes bibliotecas: os sussurros para n\u00e3o atrapalhar a leitura, o cheiro dos livros antigos e empoeirados. S\u00e3o detalhes capazes de criar uma atmosfera peculiar. Mas alguns livros da biblioteca de Harvard s\u00e3o campe\u00f5es no quesito peculiaridade: pelo menos tr\u00eas obras raras da universidade norte-americana s\u00e3o encapados com pele humana.<\/p>\n<p><strong>Leia tamb\u00e9m:<br \/>\n<a style=\"color:#5d4370;\" href=\"https:\/\/br.noticias.yahoo.com\/blogs\/vi-na-internet\/b%C3%ADblia-achada-na-turquia-vale-r-3-5-182456079.html\" target=\"_blank\" rel=\"noopener noreferrer\">B\u00edblia achada na Turquia vale R$ 3,5 milh\u00f5es<\/a><\/strong><\/p>\n<p>Alguns anos atr\u00e1s, alguns estudiosos de editora\u00e7\u00e3o notaram algo diferente na encaderna\u00e7\u00e3o desses livros. O couro das capas era diferente do usual. Um estudo mais aprofundado descobriu o motivo da textura lisa e macia da capa dessas obras: os livros tinham sido encapados com pele humana. O mais assustador \u00e9 que em um dos casos, a pele foi retirada enquanto a pessoa ainda estava viva.<\/p>\n<p>A pr\u00e1tica n\u00e3o era incomum durante o s\u00e9culo XVII e recebia o nome de bibliopegia antropod\u00e9rmica. Muitos livros de anatomia e medicina eram encapados assim: presume-se que a mat\u00e9ria prima para encapar os livros era obtida de cad\u00e1veres. Ou seja, um livro sobre anatomia e a ci\u00eancia da vida e da morte era feito de restos humanos. \u00c9 interessante pensar como uma pr\u00e1tica dessa acontecia cerca de 300 anos atr\u00e1s. (vi no Distractify)<\/p>\n<p>Dispon\u00edvel em: &lt;<a href=\"https:\/\/br.noticias.yahoo.com\/blogs\/vi-na-internet\/tr%C3%AAs-livros-antigos-da-biblioteca-harvard-foram-encapados-004013871.html\">https:\/\/br.noticias.yahoo.com\/blogs\/vi-na-internet\/tr%C3%AAs-livros-antigos-da-biblioteca-harvard-foram-encapados-004013871.html<\/a>&gt;. Acesso em: 16 abr. 2014.<\/p>\n","protected":false},"excerpt":{"rendered":"<p>Por\u00a0Charles Nisz\u00a0|\u00a0Vi na Internet\u00a0\u2013\u00a0seg, 7 de abr de 2014 Foto: Harvard University H\u00e1 algo de diferente em grandes bibliotecas: os sussurros para n\u00e3o atrapalhar a leitura, o cheiro dos livros antigos e empoeirados. S\u00e3o detalhes capazes de criar uma atmosfera peculiar. Mas alguns livros da biblioteca de Harvard s\u00e3o campe\u00f5es no quesito peculiaridade: pelo menos &#8230; <a title=\"Tr\u00eas livros antigos da biblioteca de Harvard foram encapados com pele humana\" class=\"read-more\" href=\"https:\/\/mundobibliotecario.com.br\/index.php\/2014\/04\/16\/tres-livros-antigos-da-biblioteca-de-harvard-foram-encapados-com-pele-humana\/\" aria-label=\"Read more about Tr\u00eas livros antigos da biblioteca de Harvard foram encapados com pele humana\">Ler mais<\/a><\/p>\n","protected":false},"author":1,"featured_media":0,"comment_status":"open","ping_status":"open","sticky":false,"template":"","format":"standard","meta":{"_mi_skip_tracking":false,"_exactmetrics_sitenote_active":false,"_exactmetrics_sitenote_note":"","_exactmetrics_sitenote_category":0,"_jetpack_newsletter_access":"","footnotes":""},"categories":[60],"tags":[217],"class_list":["post-3453","post","type-post","status-publish","format-standard","hentry","category-noticias","tag-encadernacao"],"jetpack_featured_media_url":"","jetpack_sharing_enabled":true,"jetpack-related-posts":[{"id":2718,"url":"https:\/\/mundobibliotecario.com.br\/index.php\/2012\/09\/24\/roda-viva-recebe-robert-darnton\/","url_meta":{"origin":3453,"position":0},"title":"Roda Viva recebe Robert Darnton","author":"mundobibliotecario","date":"24\/09\/2012","format":false,"excerpt":"Historiador americano \u00e9 o convidado desta segunda-feira (24\/9), \u00e0s 22h na TV Cultura e no Portal cmais+. O Roda Viva desta segunda-feira (24\/9) entrevista o escritor, historiador e presidente da biblioteca de Harvard, Robert Darnton. O programa in\u00e9dito vai ao ar \u00e0s 22h, na TV Cultura. No centro do Roda\u2026","rel":"","context":"Em &quot;Not\u00edcias&quot;","block_context":{"text":"Not\u00edcias","link":"https:\/\/mundobibliotecario.com.br\/index.php\/category\/noticias\/"},"img":{"alt_text":"","src":"","width":0,"height":0},"classes":[]},{"id":2938,"url":"https:\/\/mundobibliotecario.com.br\/index.php\/2013\/02\/25\/dos-enciclopedistas-aos-bibliotecarios\/","url_meta":{"origin":3453,"position":1},"title":"Dos enciclopedistas aos bibliotec\u00e1rios","author":"mundobibliotecario","date":"25\/02\/2013","format":false,"excerpt":"O iluminismo \u00e9 o principal tema de estudo do historiador americano Robert Darnton, 73, autor de v\u00e1rios t\u00edtulos sobre como a difus\u00e3o do conhecimento alimentou revolu\u00e7\u00f5es no s\u00e9culo 18. \u00c9 de certa forma inspirado nos ideais dos enciclopedistas que Darnton comanda ele tamb\u00e9m uma revolu\u00e7\u00e3o. Como diretor do imenso complexo\u2026","rel":"","context":"Em &quot;Not\u00edcias&quot;","block_context":{"text":"Not\u00edcias","link":"https:\/\/mundobibliotecario.com.br\/index.php\/category\/noticias\/"},"img":{"alt_text":"","src":"","width":0,"height":0},"classes":[]},{"id":3054,"url":"https:\/\/mundobibliotecario.com.br\/index.php\/2013\/04\/04\/a-biblioteca-nacional-digital-americana-esta-no-ar\/","url_meta":{"origin":3453,"position":2},"title":"A Biblioteca Nacional Digital americana est\u00e1 no ar","author":"mundobibliotecario","date":"04\/04\/2013","format":false,"excerpt":"PublishNews - 03\/04\/2013 - Iona Teixeira Stevens \u00a0Projeto comandado por Robert Darnton ser\u00e1 lan\u00e7ado dia 18 \u00a0Robert Darnton, velho conhecido dos analistas sobre o futuro dos livros, anunciou no New York Review of Books o lan\u00e7amento da t\u00e3o aguardada e pol\u00eamica Biblioteca Digital, no dia 18 de abril. At\u00e9 l\u00e1,\u2026","rel":"","context":"Em &quot;Not\u00edcias&quot;","block_context":{"text":"Not\u00edcias","link":"https:\/\/mundobibliotecario.com.br\/index.php\/category\/noticias\/"},"img":{"alt_text":"","src":"","width":0,"height":0},"classes":[]},{"id":4593,"url":"https:\/\/mundobibliotecario.com.br\/index.php\/2017\/09\/29\/bibliotecaria-rejeita-doacao-de-livros-de-melania-trump-a-escola-nos-eua\/","url_meta":{"origin":3453,"position":3},"title":"Bibliotec\u00e1ria rejeita doa\u00e7\u00e3o de livros de Melania Trump a escola nos EUA","author":"mundobibliotecario","date":"29\/09\/2017","format":false,"excerpt":"Bibliotec\u00e1ria rejeita doa\u00e7\u00e3o de livros de Melania Trump a escola nos EUA Primeira-dama enviou conjunto com 10 volumes para uma institui\u00e7\u00e3o de cada estado A primeira-dama dos EUA, Melania Trump, fala durante um debate na Casa Branca, em Washington\u00a0- MANDEL NGAN \/ AFP \u00a0WASHINGTON \u2014 A bibliotec\u00e1ria de uma escola\u2026","rel":"","context":"Em &quot;Not\u00edcias&quot;","block_context":{"text":"Not\u00edcias","link":"https:\/\/mundobibliotecario.com.br\/index.php\/category\/noticias\/"},"img":{"alt_text":"","src":"https:\/\/i0.wp.com\/ogimg.infoglobo.com.br\/in\/21885870-ca3-84e\/FT1086A\/420\/x71941760_US-First-Lady-Melania-Trump-speaks-during-a-round-table-discussion-on-opioid-abuse-in-t-1.jpg.pagespeed.ic.GlxuZrYl_C.jpg?resize=350%2C200&ssl=1","width":350,"height":200},"classes":[]},{"id":1202,"url":"https:\/\/mundobibliotecario.com.br\/index.php\/2010\/04\/09\/inauguracao-do-acervo-historico-nhonho-magalhaes-acontece-na-proxima-semana-no-cech\/","url_meta":{"origin":3453,"position":4},"title":"Inaugura\u00e7\u00e3o do acervo hist\u00f3rico &#8220;Nhonh\u00f4&#8221; Magalh\u00e3es acontece na pr\u00f3xima semana no CECH","author":"mundobibliotecario","date":"09\/04\/2010","format":false,"excerpt":"Na pr\u00f3xima ter\u00e7a-feira, dia 13 de abri (sic), a Unidade Especial de Informa\u00e7\u00e3o e Mem\u00f3ria (UEIM) da UFSCar apresenta a cole\u00e7\u00e3o do Fundo \"Nhonh\u00f4\" Magalh\u00e3es. O acervo concentra diversos documentos do empres\u00e1rio, fazendeiro e l\u00edder agr\u00edcola e empresarial Carlos Le\u00f4ncio Magalh\u00e3es, tamb\u00e9m conhecido como \"Nhonh\u00f4\" Magalh\u00e3es. O projeto de restaura\u00e7\u00e3o\u2026","rel":"","context":"Em &quot;Not\u00edcias&quot;","block_context":{"text":"Not\u00edcias","link":"https:\/\/mundobibliotecario.com.br\/index.php\/category\/noticias\/"},"img":{"alt_text":"","src":"","width":0,"height":0},"classes":[]},{"id":4849,"url":"https:\/\/mundobibliotecario.com.br\/index.php\/2010\/04\/09\/inauguracao-do-acervo-historico-nhonho-magalhaes-acontece-na-proxima-semana-no-cech-2\/","url_meta":{"origin":3453,"position":5},"title":"Inaugura\u00e7\u00e3o do acervo hist\u00f3rico &quot;Nhonh\u00f4&quot; Magalh\u00e3es acontece na pr\u00f3xima semana no CECH","author":"mundobibliotecario","date":"09\/04\/2010","format":false,"excerpt":"Na pr\u00f3xima ter\u00e7a-feira, dia 13 de abri (sic), a Unidade Especial de Informa\u00e7\u00e3o e Mem\u00f3ria (UEIM) da UFSCar apresenta a cole\u00e7\u00e3o do Fundo \"Nhonh\u00f4\" Magalh\u00e3es. O acervo concentra diversos documentos do empres\u00e1rio, fazendeiro e l\u00edder agr\u00edcola e empresarial Carlos Le\u00f4ncio Magalh\u00e3es, tamb\u00e9m conhecido como \"Nhonh\u00f4\" Magalh\u00e3es. O projeto de restaura\u00e7\u00e3o\u2026","rel":"","context":"Em &quot;Not\u00edcias&quot;","block_context":{"text":"Not\u00edcias","link":"https:\/\/mundobibliotecario.com.br\/index.php\/category\/noticias\/"},"img":{"alt_text":"","src":"","width":0,"height":0},"classes":[]}],"jetpack_likes_enabled":true,"jetpack_shortlink":"https:\/\/wp.me\/pcbzwa-TH","_links":{"self":[{"href":"https:\/\/mundobibliotecario.com.br\/index.php\/wp-json\/wp\/v2\/posts\/3453","targetHints":{"allow":["GET"]}}],"collection":[{"href":"https:\/\/mundobibliotecario.com.br\/index.php\/wp-json\/wp\/v2\/posts"}],"about":[{"href":"https:\/\/mundobibliotecario.com.br\/index.php\/wp-json\/wp\/v2\/types\/post"}],"author":[{"embeddable":true,"href":"https:\/\/mundobibliotecario.com.br\/index.php\/wp-json\/wp\/v2\/users\/1"}],"replies":[{"embeddable":true,"href":"https:\/\/mundobibliotecario.com.br\/index.php\/wp-json\/wp\/v2\/comments?post=3453"}],"version-history":[{"count":3,"href":"https:\/\/mundobibliotecario.com.br\/index.php\/wp-json\/wp\/v2\/posts\/3453\/revisions"}],"predecessor-version":[{"id":6536,"href":"https:\/\/mundobibliotecario.com.br\/index.php\/wp-json\/wp\/v2\/posts\/3453\/revisions\/6536"}],"wp:attachment":[{"href":"https:\/\/mundobibliotecario.com.br\/index.php\/wp-json\/wp\/v2\/media?parent=3453"}],"wp:term":[{"taxonomy":"category","embeddable":true,"href":"https:\/\/mundobibliotecario.com.br\/index.php\/wp-json\/wp\/v2\/categories?post=3453"},{"taxonomy":"post_tag","embeddable":true,"href":"https:\/\/mundobibliotecario.com.br\/index.php\/wp-json\/wp\/v2\/tags?post=3453"}],"curies":[{"name":"wp","href":"https:\/\/api.w.org\/{rel}","templated":true}]}}