{"id":3456,"date":"2014-04-23T22:06:18","date_gmt":"2014-04-24T01:06:18","guid":{"rendered":"http:\/\/mundobibliotecario.wordpress.com\/?p=3456"},"modified":"2020-07-21T23:54:17","modified_gmt":"2020-07-22T02:54:17","slug":"23-dia-de-abril-dia-do-direito-autoral","status":"publish","type":"post","link":"https:\/\/mundobibliotecario.com.br\/index.php\/2014\/04\/23\/23-dia-de-abril-dia-do-direito-autoral\/","title":{"rendered":"23 dia de abril &#8211; Dia do Direito Autoral"},"content":{"rendered":"<table style=\"color:#636a75;\" width=\"650\" cellspacing=\"0\" cellpadding=\"0\">\n<tbody style=\"font-weight:inherit;font-style:inherit;\">\n<tr style=\"font-weight:inherit;font-style:inherit;\">\n<td style=\"font-style:inherit;\"><a style=\"font-weight:inherit;font-style:inherit;\" href=\"http:\/\/trk.virtualtarget.com.br\/index.dma\/DmaClick?20901,50,87126,3106,8151b4ea84133c824396eb239d3be7b9,aHR0cDovL3d3dy5iaWVuYWxkb2xpdnJvc3AuY29tLmJyLz91dG1fc291cmNlPVZpcnR1YWxfVGFyZ2V0JnV0bV9tZWRpdW09RW1haWwmdXRtX2NvbnRlbnQ9JnV0bV9jYW1wYWlnbj1EaWFfTXVuZGlhbF9kb19MaXZyb19lX2RpcmVpdG9fYXV0b3JhbCZ1dG1fdGVybT0=,1,aWcuY29tLmJy\" target=\"_blank\" rel=\"noopener noreferrer\"><\/a><\/td>\n<\/tr>\n<tr style=\"font-weight:inherit;font-style:inherit;\">\n<td style=\"font-style:inherit;\" align=\"center\" valign=\"top\"><\/td>\n<\/tr>\n<\/tbody>\n<\/table>\n<table style=\"color:#636a75;\" border=\"0\" width=\"650\" cellspacing=\"0\" cellpadding=\"0\">\n<tbody style=\"font-weight:inherit;font-style:inherit;\">\n<tr style=\"font-weight:inherit;font-style:inherit;\">\n<td style=\"font-style:inherit;\" width=\"15\"><\/td>\n<td style=\"font-style:inherit;\" bgcolor=\"#4b4b46\" width=\"620\"><\/td>\n<td style=\"font-style:inherit;\" width=\"15\"><\/td>\n<\/tr>\n<tr style=\"font-weight:inherit;font-style:inherit;\">\n<td style=\"font-style:inherit;\" bgcolor=\"#4b4b46\" width=\"15\"><\/td>\n<td style=\"font-style:inherit;\" bgcolor=\"#4b4b46\">\n<h2 style=\"font-weight:inherit;font-style:inherit;\"><span style=\"font-weight:inherit;font-style:inherit;color:#ffff00;\"><span style=\"font-weight:inherit;font-style:inherit;\">Dia Mundial do Livro e do Direito Autoral<\/span><\/span><\/h2>\n<\/td>\n<td style=\"font-style:inherit;\" bgcolor=\"#4b4b46\" width=\"15\"><\/td>\n<\/tr>\n<tr style=\"font-weight:inherit;font-style:inherit;\">\n<td style=\"font-style:inherit;\" width=\"15\"><\/td>\n<td style=\"font-style:inherit;\" bgcolor=\"#4b4b46\"><\/td>\n<td style=\"font-style:inherit;\" width=\"15\"><\/td>\n<\/tr>\n<tr style=\"font-weight:inherit;font-style:inherit;\">\n<td style=\"font-style:inherit;\" colspan=\"3\"><\/td>\n<\/tr>\n<tr style=\"font-weight:inherit;font-style:inherit;\">\n<td style=\"font-style:inherit;\" colspan=\"3\">\n<table style=\"font-weight:inherit;font-style:inherit;\" border=\"0\" width=\"650\" cellspacing=\"0\" cellpadding=\"0\">\n<tbody style=\"font-weight:inherit;font-style:inherit;\">\n<tr style=\"font-weight:inherit;font-style:inherit;\">\n<td style=\"font-style:inherit;\"><\/td>\n<\/tr>\n<tr style=\"font-weight:inherit;font-style:inherit;\">\n<td style=\"font-style:inherit;\">\n<table style=\"font-weight:inherit;font-style:inherit;\" border=\"0\" width=\"100%\" cellspacing=\"0\" cellpadding=\"0\" bgcolor=\"#ffffff\">\n<tbody style=\"font-weight:inherit;font-style:inherit;\">\n<tr style=\"font-weight:inherit;font-style:inherit;\">\n<td style=\"font-style:inherit;\" align=\"center\">\n<table style=\"font-weight:inherit;font-style:inherit;\" border=\"0\" width=\"610\" cellspacing=\"0\" cellpadding=\"0\" align=\"center\">\n<tbody style=\"font-weight:inherit;font-style:inherit;\">\n<tr style=\"font-weight:inherit;font-style:inherit;\">\n<td style=\"font-style:inherit;\"><span style=\"font-weight:inherit;font-style:inherit;\"><span style=\"font-weight:inherit;font-style:inherit;\">O\u00a0<strong style=\"font-style:inherit;\">Dia Mundial do Livro e do Direito Autoral<\/strong>\u00a0\u00e9 um evento comemorado todos os anos no dia 23 de abril, e organizado pela UNESCO para promover o<strong style=\"font-style:inherit;\">\u00a0prazer da leitura<\/strong>, a\u00a0<strong style=\"font-style:inherit;\">publica\u00e7\u00e3o de livros<\/strong>\u00a0e a\u00a0<strong style=\"font-style:inherit;\">prote\u00e7\u00e3o dos direitos autorais<\/strong>. A data foi escolhida porque neste mesmo dia morreram\u00a0<strong style=\"font-style:inherit;\">Miguel de Cervantes<\/strong>,\u00a0<strong style=\"font-style:inherit;\">William Shakespeare<\/strong>\u00a0e\u00a0<strong style=\"font-style:inherit;\">Garcilaso de la Veja<\/strong>.<\/span><\/span><br \/>\n<span style=\"font-weight:inherit;font-style:inherit;\"><span style=\"font-weight:inherit;font-style:inherit;\"><span style=\"font-weight:inherit;font-style:inherit;color:#ffffff;\">F<\/span><\/span><\/span><\/td>\n<\/tr>\n<tr style=\"font-weight:inherit;font-style:inherit;\">\n<td style=\"font-style:inherit;\">\n<table style=\"font-weight:inherit;font-style:inherit;\" border=\"0\" width=\"140\" cellspacing=\"3\" cellpadding=\"3\" align=\"right\">\n<tbody style=\"font-weight:inherit;font-style:inherit;\">\n<tr style=\"font-weight:inherit;font-style:inherit;\">\n<td style=\"font-style:inherit;\"><\/td>\n<\/tr>\n<\/tbody>\n<\/table>\n<p style=\"font-weight:inherit;font-style:inherit;\"><span style=\"font-weight:inherit;font-style:inherit;\"><span style=\"font-weight:inherit;font-style:inherit;\">Tradicionalmente, em diversos pa\u00edses do mundo, a 23 de abril, uma rosa \u00e9 oferecida a quem compra um livro. Uma rosa por S\u00e3o Jorge, padroeiro da regi\u00e3o da Catalunha, e um livro por Miguel de Cervantes.<\/span><\/span><br \/>\n<span style=\"font-weight:inherit;font-style:inherit;\"><span style=\"font-weight:inherit;font-style:inherit;\"><span style=\"font-weight:inherit;font-style:inherit;color:#ffffff;\">F<\/span><\/span><\/span><br \/>\n<span style=\"font-weight:inherit;font-style:inherit;\"><span style=\"font-weight:inherit;font-style:inherit;\"><strong style=\"font-style:inherit;\">No Dia Mundial do Livro e do Direito Autoral<br \/>\ntroque uma rosa por um livro!<\/strong><\/span><\/span><\/p>\n<\/td>\n<\/tr>\n<tr style=\"font-weight:inherit;font-style:inherit;\">\n<td style=\"font-style:inherit;\"><span style=\"font-weight:inherit;font-style:inherit;color:#ffffff;\">F<\/span><br \/>\n<span style=\"font-weight:inherit;font-style:inherit;\"><span style=\"font-weight:inherit;font-style:inherit;\"><span style=\"font-weight:inherit;font-style:inherit;color:#ffffff;\">F<\/span><\/span><\/span><br \/>\n<span style=\"font-weight:inherit;font-style:inherit;\"><span style=\"font-weight:inherit;font-style:inherit;\">Atenciosamente<br \/>\nEquipe Bienal Internacional do Livro de S\u00e3o Paulo 2014<span style=\"font-weight:inherit;font-style:inherit;color:#ffffff;\">!<\/span><\/span><\/span><\/td>\n<\/tr>\n<tr style=\"font-weight:inherit;font-style:inherit;\" align=\"left\">\n<td style=\"font-style:inherit;\">\n<table style=\"font-weight:inherit;font-style:inherit;\" border=\"0\" width=\"610\" cellspacing=\"0\" cellpadding=\"0\">\n<tbody style=\"font-weight:inherit;font-style:inherit;\">\n<tr style=\"font-weight:inherit;font-style:inherit;\">\n<td style=\"font-style:inherit;\">\n<table style=\"font-weight:inherit;font-style:inherit;\" border=\"0\" width=\"100%\" cellspacing=\"0\" cellpadding=\"0\">\n<tbody style=\"font-weight:inherit;font-style:inherit;\">\n<tr style=\"font-weight:inherit;font-style:inherit;\">\n<td style=\"font-style:inherit;\" width=\"15\" height=\"15\"><\/td>\n<td style=\"font-style:inherit;\" bgcolor=\"#4b4b46\" height=\"15\"><\/td>\n<td style=\"font-style:inherit;\" width=\"15\" height=\"15\"><\/td>\n<\/tr>\n<tr style=\"font-weight:inherit;font-style:inherit;\">\n<td style=\"font-style:inherit;\" bgcolor=\"#4b4b46\" width=\"15\"><\/td>\n<td style=\"font-style:inherit;color:#ffffff;\" bgcolor=\"#4b4b46\"><span style=\"font-weight:inherit;font-style:inherit;\"><a style=\"font-weight:inherit;font-style:inherit;\" href=\"http:\/\/trk.virtualtarget.com.br\/index.dma\/DmaClick?20901,50,87126,3109,8151b4ea84133c824396eb239d3be7b9,aHR0cDovL3d3dy5iaWVuYWxkb2xpdnJvc3AuY29tLmJyP3V0bV9zb3VyY2U9VmlydHVhbF9UYXJnZXQmdXRtX21lZGl1bT1FbWFpbCZ1dG1fY29udGVudD0mdXRtX2NhbXBhaWduPURpYV9NdW5kaWFsX2RvX0xpdnJvX2VfZGlyZWl0b19hdXRvcmFsJnV0bV90ZXJtPQ==,1,aWcuY29tLmJy\" target=\"_blank\" rel=\"noopener noreferrer\"><span style=\"font-weight:inherit;font-style:inherit;color:#ffffff;\">www.bienaldolivrosp.com.br<\/span><\/a><\/span><\/td>\n<\/tr>\n<\/tbody>\n<\/table>\n<\/td>\n<\/tr>\n<\/tbody>\n<\/table>\n<\/td>\n<\/tr>\n<\/tbody>\n<\/table>\n<\/td>\n<\/tr>\n<\/tbody>\n<\/table>\n<\/td>\n<\/tr>\n<\/tbody>\n<\/table>\n<\/td>\n<\/tr>\n<\/tbody>\n<\/table>\n","protected":false},"excerpt":{"rendered":"<p>Dia Mundial do Livro e do Direito Autoral O\u00a0Dia Mundial do Livro e do Direito Autoral\u00a0\u00e9 um evento comemorado todos os anos no dia 23 de abril, e organizado pela UNESCO para promover o\u00a0prazer da leitura, a\u00a0publica\u00e7\u00e3o de livros\u00a0e a\u00a0prote\u00e7\u00e3o dos direitos autorais. A data foi escolhida porque neste mesmo dia morreram\u00a0Miguel de Cervantes,\u00a0William Shakespeare\u00a0e\u00a0Garcilaso &#8230; <a title=\"23 dia de abril &#8211; Dia do Direito Autoral\" class=\"read-more\" href=\"https:\/\/mundobibliotecario.com.br\/index.php\/2014\/04\/23\/23-dia-de-abril-dia-do-direito-autoral\/\" aria-label=\"Read more about 23 dia de abril &#8211; Dia do Direito Autoral\">Ler mais<\/a><\/p>\n","protected":false},"author":1,"featured_media":0,"comment_status":"open","ping_status":"open","sticky":false,"template":"","format":"standard","meta":{"_mi_skip_tracking":false,"_exactmetrics_sitenote_active":false,"_exactmetrics_sitenote_note":"","_exactmetrics_sitenote_category":0,"_jetpack_newsletter_access":"","footnotes":""},"categories":[60],"tags":[76],"class_list":["post-3456","post","type-post","status-publish","format-standard","hentry","category-noticias","tag-direito-autoral"],"jetpack_featured_media_url":"","jetpack_sharing_enabled":true,"jetpack-related-posts":[{"id":4035,"url":"https:\/\/mundobibliotecario.com.br\/index.php\/2015\/11\/05\/fazendo-nossa-licao-de-casa-de-direito-autoral\/","url_meta":{"origin":3456,"position":0},"title":"Fazendo nossa li\u00e7\u00e3o de casa de direito autoral","author":"mundobibliotecario","date":"05\/11\/2015","format":false,"excerpt":"Quando comecei na biblioteca escolar muitos anos atr\u00e1s, n\u00e3o sabia que eu estaria pensando sobre direitos autorais em uma base regular. Postamos um aviso de direitos autorais sobre cada fotocopiadora para evitar que os usu\u00e1rios da biblioteca violem a lei, mas quest\u00f5es sobre se algo foi legal ou n\u00e3o surgiram\u2026","rel":"","context":"Em &quot;Not\u00edcias&quot;","block_context":{"text":"Not\u00edcias","link":"https:\/\/mundobibliotecario.com.br\/index.php\/category\/noticias\/"},"img":{"alt_text":"","src":"","width":0,"height":0},"classes":[]},{"id":1887,"url":"https:\/\/mundobibliotecario.com.br\/index.php\/2011\/03\/17\/curso-aborda-questoes-praticas-sobre-o-livro-e-o-direito-autoral\/","url_meta":{"origin":3456,"position":1},"title":"Curso aborda quest\u00f5es pr\u00e1ticas sobre o livro e o direito autoral","author":"mundobibliotecario","date":"17\/03\/2011","format":false,"excerpt":"Escola do Escritor - 16\/03\/2011 A Lei do Direito Autoral e os v\u00e1rios aspectos que a envolvem t\u00eam sido foco para discuss\u00e3o. Que obras s\u00e3o protegidas pela lei? Que cuidados ter na utiliza\u00e7\u00e3o de conte\u00fados protegidos? Como evitar uma reprodu\u00e7\u00e3o de texto sem autoriza\u00e7\u00e3o expressa do respons\u00e1vel? Quando acontece a\u2026","rel":"","context":"Em &quot;Curso&quot;","block_context":{"text":"Curso","link":"https:\/\/mundobibliotecario.com.br\/index.php\/category\/curso\/"},"img":{"alt_text":"","src":"","width":0,"height":0},"classes":[]},{"id":3462,"url":"https:\/\/mundobibliotecario.com.br\/index.php\/2014\/05\/06\/trf-entende-que-normas-da-anbt-nao-tem-protecao-autoral\/","url_meta":{"origin":3456,"position":2},"title":"TRF entende que normas da ANBT n\u00e3o t\u00eam prote\u00e7\u00e3o autoral","author":"mundobibliotecario","date":"06\/05\/2014","format":false,"excerpt":"Por\u00a0Beatriz Olivon | De S\u00e3o Paulo \u00a0 O Tribunal Regional Federal (TRF) da 3\u00aa Regi\u00e3o manteve decis\u00e3o da primeira inst\u00e2ncia que determinou \u00e0 Associa\u00e7\u00e3o Brasileira de Normas T\u00e9cnicas (ABNT), juntamente com a Uni\u00e3o, de se absterem de exigir direitos autorais da Target Engenharia e Consultoria. A 5\u00aa Turma da Corte\u2026","rel":"","context":"Em &quot;Not\u00edcias&quot;","block_context":{"text":"Not\u00edcias","link":"https:\/\/mundobibliotecario.com.br\/index.php\/category\/noticias\/"},"img":{"alt_text":"","src":"","width":0,"height":0},"classes":[]},{"id":3818,"url":"https:\/\/mundobibliotecario.com.br\/index.php\/2015\/08\/17\/edital-seleciona-consultores-na-area-de-direitos-autorais\/","url_meta":{"origin":3456,"position":3},"title":"Edital seleciona consultores na \u00e1rea de Direitos Autorais","author":"mundobibliotecario","date":"17\/08\/2015","format":false,"excerpt":"Embora as inscri\u00e7\u00f5es n\u00e3o contemplem a forma\u00e7\u00e3o em Biblioteconomia, e curiosamente uma das \u00e1reas de atua\u00e7\u00e3o seja justamente para trabalhar com foco em bibliotecas, considero interessante publicar esse edital, at\u00e9 mesmo para que nos pr\u00f3ximos os bibliotec\u00e1rios sejam contemplados. \u00c9 preciso fazer barulho em cima disso, afinal,\u00a0\u00a0\u00e9 algo que nos\u2026","rel":"","context":"Em &quot;Emprego&quot;","block_context":{"text":"Emprego","link":"https:\/\/mundobibliotecario.com.br\/index.php\/category\/emprego\/"},"img":{"alt_text":"","src":"","width":0,"height":0},"classes":[]},{"id":1305,"url":"https:\/\/mundobibliotecario.com.br\/index.php\/2010\/06\/07\/3%c2%ba-workshop-copysouth-conferencia-internacional-sobre-direito-autoral\/","url_meta":{"origin":3456,"position":4},"title":"3\u00ba Workshop CopySouth &#8211; Confer\u00eancia Internacional sobre Direito Autoral","author":"mundobibliotecario","date":"07\/06\/2010","format":false,"excerpt":"http:\/\/copysouth.org\/portal\/pt-br\/rio \u25cf copysouth.rio2010@gmail.com O Grupo de Pesquisa CopySouth (GPCS) convida voc\u00ea a assistir e participar dos debates promovidos nos tr\u00eas dias de sua Confer\u00eancia Internacional sobre Direito Autoral, a ser realizada no Rio de Janeiro, Brasil, no final de junho. O momento \u00e9 importante para discutir essas quest\u00f5es. Os pressupostos\u2026","rel":"","context":"Em &quot;Eventos&quot;","block_context":{"text":"Eventos","link":"https:\/\/mundobibliotecario.com.br\/index.php\/category\/eventos\/"},"img":{"alt_text":"","src":"","width":0,"height":0},"classes":[]},{"id":2092,"url":"https:\/\/mundobibliotecario.com.br\/index.php\/2011\/06\/23\/ana-de-hollanda-diz-que-os-interesses-do-autor-sao-prioridade\/","url_meta":{"origin":3456,"position":5},"title":"Ana de Hollanda diz que os interesses do autor s\u00e3o prioridade","author":"mundobibliotecario","date":"23\/06\/2011","format":false,"excerpt":"31\/05\/2011 - 15h18 N\u00c1DIA GUERLENDA CABRAL DE BRAS\u00cdLIA Atualizado \u00e0s 17h08. Na manh\u00e3 desta ter\u00e7a-feira (31), a ministra da Cultura, Ana de Hollanda, afirmou que o foco da reforma dos direitos autorais s\u00e3o os interesses do autor. \"O autor \u00e9 senhor de sua obra e deseja que ela circule. Este\u2026","rel":"","context":"Em &quot;Not\u00edcias&quot;","block_context":{"text":"Not\u00edcias","link":"https:\/\/mundobibliotecario.com.br\/index.php\/category\/noticias\/"},"img":{"alt_text":"","src":"","width":0,"height":0},"classes":[]}],"jetpack_likes_enabled":true,"jetpack_shortlink":"https:\/\/wp.me\/pcbzwa-TK","_links":{"self":[{"href":"https:\/\/mundobibliotecario.com.br\/index.php\/wp-json\/wp\/v2\/posts\/3456","targetHints":{"allow":["GET"]}}],"collection":[{"href":"https:\/\/mundobibliotecario.com.br\/index.php\/wp-json\/wp\/v2\/posts"}],"about":[{"href":"https:\/\/mundobibliotecario.com.br\/index.php\/wp-json\/wp\/v2\/types\/post"}],"author":[{"embeddable":true,"href":"https:\/\/mundobibliotecario.com.br\/index.php\/wp-json\/wp\/v2\/users\/1"}],"replies":[{"embeddable":true,"href":"https:\/\/mundobibliotecario.com.br\/index.php\/wp-json\/wp\/v2\/comments?post=3456"}],"version-history":[{"count":8,"href":"https:\/\/mundobibliotecario.com.br\/index.php\/wp-json\/wp\/v2\/posts\/3456\/revisions"}],"predecessor-version":[{"id":7139,"href":"https:\/\/mundobibliotecario.com.br\/index.php\/wp-json\/wp\/v2\/posts\/3456\/revisions\/7139"}],"wp:attachment":[{"href":"https:\/\/mundobibliotecario.com.br\/index.php\/wp-json\/wp\/v2\/media?parent=3456"}],"wp:term":[{"taxonomy":"category","embeddable":true,"href":"https:\/\/mundobibliotecario.com.br\/index.php\/wp-json\/wp\/v2\/categories?post=3456"},{"taxonomy":"post_tag","embeddable":true,"href":"https:\/\/mundobibliotecario.com.br\/index.php\/wp-json\/wp\/v2\/tags?post=3456"}],"curies":[{"name":"wp","href":"https:\/\/api.w.org\/{rel}","templated":true}]}}