{"id":3489,"date":"2014-05-28T10:15:40","date_gmt":"2014-05-28T13:15:40","guid":{"rendered":"http:\/\/mundobibliotecario.wordpress.com\/?p=3489"},"modified":"2014-05-28T10:15:40","modified_gmt":"2014-05-28T13:15:40","slug":"projeto-proibe-compra-de-publicacoes-estrangeiras","status":"publish","type":"post","link":"https:\/\/mundobibliotecario.com.br\/index.php\/2014\/05\/28\/projeto-proibe-compra-de-publicacoes-estrangeiras\/","title":{"rendered":"Projeto pro\u00edbe compra de publica\u00e7\u00f5es estrangeiras!"},"content":{"rendered":"<p>Republica\u00e7\u00e3o do post do blog Biblioteca do Bibliotec\u00e1rio, do Prof\u00ba Murilo Cunha.<\/p>\n<p>A proposta \u00e9 um absurdo n\u00e3o s\u00f3 por seu conte\u00fado, mas principalmente por querer impor barreiras para o acesso \u00e0 informa\u00e7\u00e3o cient\u00edfica e tecnol\u00f3gica, sobretudo no meio universit\u00e1rio, que necessita desse tipo de informa\u00e7\u00e3o para o desenvolvimento de suas atividades.<\/p>\n<p>***<\/p>\n<p>Fonte:\u00a0<em>C\u00e2mara Not\u00edcias.<\/em>\u00a0Data: 20\/05\/2014.<\/p>\n<p>URL: www2.camara.leg.br\/camaranoticias\/noticias\/ADMINISTRACAO-PUBLICA\/468333-PROJETO-PROIBE-ORGAOS-PUBLICOS-DE-COMPRAR-PUBLICACOES-ESTRANGEIRAS.html<\/p>\n<p>C\u00e2mara analisa o Projeto de Lei 7299\/14, do deputado Vicentinho (PT-SP), que pro\u00edbe os \u00f3rg\u00e3os p\u00fablicos federais estaduais e municipais de adquirirem publica\u00e7\u00f5es gr\u00e1ficas estrangeiras.<\/p>\n<p>\u201cO poder p\u00fablico n\u00e3o deve favorecer o mercado externo em detrimento das produ\u00e7\u00f5es nacionais\u201d, argumenta o deputado. Pelo texto, os \u00f3rg\u00e3os p\u00fablicos poder\u00e3o adquirir apenas as publica\u00e7\u00f5es \u201cde natureza especial sem similaridade com produtos fabricados no Pa\u00eds\u201d.<\/p>\n<p>\u201cA necessidade de crescimento da economia nacional obriga-nos a voltar as aten\u00e7\u00f5es aos produtos produzidos internamente\u201d, complementa Vicentinho.<\/p>\n<p><strong>Tramita\u00e7\u00e3o<\/strong><\/p>\n<p>De\u00a0car\u00e1ter conclusivo, a proposta ser\u00e1 analisada pelas comiss\u00f5es de Trabalho, de Administra\u00e7\u00e3o e Servi\u00e7o P\u00fablico; e de Constitui\u00e7\u00e3o e Justi\u00e7a e de Cidadania.<\/p>\n<p>Detalhes do projeto no URL:<\/p>\n<p>&nbsp;<\/p>\n<p><a href=\"http:\/\/www.camara.gov.br\/proposicoesWeb\/fichadetramitacao?idProposicao=609467\">www.camara.gov.br\/proposicoesWeb\/fichadetramitacao?idProposicao=609467<\/a><\/p>\n<p>&nbsp;<\/p>\n<p>Dispon\u00edvel em: &lt;<a href=\"http:\/\/bibliotecadobibliotecario.blogspot.com.br\/2014\/05\/projeto-proibe-compra-de-publicacoes.html\">http:\/\/bibliotecadobibliotecario.blogspot.com.br\/2014\/05\/projeto-proibe-compra-de-publicacoes.html<\/a>&gt;. Acesso em: 28 maio 2014.<\/p>\n","protected":false},"excerpt":{"rendered":"<p>Republica\u00e7\u00e3o do post do blog Biblioteca do Bibliotec\u00e1rio, do Prof\u00ba Murilo Cunha. A proposta \u00e9 um absurdo n\u00e3o s\u00f3 por seu conte\u00fado, mas principalmente por querer impor barreiras para o acesso \u00e0 informa\u00e7\u00e3o cient\u00edfica e tecnol\u00f3gica, sobretudo no meio universit\u00e1rio, que necessita desse tipo de informa\u00e7\u00e3o para o desenvolvimento de suas atividades. *** Fonte:\u00a0C\u00e2mara Not\u00edcias.\u00a0Data: &#8230; <a title=\"Projeto pro\u00edbe compra de publica\u00e7\u00f5es estrangeiras!\" class=\"read-more\" href=\"https:\/\/mundobibliotecario.com.br\/index.php\/2014\/05\/28\/projeto-proibe-compra-de-publicacoes-estrangeiras\/\" aria-label=\"Read more about Projeto pro\u00edbe compra de publica\u00e7\u00f5es estrangeiras!\">Ler mais<\/a><\/p>\n","protected":false},"author":1,"featured_media":0,"comment_status":"open","ping_status":"open","sticky":false,"template":"","format":"standard","meta":{"_mi_skip_tracking":false,"_exactmetrics_sitenote_active":false,"_exactmetrics_sitenote_note":"","_exactmetrics_sitenote_category":0,"_jetpack_newsletter_access":"","footnotes":""},"categories":[60],"tags":[1166,1027,1167],"class_list":["post-3489","post","type-post","status-publish","format-standard","hentry","category-noticias","tag-compra","tag-projeto-de-lei","tag-publicacao-estrangeira"],"jetpack_featured_media_url":"","jetpack_sharing_enabled":true,"jetpack-related-posts":[{"id":3499,"url":"https:\/\/mundobibliotecario.com.br\/index.php\/2014\/06\/08\/vicentinho-retira-projeto-sobre-proibicao-de-aquisicao-de-publicacoes-estrangeiras\/","url_meta":{"origin":3489,"position":0},"title":"Vicentinho retira projeto sobre proibi\u00e7\u00e3o de aquisi\u00e7\u00e3o de publica\u00e7\u00f5es estrangeiras","author":"mundobibliotecario","date":"08\/06\/2014","format":false,"excerpt":"Foto: Salu Parente O deputado\u00a0Vicentinho (PT-SP),\u00a0l\u00edder da bancada do PT na C\u00e2mara, comunica que retirou de tramita\u00e7\u00e3o o projeto de lei (PL 7299\/14), de sua autoria, que trata da proibi\u00e7\u00e3o da aquisi\u00e7\u00e3o de publica\u00e7\u00f5es gr\u00e1ficas de proced\u00eancia estrangeira pelos \u00f3rg\u00e3os p\u00fablicos governamentais. Com a iniciativa, o projeto foi arquivado. Na\u2026","rel":"","context":"Em &quot;Not\u00edcias&quot;","block_context":{"text":"Not\u00edcias","link":"https:\/\/mundobibliotecario.com.br\/index.php\/category\/noticias\/"},"img":{"alt_text":"","src":"","width":0,"height":0},"classes":[]},{"id":2659,"url":"https:\/\/mundobibliotecario.com.br\/index.php\/2012\/07\/16\/projeto-de-lei-de-acesso-a-informacao-publica-deve-ser-encaminhado-a-camara\/","url_meta":{"origin":3489,"position":1},"title":"Projeto de lei de acesso \u00e0 informa\u00e7\u00e3o p\u00fablica deve ser encaminhado \u00e0 C\u00e2mara","author":"mundobibliotecario","date":"16\/07\/2012","format":false,"excerpt":"Andr\u00e9 Moraes andre.moraes@jcruzeiro.com.br A Prefeitura de Sorocaba dever\u00e1 encaminhar um projeto de lei \u00e0 C\u00e2mara em agosto, que visa regulamentar o acesso \u00e0 informa\u00e7\u00f5es p\u00fablicas, como determina a Lei Federal de Acesso \u00e0 Informa\u00e7\u00e3o (n\u00ba 12.527, de 18 de novembro de 2011), que j\u00e1 entrou em vigor h\u00e1 quase dois\u2026","rel":"","context":"Em &quot;Not\u00edcias&quot;","block_context":{"text":"Not\u00edcias","link":"https:\/\/mundobibliotecario.com.br\/index.php\/category\/noticias\/"},"img":{"alt_text":"","src":"","width":0,"height":0},"classes":[]},{"id":3640,"url":"https:\/\/mundobibliotecario.com.br\/index.php\/2014\/11\/14\/tailandia-proibe-livro-difamatorio\/","url_meta":{"origin":3489,"position":2},"title":"Tail\u00e2ndia pro\u00edbe livro &#8216;difamat\u00f3rio&#8217;","author":"mundobibliotecario","date":"14\/11\/2014","format":false,"excerpt":"O governo da Tail\u00e2ndia proibiu a venda e distribui\u00e7\u00e3o de um livro escrito por um jornalista brit\u00e2nico sobre a pol\u00edtica do pa\u00eds, que as autoridades consideram \"difamat\u00f3rio\" para a monarquia. \"O livro coloca em perigo a seguran\u00e7a nacional, a paz e a ordem p\u00fablica\", afirma um comunicado assinado por Somyot\u2026","rel":"","context":"Em &quot;Not\u00edcias&quot;","block_context":{"text":"Not\u00edcias","link":"https:\/\/mundobibliotecario.com.br\/index.php\/category\/noticias\/"},"img":{"alt_text":"","src":"","width":0,"height":0},"classes":[]},{"id":3731,"url":"https:\/\/mundobibliotecario.com.br\/index.php\/2015\/05\/31\/ccj-da-aval-a-projeto-de-classificacao-de-acervo-literario\/","url_meta":{"origin":3489,"position":3},"title":"CCJ d\u00e1 aval a projeto de classifica\u00e7\u00e3o de acervo liter\u00e1rio","author":"mundobibliotecario","date":"31\/05\/2015","format":false,"excerpt":"By ALAMO | Published: 27 DE MAIO DE 2015 Projeto de Lei 347\/15 determina que bibliotecas p\u00fablicas classifiquem obras conforme faixa et\u00e1ria. Na reuni\u00e3o da manh\u00e3 do dia\u00a019 de maio, a Comiss\u00e3o de Constitui\u00e7\u00e3o e Justi\u00e7a (CCJ) da Assembleia Legislativa de Minas Gerais (ALMG) aprovou parecer pela legalidade do Projeto\u2026","rel":"","context":"Em &quot;Not\u00edcias&quot;","block_context":{"text":"Not\u00edcias","link":"https:\/\/mundobibliotecario.com.br\/index.php\/category\/noticias\/"},"img":{"alt_text":"O Projeto de Lei 347\/15 segue agora para an\u00c3\u00a1lise da Comiss\u00c3\u00a3o de Cultura","src":"https:\/\/i0.wp.com\/blog.crb6.org.br\/wp-content\/uploads\/2015\/05\/Projeto-de-Lei-PL-347-15.jpg?resize=350%2C200","width":350,"height":200},"classes":[]},{"id":5239,"url":"https:\/\/mundobibliotecario.com.br\/index.php\/2019\/08\/19\/comissao-de-cultura-aprova-criacao-de-mais-bibliotecas-publicas\/","url_meta":{"origin":3489,"position":4},"title":"Comiss\u00e3o de Cultura aprova cria\u00e7\u00e3o de mais bibliotecas p\u00fablicas","author":"mundobibliotecario","date":"19\/08\/2019","format":false,"excerpt":"Proposta segue para an\u00e1lise de outras duas comiss\u00f5es da C\u00e2mara: a de Finan\u00e7as e Tributa\u00e7\u00e3o; e a de Constitui\u00e7\u00e3o e Justi\u00e7a e de Cidadania 16\/08\/2019 - 12:11 A Comiss\u00e3o de Cultura da C\u00e2mara dos Deputados aprovou o Projeto de Lei\u00a011157\/18, que aprimora a Pol\u00edtica Nacional do Livro (Lei 10.753\/03) para\u2026","rel":"","context":"Em &quot;Not\u00edcias&quot;","block_context":{"text":"Not\u00edcias","link":"https:\/\/mundobibliotecario.com.br\/index.php\/category\/noticias\/"},"img":{"alt_text":"","src":"","width":0,"height":0},"classes":[]},{"id":3537,"url":"https:\/\/mundobibliotecario.com.br\/index.php\/2014\/07\/14\/projeto-estabelece-divulgacao-obrigatoria-de-trabalho-de-conclusao-de-curso\/","url_meta":{"origin":3489,"position":5},"title":"Projeto estabelece divulga\u00e7\u00e3o obrigat\u00f3ria de trabalho de conclus\u00e3o de curso","author":"mundobibliotecario","date":"14\/07\/2014","format":false,"excerpt":"Marilia Co\u00ealho Para evitar pl\u00e1gio e coibir a venda de monografias, projeto de lei altera a Lei de Diretrizes e Bases da Educa\u00e7\u00e3o (LDB) para determinar o car\u00e1ter p\u00fablico de trabalhos acad\u00eamicos de conclus\u00e3o de curso superior. O\u00a0PLS 199\/2012, do senador Blairo Maggi (PR-MT), est\u00e1 pronto para ser votado na\u2026","rel":"","context":"Em &quot;Not\u00edcias&quot;","block_context":{"text":"Not\u00edcias","link":"https:\/\/mundobibliotecario.com.br\/index.php\/category\/noticias\/"},"img":{"alt_text":"","src":"","width":0,"height":0},"classes":[]}],"jetpack_likes_enabled":true,"jetpack_shortlink":"https:\/\/wp.me\/pcbzwa-Uh","_links":{"self":[{"href":"https:\/\/mundobibliotecario.com.br\/index.php\/wp-json\/wp\/v2\/posts\/3489","targetHints":{"allow":["GET"]}}],"collection":[{"href":"https:\/\/mundobibliotecario.com.br\/index.php\/wp-json\/wp\/v2\/posts"}],"about":[{"href":"https:\/\/mundobibliotecario.com.br\/index.php\/wp-json\/wp\/v2\/types\/post"}],"author":[{"embeddable":true,"href":"https:\/\/mundobibliotecario.com.br\/index.php\/wp-json\/wp\/v2\/users\/1"}],"replies":[{"embeddable":true,"href":"https:\/\/mundobibliotecario.com.br\/index.php\/wp-json\/wp\/v2\/comments?post=3489"}],"version-history":[{"count":0,"href":"https:\/\/mundobibliotecario.com.br\/index.php\/wp-json\/wp\/v2\/posts\/3489\/revisions"}],"wp:attachment":[{"href":"https:\/\/mundobibliotecario.com.br\/index.php\/wp-json\/wp\/v2\/media?parent=3489"}],"wp:term":[{"taxonomy":"category","embeddable":true,"href":"https:\/\/mundobibliotecario.com.br\/index.php\/wp-json\/wp\/v2\/categories?post=3489"},{"taxonomy":"post_tag","embeddable":true,"href":"https:\/\/mundobibliotecario.com.br\/index.php\/wp-json\/wp\/v2\/tags?post=3489"}],"curies":[{"name":"wp","href":"https:\/\/api.w.org\/{rel}","templated":true}]}}