{"id":3491,"date":"2014-05-28T10:24:15","date_gmt":"2014-05-28T13:24:15","guid":{"rendered":"http:\/\/mundobibliotecario.wordpress.com\/?p=3491"},"modified":"2020-07-21T23:24:59","modified_gmt":"2020-07-22T02:24:59","slug":"site-descobre-plagio-em-trabalhos-academicos","status":"publish","type":"post","link":"https:\/\/mundobibliotecario.com.br\/index.php\/2014\/05\/28\/site-descobre-plagio-em-trabalhos-academicos\/","title":{"rendered":"Site descobre pl\u00e1gio em trabalhos acad\u00eamicos"},"content":{"rendered":"<p>No ambiente acad\u00eamico, \u00e9 comum que os professores encontrem nos trabalhos de seus alunos trechos copiados na \u00edntegra e sem refer\u00eancia aos autores. Para descobrir pl\u00e1gios, alguns educadores costumam copiar par\u00e1grafos suspeitos e colar na internet para conferir a origem deles.<\/p>\n<p>Para facilitar esse trabalho, a Funda\u00e7\u00e3o de Amparo \u00e0 Pesquisa e Inova\u00e7\u00e3o do Estado de Santa Catarina (FAPESC), com apoio da Universidade do Oeste de Santa Catarina (UNOESC), criou o sistema online gratuito\u00a0<a href=\"http:\/\/www.copiaecola.com.br\/\">Copia e Cola<\/a>, que detecta pl\u00e1gio nas atividades escolares.<\/p>\n<p>Depois de fazer o cadastro, o usu\u00e1rio manda seus trabalhos para o Copia e Cola, que procura textos na internet id\u00eanticos aos enviados. Ap\u00f3s a busca, o site encaminha para a pessoa cadastrada um e-mail com todos os links em que o texto \u00e9 igual a algum que j\u00e1 tenha sido publicado.<\/p>\n<p>Para utilizar os servi\u00e7os do Copia e Cola, basta cadastrar o nome e e-mail. De f\u00e1cil navega\u00e7\u00e3o, o portal j\u00e1 tem mais de seis mil arquivos enviados e analisados. Gostou da ideia? Ent\u00e3o, compartilhe com seus amigos e colegas de profiss\u00e3o!<\/p>\n<p>Dispon\u00edvel em: &lt;http:\/\/www.crb6.org.br\/noticias_crb.php?codigo=917&gt;. Acesso em: 28 maio 2014.<\/p>\n","protected":false},"excerpt":{"rendered":"<p>No ambiente acad\u00eamico, \u00e9 comum que os professores encontrem nos trabalhos de seus alunos trechos copiados na \u00edntegra e sem refer\u00eancia aos autores. Para descobrir pl\u00e1gios, alguns educadores costumam copiar par\u00e1grafos suspeitos e colar na internet para conferir a origem deles. Para facilitar esse trabalho, a Funda\u00e7\u00e3o de Amparo \u00e0 Pesquisa e Inova\u00e7\u00e3o do Estado &#8230; <a title=\"Site descobre pl\u00e1gio em trabalhos acad\u00eamicos\" class=\"read-more\" href=\"https:\/\/mundobibliotecario.com.br\/index.php\/2014\/05\/28\/site-descobre-plagio-em-trabalhos-academicos\/\" aria-label=\"Read more about Site descobre pl\u00e1gio em trabalhos acad\u00eamicos\">Ler mais<\/a><\/p>\n","protected":false},"author":1,"featured_media":0,"comment_status":"open","ping_status":"open","sticky":false,"template":"","format":"standard","meta":{"_mi_skip_tracking":false,"_exactmetrics_sitenote_active":false,"_exactmetrics_sitenote_note":"","_exactmetrics_sitenote_category":0,"_jetpack_newsletter_access":"","footnotes":""},"categories":[60],"tags":[362],"class_list":["post-3491","post","type-post","status-publish","format-standard","hentry","category-noticias","tag-plagio"],"jetpack_featured_media_url":"","jetpack_sharing_enabled":true,"jetpack-related-posts":[{"id":1568,"url":"https:\/\/mundobibliotecario.com.br\/index.php\/2010\/11\/21\/professores-tem-estrategias-para-detectar-plagio-ou-fraude-em-monografia\/","url_meta":{"origin":3491,"position":0},"title":"Professores t\u00eam estrat\u00e9gias para detectar pl\u00e1gio ou fraude em monografia","author":"mundobibliotecario","date":"21\/11\/2010","format":false,"excerpt":"S\u00e3o usados sites de busca e programa espec\u00edfico para detectar c\u00f3pia. Fraudadora que faz monografias admite ter s\u00f3 o ensino m\u00e9dio. Do G1, com informa\u00e7\u00f5es do Jornal Hoje O com\u00e9rcio de monografias, que \u00e9 quando o universit\u00e1rio compra o trabalho de conclus\u00e3o de curso, \u00e9 ilegal por ser um crime\u2026","rel":"","context":"Em &quot;Not\u00edcias&quot;","block_context":{"text":"Not\u00edcias","link":"https:\/\/mundobibliotecario.com.br\/index.php\/category\/noticias\/"},"img":{"alt_text":"","src":"","width":0,"height":0},"classes":[]},{"id":542,"url":"https:\/\/mundobibliotecario.com.br\/index.php\/2009\/04\/30\/universidades-recorrem-a-software-contra-plagio\/","url_meta":{"origin":3491,"position":1},"title":"Universidades recorrem a software contra pl\u00e1gio","author":"mundobibliotecario","date":"30\/04\/2009","format":false,"excerpt":"Programas rastreiam trechos copiados de sites na internet; docente da UnB detecta tamb\u00e9m alta de casos de autopl\u00e1gio em artigos cient\u00edfico Karina Toledo escreve para \"O Estado de SP\": Preocupadas em combater o pl\u00e1gio em trabalhos acad\u00eamicos, institui\u00e7\u00f5es de ensino superior t\u00eam adotado programas de computador que ajudam o professor\u2026","rel":"","context":"Em &quot;Not\u00edcias&quot;","block_context":{"text":"Not\u00edcias","link":"https:\/\/mundobibliotecario.com.br\/index.php\/category\/noticias\/"},"img":{"alt_text":"","src":"","width":0,"height":0},"classes":[]},{"id":3812,"url":"https:\/\/mundobibliotecario.com.br\/index.php\/2015\/08\/14\/plagio-onde-esta-e-por-que-acontece\/","url_meta":{"origin":3491,"position":2},"title":"Pl\u00e1gio: onde est\u00e1 e por que acontece?","author":"mundobibliotecario","date":"14\/08\/2015","format":false,"excerpt":"Por: Elisabeth A. Dudziak e Sibele Fausto Entrevistado:\u00a0Prof. Dr. Marcelo Krokoscz A perspectiva \u00e9tica de respeito aos direitos autorais e \u00e0 propriedade intelectual sempre norteou a produ\u00e7\u00e3o intelectual da Universidade de S\u00e3o Paulo. O Sistema Integrado de Bibliotecas da USP (SIBiUSP) tem procurado realizar a\u00e7\u00f5es integradas de conscientiza\u00e7\u00e3o e preven\u00e7\u00e3o\u2026","rel":"","context":"Em &quot;Not\u00edcias&quot;","block_context":{"text":"Not\u00edcias","link":"https:\/\/mundobibliotecario.com.br\/index.php\/category\/noticias\/"},"img":{"alt_text":"","src":"https:\/\/i0.wp.com\/www.sibi.usp.br\/wp-content\/uploads\/2015\/07\/livro.jpg?resize=350%2C200","width":350,"height":200},"classes":[]},{"id":2042,"url":"https:\/\/mundobibliotecario.com.br\/index.php\/2011\/05\/23\/unesp-adota-software-para-evitar-plagios\/","url_meta":{"origin":3491,"position":3},"title":"Unesp adota software para evitar pl\u00e1gios","author":"mundobibliotecario","date":"23\/05\/2011","format":false,"excerpt":"Ferramenta que compara textos vai ser usada principalmente pelos professores da P\u00f3s-Gradua\u00e7\u00e3o \u00a023 de maio de 2011 | 0h 00 Mariana Mandelli - O Estado de S.Paulo A Universidade Estadual Paulista (Unesp) adotou um software para prevenir pl\u00e1gios em trabalhos e pesquisas acad\u00eamicas. O programa ser\u00e1 utilizado por todos os\u2026","rel":"","context":"Em &quot;Not\u00edcias&quot;","block_context":{"text":"Not\u00edcias","link":"https:\/\/mundobibliotecario.com.br\/index.php\/category\/noticias\/"},"img":{"alt_text":"","src":"","width":0,"height":0},"classes":[]},{"id":9610,"url":"https:\/\/mundobibliotecario.com.br\/index.php\/2021\/11\/12\/live-plagio-academico-identificacao-prevencao-e-consequencias\/","url_meta":{"origin":3491,"position":4},"title":"Live: Pl\u00e1gio acad\u00eamico: identifica\u00e7\u00e3o, preven\u00e7\u00e3o e consequ\u00eancias","author":"mundobibliotecario","date":"12\/11\/2021","format":false,"excerpt":"No pr\u00f3ximo dia\u00a025 de novembro\u00a0(5\u00aa. Feira) dando continuidade \u00e0 s\u00e9rie de\u00a0lives\u00a0que abordam as necessidades atuais das bibliotecas universit\u00e1rias e da comunidade acad\u00eamica, o Sistema Integrado de Bibliotecas (SIBi) e as Pr\u00f3-Reitorias de Gradua\u00e7\u00e3o, de Pesquisa e P\u00f3s-Gradua\u00e7\u00e3o da UFSCar, promovem a palestra virtual, intitulada\u00a0Pl\u00e1gio acad\u00eamico: identifica\u00e7\u00e3o, preven\u00e7\u00e3o e consequ\u00eancias.\u00a0No cen\u00e1rio\u2026","rel":"","context":"Em &quot;Eventos&quot;","block_context":{"text":"Eventos","link":"https:\/\/mundobibliotecario.com.br\/index.php\/category\/eventos\/"},"img":{"alt_text":"","src":"https:\/\/i0.wp.com\/mundobibliotecario.com.br\/wp-content\/uploads\/2021\/11\/image-1024x1024.jpeg?resize=350%2C200&ssl=1","width":350,"height":200},"classes":[]},{"id":1813,"url":"https:\/\/mundobibliotecario.com.br\/index.php\/2011\/02\/28\/indelevel-vergonha-etica\/","url_meta":{"origin":3491,"position":5},"title":"Indel\u00e9vel vergonha \u00e9tica","author":"mundobibliotecario","date":"28\/02\/2011","format":false,"excerpt":"O pl\u00e1gio deve ser enfrentado n\u00e3o como crime, mas como infra\u00e7\u00e3o capital que marcar\u00e1 para sempre o autor com o vexame de ser chamado de plagiador e com o dever de retrata\u00e7\u00e3o p\u00fablica, diz antrop\u00f3loga 26 de fevereiro de 2011 | 16h 00 DEBORA DINIZ Uma ex-aluna de doutorado, dez\u2026","rel":"","context":"Em &quot;Not\u00edcias&quot;","block_context":{"text":"Not\u00edcias","link":"https:\/\/mundobibliotecario.com.br\/index.php\/category\/noticias\/"},"img":{"alt_text":"","src":"","width":0,"height":0},"classes":[]}],"jetpack_likes_enabled":true,"jetpack_shortlink":"https:\/\/wp.me\/pcbzwa-Uj","_links":{"self":[{"href":"https:\/\/mundobibliotecario.com.br\/index.php\/wp-json\/wp\/v2\/posts\/3491","targetHints":{"allow":["GET"]}}],"collection":[{"href":"https:\/\/mundobibliotecario.com.br\/index.php\/wp-json\/wp\/v2\/posts"}],"about":[{"href":"https:\/\/mundobibliotecario.com.br\/index.php\/wp-json\/wp\/v2\/types\/post"}],"author":[{"embeddable":true,"href":"https:\/\/mundobibliotecario.com.br\/index.php\/wp-json\/wp\/v2\/users\/1"}],"replies":[{"embeddable":true,"href":"https:\/\/mundobibliotecario.com.br\/index.php\/wp-json\/wp\/v2\/comments?post=3491"}],"version-history":[{"count":1,"href":"https:\/\/mundobibliotecario.com.br\/index.php\/wp-json\/wp\/v2\/posts\/3491\/revisions"}],"predecessor-version":[{"id":6539,"href":"https:\/\/mundobibliotecario.com.br\/index.php\/wp-json\/wp\/v2\/posts\/3491\/revisions\/6539"}],"wp:attachment":[{"href":"https:\/\/mundobibliotecario.com.br\/index.php\/wp-json\/wp\/v2\/media?parent=3491"}],"wp:term":[{"taxonomy":"category","embeddable":true,"href":"https:\/\/mundobibliotecario.com.br\/index.php\/wp-json\/wp\/v2\/categories?post=3491"},{"taxonomy":"post_tag","embeddable":true,"href":"https:\/\/mundobibliotecario.com.br\/index.php\/wp-json\/wp\/v2\/tags?post=3491"}],"curies":[{"name":"wp","href":"https:\/\/api.w.org\/{rel}","templated":true}]}}