{"id":3512,"date":"2014-06-20T14:01:14","date_gmt":"2014-06-20T17:01:14","guid":{"rendered":"http:\/\/mundobibliotecario.wordpress.com\/?p=3512"},"modified":"2020-07-22T00:09:20","modified_gmt":"2020-07-22T03:09:20","slug":"eua-menino-escreve-livro-para-ajudar-melhor-amigo-doente","status":"publish","type":"post","link":"https:\/\/mundobibliotecario.com.br\/index.php\/2014\/06\/20\/eua-menino-escreve-livro-para-ajudar-melhor-amigo-doente\/","title":{"rendered":"EUA: menino escreve livro para ajudar melhor amigo doente"},"content":{"rendered":"<p>Terra &#8211; 19\/06\/2014<\/p>\n<p>O americano Dylan Siegel, 7 anos, provou que o amor n\u00e3o conhece limites nem escolhe idade. Quando seu melhor amigo, Jonah Pournazarian, 8 anos, foi diagnosticado com uma doen\u00e7a rara e incur\u00e1vel \u2013 a glicogenose, que prejudica o controle dos n\u00edveis de a\u00e7\u00facar no sangue \u2013, ele decidiu que arrecadaria dinheiro para contribuir com as pesquisas sobre a doen\u00e7a. A ideia era que o amigo tivesse chance de se curar. O resultado foi o livro Chocolate Bar (Barra de Chocolate), que se espalhou pelo mundo e conseguiu arrecadar, at\u00e9 agora, US$ 750 mil (cerca de R$ 1,7 milh\u00e3o).<\/p>\n<p>Quando Dylan contou aos pais que gostaria de ajudar nas pesquisas sobre a doen\u00e7a do amigo, eles pensaram em algo simples. \u201cEu sugeri que ele montasse uma barraca de limonada\u201d, disse a m\u00e3e, Debra Siegel, \u00e0 publica\u00e7\u00e3o norte-americana Jewish Journal. \u201cMas ele disse que queria escrever um livro.\u201d<\/p>\n<p>Parte comest\u00edvel<br \/>\nA obra, de 14 p\u00e1ginas, \u00e9 toda escrita e desenhada \u00e0 m\u00e3o e vem com barras de chocolate (de verdade!). As vendas come\u00e7aram timidamente, em dezembro de 2012, na feira de livros da escola em que o garoto estuda, em Los Angeles, Calif\u00f3rnia, mas a not\u00edcia se espalhou e a procura aumentou, fazendo com que mais edi\u00e7\u00f5es tivessem de ser produzidas.<\/p>\n<p>\u201cEu gosto de ir \u00e0 Disney. Isso \u00e9 t\u00e3o barra de chocolate\u201d, escreveu Siegel em seu livro. Para ele, a express\u00e3o \u201cbarra de chocolate\u201d pode ser usada como \u201cum sin\u00f4nimo de algo incr\u00edvel ou muito legal\u201d. Ao final ele completou: \u201cEu gosto de ajudar meu amigo. Essa \u00e9 a maior barra de chocolate do mundo\u201d.<\/p>\n<p>O sucesso fez com que uma companhia de alimentos doasse centenas de barras de chocolate para a produ\u00e7\u00e3o de novos exemplares. Uma livraria organizou uma sess\u00e3o de aut\u00f3grafos com Dylan. Pessoas de outros estados ainda contribu\u00edram com a causa, por meio de doa\u00e7\u00f5es em dinheiro ou aquisi\u00e7\u00e3o do livro.<\/p>\n<p>Hoje, \u00e9 poss\u00edvel comprar o livro pela internet ou fazer doa\u00e7\u00f5es a partir de US$ 20 (R$ 45) por meio do site do projeto. Toda a quantia arrecadada \u00e9 enviada para a Faculdade de Medicina da Fl\u00f3rida, onde uma pesquisa sobre a doen\u00e7a est\u00e1 sendo feita com mais de 200 fam\u00edlias.<\/p>\n<p>A luta continua e Dylan tem agora uma nova meta \u2013 conseguir juntar US$ 1.000.000 em doa\u00e7\u00f5es, o equivalente a cerca de R$ 2.265.000.<\/p>\n<p>Em busca da cura<br \/>\nJonah Pournazarian foi diagn\u00f3stico ainda beb\u00ea com uma vers\u00e3o extremamente rara da glicogenose e, por isso, pouco estudada. Com a ajuda de um fundo criado por seus pais, em 2007, o especialista Dr. David A. Weinstein vem liderando um grupo de pesquisas, na Fl\u00f3rida, para tentar descobrir a cura da enfermidade que, at\u00e9 1971, era fatal. Desde 2013, o financiamento dos estudos passou a ser feito igualmente pelas arrecada\u00e7\u00f5es conseguidas com a venda do livro de Dylan e com doa\u00e7\u00f5es.<\/p>\n<p>Dispon\u00edvel em: . Acesso em: 20 jun. 2014.<\/p>\n","protected":false},"excerpt":{"rendered":"<p>Terra &#8211; 19\/06\/2014 O americano Dylan Siegel, 7 anos, provou que o amor n\u00e3o conhece limites nem escolhe idade. Quando seu melhor amigo, Jonah Pournazarian, 8 anos, foi diagnosticado com uma doen\u00e7a rara e incur\u00e1vel \u2013 a glicogenose, que prejudica o controle dos n\u00edveis de a\u00e7\u00facar no sangue \u2013, ele decidiu que arrecadaria dinheiro para &#8230; <a title=\"EUA: menino escreve livro para ajudar melhor amigo doente\" class=\"read-more\" href=\"https:\/\/mundobibliotecario.com.br\/index.php\/2014\/06\/20\/eua-menino-escreve-livro-para-ajudar-melhor-amigo-doente\/\" aria-label=\"Read more about EUA: menino escreve livro para ajudar melhor amigo doente\">Ler mais<\/a><\/p>\n","protected":false},"author":1,"featured_media":0,"comment_status":"open","ping_status":"open","sticky":false,"template":"","format":"standard","meta":{"_mi_skip_tracking":false,"_exactmetrics_sitenote_active":false,"_exactmetrics_sitenote_note":"","_exactmetrics_sitenote_category":0,"_jetpack_newsletter_access":"","footnotes":""},"categories":[60],"tags":[1176,1177,9],"class_list":["post-3512","post","type-post","status-publish","format-standard","hentry","category-noticias","tag-chocolate","tag-doenca","tag-livro"],"jetpack_featured_media_url":"","jetpack_sharing_enabled":true,"jetpack-related-posts":[{"id":9078,"url":"https:\/\/mundobibliotecario.com.br\/index.php\/2021\/07\/07\/5-livros-para-comemorar-o-dia-do-chocolate\/","url_meta":{"origin":3512,"position":0},"title":"5 livros para comemorar o Dia do Chocolate","author":"mundobibliotecario","date":"07\/07\/2021","format":false,"excerpt":"07 de julho \u00e9 a data em que se comemora o Dia do Chocolate, no Brasil e no mundo!Para n\u00e3o passar em branco, o Mundo Bibliotec\u00e1rio fez a sele\u00e7\u00e3o de alguns livros para voc\u00ea conhecer mais sobre... chocolate! Presente para os choc\u00f3latras, esse livro traz receitas incr\u00edveis do renomado ma\u00eetre\u2026","rel":"","context":"Em &quot;Not\u00edcias&quot;","block_context":{"text":"Not\u00edcias","link":"https:\/\/mundobibliotecario.com.br\/index.php\/category\/noticias\/"},"img":{"alt_text":"Loucuras de chocolate","src":"https:\/\/i0.wp.com\/mundobibliotecario.com.br\/wp-content\/uploads\/2021\/07\/51WxTWF-xuL._SX385_BO1204203200_-4.jpg?resize=350%2C200&ssl=1","width":350,"height":200},"classes":[]},{"id":4526,"url":"https:\/\/mundobibliotecario.com.br\/index.php\/2017\/05\/13\/os-antibioticos-do-futuro-estao-nos-livros-do-passado\/","url_meta":{"origin":3512,"position":1},"title":"Os antibi\u00f3ticos do futuro est\u00e3o nos livros do passado","author":"mundobibliotecario","date":"13\/05\/2017","format":false,"excerpt":"Apelidado de \u201cIdade das Trevas\u201d, esse per\u00edodo medieval pode trazer solu\u00e7\u00f5es para um dos maiores problemas mundiais de sa\u00fade p\u00fablica Por Andr\u00e9 Biernath access_time 13 maio 2017, 16h00 - Atualizado em 13 maio 2017, 16h01 Esse traje macabro foi usado pelos m\u00e9dicos durante a epidemia de peste negra . O\u2026","rel":"","context":"Em &quot;Not\u00edcias&quot;","block_context":{"text":"Not\u00edcias","link":"https:\/\/mundobibliotecario.com.br\/index.php\/category\/noticias\/"},"img":{"alt_text":"","src":"","width":0,"height":0},"classes":[]},{"id":473,"url":"https:\/\/mundobibliotecario.com.br\/index.php\/2009\/03\/20\/circuito-da-leitura\/","url_meta":{"origin":3512,"position":2},"title":"Circuito da Leitura","author":"mundobibliotecario","date":"20\/03\/2009","format":false,"excerpt":"A Associa\u00e7\u00e3o dos Amigos das Bibliotecas Comunit\u00e1rias da Regi\u00e3o Metropolitana de Belo Horizonte - SABIC-BH est\u00e1 desenvolvendo a Campanha Circuito da Leitura. O projeto integra o Eixo 1 do PNLL (Democratiza\u00e7\u00e3o do Acesso) e visa potencializar, centralizar, avaliar e selecionar as doa\u00e7\u00f5es a serem distribu\u00eddas a 18 bibliotecas comunit\u00e1rias, com\u2026","rel":"","context":"Em &quot;Not\u00edcias&quot;","block_context":{"text":"Not\u00edcias","link":"https:\/\/mundobibliotecario.com.br\/index.php\/category\/noticias\/"},"img":{"alt_text":"","src":"","width":0,"height":0},"classes":[]},{"id":4665,"url":"https:\/\/mundobibliotecario.com.br\/index.php\/2018\/02\/07\/algumas-dicas-para-melhorar-seu-habito-de-leitura\/","url_meta":{"origin":3512,"position":3},"title":"Algumas dicas para melhorar seu h\u00e1bito de leitura","author":"mundobibliotecario","date":"07\/02\/2018","format":false,"excerpt":"Estava pensando em como consegui melhorar meu\u00a0h\u00e1bito de leitura\u00a0ao longo do tempo e cheguei a conclus\u00e3o de que, mesmo sem perceber, tomei algumas atitudes que funcionaram muito bem. Como a maioria dos leitores, tive altos e baixos quando o assunto \u00e9\u00a0regularidade na leitura. Confesso que n\u00e3o acredito muito naquela vis\u00e3o\u2026","rel":"","context":"Em &quot;Not\u00edcias&quot;","block_context":{"text":"Not\u00edcias","link":"https:\/\/mundobibliotecario.com.br\/index.php\/category\/noticias\/"},"img":{"alt_text":"h\u00c3\u00a1bito de leitura","src":"https:\/\/i0.wp.com\/leiaparaviver.com.br\/wp-content\/uploads\/2016\/10\/h%C3%A1bito-de-leitura.jpg?resize=350%2C200","width":350,"height":200},"classes":[]},{"id":4989,"url":"https:\/\/mundobibliotecario.com.br\/index.php\/2018\/08\/21\/o-que-ler-sobre-biblioterapia\/","url_meta":{"origin":3512,"position":4},"title":"O que ler sobre biblioterapia?","author":"mundobibliotecario","date":"21\/08\/2018","format":false,"excerpt":"A literatura como rem\u00e9dio - Dante Gallian N\u00e3o h\u00e1 d\u00favida de que a leitura dos grandes cl\u00e1ssicos da literatura universal seja um meio privilegiado para o nosso desenvolvimento intelectual e cultural. Mas e se nos dissessem que, al\u00e9m disso, esta leitura pode nos curar de muitas doen\u00e7as da alma? Baseado\u2026","rel":"","context":"Em &quot;Not\u00edcias&quot;","block_context":{"text":"Not\u00edcias","link":"https:\/\/mundobibliotecario.com.br\/index.php\/category\/noticias\/"},"img":{"alt_text":"","src":"","width":0,"height":0},"classes":[]},{"id":7865,"url":"https:\/\/mundobibliotecario.com.br\/index.php\/2020\/10\/02\/adolescentes-baianas-criam-cabine-para-desinfectar-livros-e-recebem-premio-em-competicao-nacional-de-robotica\/","url_meta":{"origin":3512,"position":5},"title":"Adolescentes baianas criam cabine para desinfectar livros e recebem pr\u00eamio em competi\u00e7\u00e3o nacional de rob\u00f3tica","author":"mundobibliotecario","date":"02\/10\/2020","format":false,"excerpt":"Estudantes criaram a proposta depois de perceberam que livros de bibliotecas deveriam ficar em 'quarentena' por 14 dias para novo empr\u00e9stimo, por causa da Covid-19.","rel":"","context":"Em &quot;Not\u00edcias&quot;","block_context":{"text":"Not\u00edcias","link":"https:\/\/mundobibliotecario.com.br\/index.php\/category\/noticias\/"},"img":{"alt_text":"","src":"","width":0,"height":0},"classes":[]}],"jetpack_likes_enabled":true,"jetpack_shortlink":"https:\/\/wp.me\/pcbzwa-UE","_links":{"self":[{"href":"https:\/\/mundobibliotecario.com.br\/index.php\/wp-json\/wp\/v2\/posts\/3512","targetHints":{"allow":["GET"]}}],"collection":[{"href":"https:\/\/mundobibliotecario.com.br\/index.php\/wp-json\/wp\/v2\/posts"}],"about":[{"href":"https:\/\/mundobibliotecario.com.br\/index.php\/wp-json\/wp\/v2\/types\/post"}],"author":[{"embeddable":true,"href":"https:\/\/mundobibliotecario.com.br\/index.php\/wp-json\/wp\/v2\/users\/1"}],"replies":[{"embeddable":true,"href":"https:\/\/mundobibliotecario.com.br\/index.php\/wp-json\/wp\/v2\/comments?post=3512"}],"version-history":[{"count":3,"href":"https:\/\/mundobibliotecario.com.br\/index.php\/wp-json\/wp\/v2\/posts\/3512\/revisions"}],"predecessor-version":[{"id":7468,"href":"https:\/\/mundobibliotecario.com.br\/index.php\/wp-json\/wp\/v2\/posts\/3512\/revisions\/7468"}],"wp:attachment":[{"href":"https:\/\/mundobibliotecario.com.br\/index.php\/wp-json\/wp\/v2\/media?parent=3512"}],"wp:term":[{"taxonomy":"category","embeddable":true,"href":"https:\/\/mundobibliotecario.com.br\/index.php\/wp-json\/wp\/v2\/categories?post=3512"},{"taxonomy":"post_tag","embeddable":true,"href":"https:\/\/mundobibliotecario.com.br\/index.php\/wp-json\/wp\/v2\/tags?post=3512"}],"curies":[{"name":"wp","href":"https:\/\/api.w.org\/{rel}","templated":true}]}}