{"id":3525,"date":"2014-07-07T16:55:18","date_gmt":"2014-07-07T19:55:18","guid":{"rendered":"http:\/\/mundobibliotecario.wordpress.com\/?p=3525"},"modified":"2020-07-21T23:24:59","modified_gmt":"2020-07-22T02:24:59","slug":"novo-site-do-portal-de-periodicos-da-capes","status":"publish","type":"post","link":"https:\/\/mundobibliotecario.com.br\/index.php\/2014\/07\/07\/novo-site-do-portal-de-periodicos-da-capes\/","title":{"rendered":"Novo site do Portal de Peri\u00f3dicos da Capes"},"content":{"rendered":"<p>Sex, 04 de Julho de 2014<\/p>\n<p><img loading=\"lazy\" decoding=\"async\" class=\"alignnone\" src=\"http:\/\/www-periodicos-capes-gov-br.ez67.periodicos.capes.gov.br\/images\/stories\/novo_portal.jpg\" alt=\"\" width=\"996\" height=\"717\" \/><\/p>\n<p>O site do Portal de Peri\u00f3dicos, da Coordena\u00e7\u00e3o de Aperfei\u00e7oamento de Pessoal de N\u00edvel Superior (Capes), apresentar\u00e1 uma nova interface a partir de amanh\u00e3, 5 de julho, seguindo a determina\u00e7\u00e3o da Secretaria de Comunica\u00e7\u00e3o Social da Presid\u00eancia da Rep\u00fablica (Secom\/PR). O site ser\u00e1 apresentado com a apar\u00eancia do portal institucional padr\u00e3o do Governo Federal.<\/p>\n<p>Para a nova interface foi criada a op\u00e7\u00e3o \u201cCENTRAL DE CONTE\u00daDOS\u201d, com acesso a materiais nos mais variados formatos \u2013 \u00e1udio, imagem, v\u00eddeo, entre outros tipos. Al\u00e9m disso, os usu\u00e1rios ter\u00e3o acesso direto aos aplicativos m\u00f3veis do Portal e poder\u00e3o baixar tanto a vers\u00e3o para sistema IOS quanto para android. Os tipos de busca, o \u201cMeu espa\u00e7o\u201d, a op\u00e7\u00e3o para acesso remoto e todos os outros servi\u00e7os e funcionalidades ser\u00e3o mantidos na nova interface.<\/p>\n<p>O Portal de Peri\u00f3dicos ficar\u00e1 indispon\u00edvel hoje \u00e0 noite, a partir das 20h, para o novo site entrar no ar.<\/p>\n<p><b><i>Fabr\u00edcia Carina Souza Ara\u00fajo<\/i><\/b><\/p>\n<p>Dispon\u00edvel em: &lt;http:\/\/www-periodicos-capes-gov-br.ez67.periodicos.capes.gov.br\/?option=com_pnews&amp;component=NewsShow&amp;view=pnewsnewsshow&amp;cid=268&amp;mn=71&gt;. Acesso em: 7 jul. 2014.<\/p>\n","protected":false},"excerpt":{"rendered":"<p>Sex, 04 de Julho de 2014 O site do Portal de Peri\u00f3dicos, da Coordena\u00e7\u00e3o de Aperfei\u00e7oamento de Pessoal de N\u00edvel Superior (Capes), apresentar\u00e1 uma nova interface a partir de amanh\u00e3, 5 de julho, seguindo a determina\u00e7\u00e3o da Secretaria de Comunica\u00e7\u00e3o Social da Presid\u00eancia da Rep\u00fablica (Secom\/PR). O site ser\u00e1 apresentado com a apar\u00eancia do portal &#8230; <a title=\"Novo site do Portal de Peri\u00f3dicos da Capes\" class=\"read-more\" href=\"https:\/\/mundobibliotecario.com.br\/index.php\/2014\/07\/07\/novo-site-do-portal-de-periodicos-da-capes\/\" aria-label=\"Read more about Novo site do Portal de Peri\u00f3dicos da Capes\">Ler mais<\/a><\/p>\n","protected":false},"author":1,"featured_media":0,"comment_status":"open","ping_status":"open","sticky":false,"template":"","format":"standard","meta":{"_mi_skip_tracking":false,"_exactmetrics_sitenote_active":false,"_exactmetrics_sitenote_note":"","_exactmetrics_sitenote_category":0,"_jetpack_newsletter_access":"","footnotes":""},"categories":[60],"tags":[180,167],"class_list":["post-3525","post","type-post","status-publish","format-standard","hentry","category-noticias","tag-capes","tag-portal-de-periodicos"],"jetpack_featured_media_url":"","jetpack_sharing_enabled":true,"jetpack-related-posts":[{"id":251,"url":"https:\/\/mundobibliotecario.com.br\/index.php\/2009\/01\/01\/representantes-de-instituicoes-de-ensino-e-pesquisa-iniciam-testes-do-novo-portal-de-periodicos\/","url_meta":{"origin":3525,"position":0},"title":"Representantes de institui\u00e7\u00f5es de ensino e pesquisa iniciam testes do Novo Portal de Peri\u00f3dicos","author":"mundobibliotecario","date":"01\/01\/2009","format":false,"excerpt":"Capes pretende lan\u00e7ar um Novo Portal de Peri\u00f3dicos, capaz de potencializar o acesso e o uso das informa\u00e7\u00f5es cient\u00edficas j\u00e1 dispon\u00edveis Representantes de doze institui\u00e7\u00f5es de ensino e pesquisa, al\u00e9m de duas bibliotec\u00e1rias da equipe de help desk do Portal de Peri\u00f3dicos, participaram, no dia 9 de dezembro, de uma\u2026","rel":"","context":"Em &quot;Not\u00edcias&quot;","block_context":{"text":"Not\u00edcias","link":"https:\/\/mundobibliotecario.com.br\/index.php\/category\/noticias\/"},"img":{"alt_text":"","src":"","width":0,"height":0},"classes":[]},{"id":990,"url":"https:\/\/mundobibliotecario.com.br\/index.php\/2009\/11\/19\/bibliotecarias-recebem-premio-por-projetos-de-divulgacao-do-portal-de-periodicos\/","url_meta":{"origin":3525,"position":1},"title":"Bibliotec\u00e1rias recebem pr\u00eamio por projetos de divulga\u00e7\u00e3o do Portal de Peri\u00f3dicos","author":"mundobibliotecario","date":"19\/11\/2009","format":false,"excerpt":"A empresa Systems Link, com o apoio da Coordena\u00e7\u00e3o de Aperfei\u00e7oamento de Pessoal de N\u00edvel Superior (Capes), premiou, no \u00faltimo dia 11, os projetos de tr\u00eas bibliotec\u00e1rias, vinculadas a institui\u00e7\u00f5es participantes do Programa de Forma\u00e7\u00e3o de Multiplicadores do Portal de Peri\u00f3dicos (Pr\u00f3-Multiplicar). Os pr\u00eamios foram entregues em Bras\u00edlia, durante o\u2026","rel":"","context":"Em &quot;Not\u00edcias&quot;","block_context":{"text":"Not\u00edcias","link":"https:\/\/mundobibliotecario.com.br\/index.php\/category\/noticias\/"},"img":{"alt_text":"","src":"","width":0,"height":0},"classes":[]},{"id":1595,"url":"https:\/\/mundobibliotecario.com.br\/index.php\/2010\/12\/03\/portal-de-periodicos-premia-projetos-em-ciencia-da-informacao-e-administracao-e-gestao\/","url_meta":{"origin":3525,"position":2},"title":"Portal de Peri\u00f3dicos premia projetos em Ci\u00eancia da Informa\u00e7\u00e3o e Administra\u00e7\u00e3o e Gest\u00e3o","author":"mundobibliotecario","date":"03\/12\/2010","format":false,"excerpt":"Foi lan\u00e7ada nesta semana, mais uma edi\u00e7\u00e3o do Pr\u00eamio Emerald\/Capes. A iniciativa pretende estimular o acesso e o uso do Portal de Peri\u00f3dicos e promover a pesquisa nas \u00e1reas de Ci\u00eancia da Informa\u00e7\u00e3o e Administra\u00e7\u00e3o e Gest\u00e3o, com premia\u00e7\u00f5es no valor de R$ 5.295,00 por categoria. As inscri\u00e7\u00f5es v\u00e3o at\u00e9\u2026","rel":"","context":"Em &quot;Not\u00edcias&quot;","block_context":{"text":"Not\u00edcias","link":"https:\/\/mundobibliotecario.com.br\/index.php\/category\/noticias\/"},"img":{"alt_text":"","src":"","width":0,"height":0},"classes":[]},{"id":3848,"url":"https:\/\/mundobibliotecario.com.br\/index.php\/2015\/08\/28\/prazo-para-inscricoes-no-premio-emeraldcapes-2015-encerra-no-dia-30-de-agosto\/","url_meta":{"origin":3525,"position":3},"title":"Prazo para inscri\u00e7\u00f5es no Pr\u00eamio Emerald\/Capes 2015 encerra no dia 30 de agosto","author":"mundobibliotecario","date":"28\/08\/2015","format":false,"excerpt":"Qua, 26 de Agosto de 2015 Os interessados em participar da edi\u00e7\u00e3o 2015 do Pr\u00eamio Emerald\/Capes t\u00eam at\u00e9 o dia 30 de agosto para efetivar a inscri\u00e7\u00e3o. As categorias a serem avaliadas s\u00e3o Ci\u00eancia da Informa\u00e7\u00e3o (inscri\u00e7\u00f5es aqui) e Administra\u00e7\u00e3o & Gest\u00e3o (inscri\u00e7\u00f5es aqui). A iniciativa \u2013 parceria da Emerald\u2026","rel":"","context":"Em &quot;Not\u00edcias&quot;","block_context":{"text":"Not\u00edcias","link":"https:\/\/mundobibliotecario.com.br\/index.php\/category\/noticias\/"},"img":{"alt_text":"","src":"","width":0,"height":0},"classes":[]},{"id":8103,"url":"https:\/\/mundobibliotecario.com.br\/index.php\/2020\/12\/28\/antes-de-acessar-a-nova-versao-da-web-of-science-leia-este-artigo\/","url_meta":{"origin":3525,"position":4},"title":"Antes de acessar a nova vers\u00e3o da Web of Science, leia este artigo","author":"mundobibliotecario","date":"28\/12\/2020","format":false,"excerpt":"Se voc\u00ea quer saber quais s\u00e3o as novidades da Web of Science, voc\u00ea est\u00e1 no lugar certo.Conhecer as novidades das bases de dados \u00e9 essencial para voc\u00ea ter sucesso na\u00a0 pesquisa cient\u00edfica.Neste artigo voc\u00ea vai saber quais s\u00e3o as principais mudan\u00e7as da Web of Science.Boa leitura! O que \u00e9 a\u2026","rel":"","context":"Em &quot;Buscadores&quot;","block_context":{"text":"Buscadores","link":"https:\/\/mundobibliotecario.com.br\/index.php\/category\/buscadores\/"},"img":{"alt_text":"","src":"https:\/\/i0.wp.com\/mundobibliotecario.com.br\/wp-content\/uploads\/2020\/12\/wos-logo-1024x521.png?resize=350%2C200","width":350,"height":200},"classes":[]},{"id":4299,"url":"https:\/\/mundobibliotecario.com.br\/index.php\/2016\/07\/02\/criado-por-bibliotecario-portal-juridico-reune-conteudo-da-area-do-direito\/","url_meta":{"origin":3525,"position":5},"title":"Criado por bibliotec\u00e1rio, Portal Jur\u00eddico re\u00fane conte\u00fado da \u00e1rea do Direito","author":"mundobibliotecario","date":"02\/07\/2016","format":false,"excerpt":"15 de junho de 2016 Ensino e Oportunidades Ferramenta de pesquisa e consulta para estudantes de Direito, professores, advogados e outros interessados, o Portal Jur\u00eddico re\u00fane em um s\u00f3 s\u00edtio o direcionamento para as p\u00e1ginas de conselhos e associa\u00e7\u00f5es, fontes de legisla\u00e7\u00e3o, jurisprud\u00eancias, peri\u00f3dicos da Capes e e-books da \u00e1rea.\u2026","rel":"","context":"Em &quot;Not\u00edcias&quot;","block_context":{"text":"Not\u00edcias","link":"https:\/\/mundobibliotecario.com.br\/index.php\/category\/noticias\/"},"img":{"alt_text":"","src":"","width":0,"height":0},"classes":[]}],"jetpack_likes_enabled":true,"jetpack_shortlink":"https:\/\/wp.me\/pcbzwa-UR","_links":{"self":[{"href":"https:\/\/mundobibliotecario.com.br\/index.php\/wp-json\/wp\/v2\/posts\/3525","targetHints":{"allow":["GET"]}}],"collection":[{"href":"https:\/\/mundobibliotecario.com.br\/index.php\/wp-json\/wp\/v2\/posts"}],"about":[{"href":"https:\/\/mundobibliotecario.com.br\/index.php\/wp-json\/wp\/v2\/types\/post"}],"author":[{"embeddable":true,"href":"https:\/\/mundobibliotecario.com.br\/index.php\/wp-json\/wp\/v2\/users\/1"}],"replies":[{"embeddable":true,"href":"https:\/\/mundobibliotecario.com.br\/index.php\/wp-json\/wp\/v2\/comments?post=3525"}],"version-history":[{"count":1,"href":"https:\/\/mundobibliotecario.com.br\/index.php\/wp-json\/wp\/v2\/posts\/3525\/revisions"}],"predecessor-version":[{"id":6545,"href":"https:\/\/mundobibliotecario.com.br\/index.php\/wp-json\/wp\/v2\/posts\/3525\/revisions\/6545"}],"wp:attachment":[{"href":"https:\/\/mundobibliotecario.com.br\/index.php\/wp-json\/wp\/v2\/media?parent=3525"}],"wp:term":[{"taxonomy":"category","embeddable":true,"href":"https:\/\/mundobibliotecario.com.br\/index.php\/wp-json\/wp\/v2\/categories?post=3525"},{"taxonomy":"post_tag","embeddable":true,"href":"https:\/\/mundobibliotecario.com.br\/index.php\/wp-json\/wp\/v2\/tags?post=3525"}],"curies":[{"name":"wp","href":"https:\/\/api.w.org\/{rel}","templated":true}]}}