{"id":3541,"date":"2014-07-16T08:57:38","date_gmt":"2014-07-16T11:57:38","guid":{"rendered":"http:\/\/mundobibliotecario.wordpress.com\/?p=3541"},"modified":"2020-07-21T23:54:54","modified_gmt":"2020-07-22T02:54:54","slug":"cursos-para-o-2o-semestre-de-2014-da-innova-gestao","status":"publish","type":"post","link":"https:\/\/mundobibliotecario.com.br\/index.php\/2014\/07\/16\/cursos-para-o-2o-semestre-de-2014-da-innova-gestao\/","title":{"rendered":"Cursos para o 2\u00ba semestre de 2014 da Innova Gest\u00e3o"},"content":{"rendered":"<p align=\"CENTER\"><b>CURSOS 2\u00ba Semestre de 2014<br \/>\n<strong>INSCRI\u00c7\u00d5ES ABERTAS \u2013 RESERVE A SUA VAGA<\/strong><br \/>\n<\/b><\/p>\n<p align=\"CENTER\"><b>DESCONTOS de 15% PARA ASSOCIADOS DA ABDF, SBGC E ABRAINFO<\/b><\/p>\n<div class=\"half dt_col\">\n<p>&nbsp;<\/p>\n<p align=\"CENTER\"><b>CURSOS 2\u00ba Semestre de 2014<br \/>\n<strong>INSCRI\u00c7\u00d5ES ABERTAS \u2013 RESERVE A SUA VAGA<\/strong><br \/>\n<\/b><\/p>\n<p align=\"CENTER\"><b>DESCONTOS de 15% PARA ASSOCIADOS DA ABDF, SBGC E ABRAINFO<\/b><\/p>\n<div id=\"tablepress-2_wrapper\" class=\"dataTables_wrapper\">\n<table id=\"tablepress-2\" class=\"tablepress tablepress-id-2 dataTable\">\n<thead>\n<tr class=\"row-1 odd\">\n<th class=\"column-1 sorting\" colspan=\"1\" rowspan=\"1\">\n<div>Cursos<\/div>\n<\/th>\n<th class=\"column-2 sorting\" colspan=\"1\" rowspan=\"1\">\n<div>Detalhes<\/div>\n<\/th>\n<th class=\"column-3 sorting\" colspan=\"1\" rowspan=\"1\">\n<div>Inscri\u00e7\u00e3o<\/div>\n<\/th>\n<\/tr>\n<\/thead>\n<tbody class=\"row-hover\">\n<tr class=\"row-2 even\">\n<td class=\"column-1 \"><b>CURSO DE GEST\u00c3O DOCUMENTAL E MEM\u00d3RIA APLICADAS AO SISTEMA DE JUSTI\u00c7A (11 e 12\/08)<\/b><\/td>\n<td class=\"column-2 \"><\/td>\n<td class=\"column-3 \"><\/td>\n<\/tr>\n<tr class=\"row-3 odd\">\n<td class=\"column-1 \"><b>CURSO DE CLASSIFICA\u00c7\u00c3O DE PETI\u00c7\u00d5ES E PROCESSOS JUDICIAIS UTILIZANDO AS TABELAS PROCESSUAIS UNIFICADAS E A NUMERA\u00c7\u00c3O \u00daNICA DE PROCESSOS (29\/08)<\/b><\/td>\n<td class=\"column-2 \"><\/td>\n<td class=\"column-3 \"><\/td>\n<\/tr>\n<tr class=\"row-4 even\">\n<td class=\"column-1 \"><b>CURSO DESCRI\u00c7\u00c3O ARQUIV\u00cdSTICA COM O USO DO ICA-ATOM (22 e 23\/09)<\/b><\/td>\n<td class=\"column-2 \"><\/td>\n<td class=\"column-3 \"><\/td>\n<\/tr>\n<tr class=\"row-5 odd\">\n<td class=\"column-1 \"><b>GEST\u00c3O DO CONHECIMENTO APLICADA \u00c0S UNIDADES DE INFORMA\u00c7\u00c3O (30 e 31\/10)<\/b><\/td>\n<td class=\"column-2 \"><\/td>\n<td class=\"column-3 \"><\/td>\n<\/tr>\n<tr class=\"row-6 even\">\n<td class=\"column-1 \"><b>CURSO DE AVALIA\u00c7\u00c3O DE DOCUMENTOS COMO INSTRUMENTO DE PRESERVA\u00c7\u00c3O DA MEM\u00d3RIA EM ARQUIVOS PERMANENTES (27 e 28\/11)<\/b><\/td>\n<td class=\"column-2 \"><\/td>\n<td class=\"column-3 \"><\/td>\n<\/tr>\n<tr class=\"row-7 odd\">\n<td class=\"column-1 \"><b>CURSO DE ARQUITETURA DA INFORMA\u00c7\u00c3O COMO BASE PARA A GEST\u00c3O DO CONHECIMENTO (11 e 12\/12)<\/b><\/td>\n<td class=\"column-2 \"><\/td>\n<td class=\"column-3 \"><\/td>\n<\/tr>\n<tr class=\"row-8 even\">\n<td class=\"column-1 \"><b>DESENVOLVIMENTO DE BANCOS DE CONHECIMENTOS, REPOSIT\u00d3RIOS INSTITUCIONAIS E BIBLIOTECAS DIGITAIS UTILIZANDO O DSPACE (sem data definida)<\/b><\/td>\n<td class=\"column-2 \"><\/td>\n<td class=\"column-3 \"><\/td>\n<\/tr>\n<\/tbody>\n<\/table>\n<div id=\"tablepress-2_info\" class=\"dataTables_info\"><\/div>\n<\/div>\n<\/div>\n<p>Dispon\u00edvel em: &lt;http:\/\/www.innovagestao.com.br\/&gt;. Acesso em: 16 jul. 2014.<\/p>\n","protected":false},"excerpt":{"rendered":"<p>CURSOS 2\u00ba Semestre de 2014 INSCRI\u00c7\u00d5ES ABERTAS \u2013 RESERVE A SUA VAGA DESCONTOS de 15% PARA ASSOCIADOS DA ABDF, SBGC E ABRAINFO &nbsp; CURSOS 2\u00ba Semestre de 2014 INSCRI\u00c7\u00d5ES ABERTAS \u2013 RESERVE A SUA VAGA DESCONTOS de 15% PARA ASSOCIADOS DA ABDF, SBGC E ABRAINFO Cursos Detalhes Inscri\u00e7\u00e3o CURSO DE GEST\u00c3O DOCUMENTAL E MEM\u00d3RIA APLICADAS &#8230; <a title=\"Cursos para o 2\u00ba semestre de 2014 da Innova Gest\u00e3o\" class=\"read-more\" href=\"https:\/\/mundobibliotecario.com.br\/index.php\/2014\/07\/16\/cursos-para-o-2o-semestre-de-2014-da-innova-gestao\/\" aria-label=\"Read more about Cursos para o 2\u00ba semestre de 2014 da Innova Gest\u00e3o\">Ler mais<\/a><\/p>\n","protected":false},"author":1,"featured_media":0,"comment_status":"open","ping_status":"open","sticky":false,"template":"","format":"standard","meta":{"_mi_skip_tracking":false,"_exactmetrics_sitenote_active":false,"_exactmetrics_sitenote_note":"","_exactmetrics_sitenote_category":0,"_jetpack_newsletter_access":"","footnotes":""},"categories":[252],"tags":[146,334,365,1181,1021,619,101,733],"class_list":["post-3541","post","type-post","status-publish","format-standard","hentry","category-curso","tag-arquitetura-da-informacao","tag-arquivo","tag-biblioteca-digital","tag-documento-juridico","tag-dspace","tag-gestao-de-documentos","tag-gestao-do-conhecimento","tag-repositorio-institucional"],"jetpack_featured_media_url":"","jetpack_sharing_enabled":true,"jetpack-related-posts":[{"id":199,"url":"https:\/\/mundobibliotecario.com.br\/index.php\/2008\/12\/04\/palestra-no-senac-gestao-do-conhecimento\/","url_meta":{"origin":3541,"position":0},"title":"Palestra no Senac &#8211; Gest\u00e3o do Conhecimento","author":"mundobibliotecario","date":"04\/12\/2008","format":false,"excerpt":"O Senac Nove de Julho (S\u00e3o Paulo, SP) promover\u00e1 a palestra \"Gest\u00e3o do conhecimento: uma quest\u00e3o de competitividade empresarial\", no dia 9\/12, \u00e0s 19h30. Os associados da Sociedade Brasileira de Gest\u00e3o do Conhecimento (SBGC)\u00a0tem 15% de desconto no curso \"Gest\u00e3o do Conhecimento\" do Senac. \u00a0","rel":"","context":"Em &quot;Eventos&quot;","block_context":{"text":"Eventos","link":"https:\/\/mundobibliotecario.com.br\/index.php\/category\/eventos\/"},"img":{"alt_text":"folder","src":"https:\/\/i0.wp.com\/mundobibliotecario.hospedagemdesites.ws\/wp-content\/uploads\/2008\/12\/gestao_conhecimento.jpg?resize=350%2C200","width":350,"height":200},"classes":[]},{"id":3556,"url":"https:\/\/mundobibliotecario.com.br\/index.php\/2014\/08\/25\/inscricoes-abertas-para-pos-graduacao-em-ged\/","url_meta":{"origin":3541,"position":1},"title":"Inscri\u00e7\u00f5es abertas para p\u00f3s-gradua\u00e7\u00e3o em GED","author":"mundobibliotecario","date":"25\/08\/2014","format":false,"excerpt":"Est\u00e3o abertas as inscri\u00e7\u00f5es para o Curso de P\u00f3s-Gradua\u00e7\u00e3o em Gest\u00e3o Eletr\u00f4nica de Documentos - GED da UNISUAM (RJ). Carga hor\u00e1ria total: 360h P\u00fablico-Alvo: Arquivistas, bibliotec\u00e1rios, profissionais de tecnologia da informa\u00e7\u00e3o e demais profissionais que atuem em unidades de informa\u00e7\u00e3o e que desejam construir carreira em uma das \u00e1reas de\u2026","rel":"","context":"Em &quot;Curso de P\u00f3s-Gradua\u00e7\u00e3o&quot;","block_context":{"text":"Curso de P\u00f3s-Gradua\u00e7\u00e3o","link":"https:\/\/mundobibliotecario.com.br\/index.php\/category\/curso-de-pos-graduacao\/"},"img":{"alt_text":"","src":"https:\/\/mundobibliotecario.files.wordpress.com\/2014\/08\/ged_2014-2.jpg?w=350&h=200&crop=1","width":350,"height":200},"classes":[]},{"id":2339,"url":"https:\/\/mundobibliotecario.com.br\/index.php\/2011\/11\/27\/curso-gestao-de-documentos-eletronicos-arquivisticos\/","url_meta":{"origin":3541,"position":2},"title":"Curso &#8211; Gest\u00e3o de Documentos Eletr\u00f4nicos Arquiv\u00edsticos","author":"mundobibliotecario","date":"27\/11\/2011","format":false,"excerpt":"Objetivo \u00a0\u00a0\u00a0\u00a0\u00a0Orientar usu\u00e1rios, em n\u00edvel operacional e gerencial, quanto ao tratamento da informa\u00e7\u00e3o eletr\u00f4nica, seja ela p\u00fablica ou privada, e os v\u00e1rios aspectos relacionados \u00e0 Gest\u00e3o de Documentos Eletr\u00f4nicos Arquiv\u00edsticos. P\u00fablico-alvo \u00a0\u00a0\u00a0\u00a0\u00a0Gerentes, coordenadores, supervisores e demais agentes envolvidos com a gest\u00e3o eletr\u00f4nica de documentos. Necessidade x Justificativa \u00a0\u00a0\u00a0\u00a0\u00a0Na sociedade contempor\u00e2nea\u2026","rel":"","context":"Em &quot;Curso&quot;","block_context":{"text":"Curso","link":"https:\/\/mundobibliotecario.com.br\/index.php\/category\/curso\/"},"img":{"alt_text":"","src":"","width":0,"height":0},"classes":[]},{"id":788,"url":"https:\/\/mundobibliotecario.com.br\/index.php\/2009\/08\/05\/fespsp-propoe-dupla-especializacao-em-ciencia-da-informacao\/","url_meta":{"origin":3541,"position":3},"title":"FESPSP prop\u00f5e dupla especializa\u00e7\u00e3o em Ci\u00eancia da Informa\u00e7\u00e3o","author":"mundobibliotecario","date":"05\/08\/2009","format":false,"excerpt":"A Funda\u00e7\u00e3o Escola de Sociologia e Pol\u00edtica de S\u00e3o Paulo est\u00e1 com matr\u00edculas abertas para mais de 10 cursos em Gest\u00e3o da Informa\u00e7\u00e3o A Funda\u00e7\u00e3o Escola de Sociologia e Pol\u00edtica de S\u00e3o Paulo (FESPSP) estruturou a integra\u00e7\u00e3o entre dois cursos de P\u00f3s-Gradua\u00e7\u00e3o Lato Sensu, \u201cGest\u00e3o de Documentos de Arquivo\u201d e\u2026","rel":"","context":"Em &quot;Curso de P\u00f3s-Gradua\u00e7\u00e3o&quot;","block_context":{"text":"Curso de P\u00f3s-Gradua\u00e7\u00e3o","link":"https:\/\/mundobibliotecario.com.br\/index.php\/category\/curso-de-pos-graduacao\/"},"img":{"alt_text":"","src":"","width":0,"height":0},"classes":[]},{"id":417,"url":"https:\/\/mundobibliotecario.com.br\/index.php\/2009\/02\/26\/cursos-content-digital-2009\/","url_meta":{"origin":3541,"position":4},"title":"Cursos Content Digital 2009","author":"mundobibliotecario","date":"26\/02\/2009","format":false,"excerpt":"CURSOS CONTENT DIGITAL 2009 (www.contentdigital.com.br) PROGRAME-SE para aproveitar os cursos de seu interesse, em nossa grade enriquecida de cursos em gest\u00e3o de conte\u00fado , gest\u00e3o do conhecimento e ambientes digitais, com consultores que est\u00e3o nas linhas de frente em suas \u00e1reas de atua\u00e7\u00e3o. RESERVE desde j\u00e1 sua vaga no curso\u2026","rel":"","context":"Em &quot;Curso&quot;","block_context":{"text":"Curso","link":"https:\/\/mundobibliotecario.com.br\/index.php\/category\/curso\/"},"img":{"alt_text":"","src":"","width":0,"height":0},"classes":[]},{"id":2431,"url":"https:\/\/mundobibliotecario.com.br\/index.php\/2012\/02\/08\/curso-de-gestao-de-documentos-arquivisticos-digitais\/","url_meta":{"origin":3541,"position":5},"title":"Curso de Gest\u00e3o de documentos arquiv\u00edsticos digitais","author":"mundobibliotecario","date":"08\/02\/2012","format":false,"excerpt":"Curso\u00a0organizado\u00a0pela\u00a0ASSOCIA\u00c7\u00c3O\u00a0DOS\u00a0ARQUIVISTAS\u00a0BRASILEIROS\u00a0\u2013\u00a0AAB, com\u00a0o\u00a0apoio\u00a0do\u00a0ArquivoNacional\/Minist\u00e9rio\u00a0da\u00a0Justi\u00e7a Instrutora:\u00a0Margareth\u00a0da\u00a0Silva:\u00a0professora-assistente\u00a0do\u00a0curso\u00a0de\u00a0Arquivologia\u00a0da\u00a0UniversidadeFederal\u00a0Fluminense,\u00a0membro\u00a0da\u00a0C\u00e2mara\u00a0T\u00e9cnica\u00a0de\u00a0Documentos\u00a0Eletr\u00f4nicos\u00a0do\u00a0Conselho\u00a0Nacionalde\u00a0Arquivos\u00a0e\u00a0pesquisadora\u00a0do\u00a0Projeto\u00a0InterPARES-Brasil\u00a0(Projeto\u00a0Internacional\u00a0de\u00a0Pesquisa\u00a0sobreDocumentos\u00a0Arquiv\u00edsticos\u00a0Aut\u00eanticos\u00a0em\u00a0Sistemas\u00a0Eletr\u00f4nicos). Programa Documento\u00a0e\u00a0Tecnologia\u00a0da\u00a0Informa\u00e7\u00e3o:\u00a0caracter\u00edsticas\u00a0do\u00a0documento\u00a0arquiv\u00edstico;\u00a0identifica\u00e7\u00e3odo\u00a0documento\u00a0arquiv\u00edstico\u00a0digital; as\u00a0amea\u00e7as\u00a0\u00e0\u00a0preserva\u00e7\u00e3o\u00a0e\u00a0ao\u00a0acesso. Gest\u00e3o\u00a0de\u00a0Documentos\u00a0Arquiv\u00edsticos\u00a0Digitais:\u00a0procedimentos\u00a0nas\u00a0fases\u00a0de\u00a0produ\u00e7\u00e3o, demanuten\u00e7\u00e3o\u00a0e de\u00a0destina\u00e7\u00e3o\u00a0de\u00a0documentos\u00a0arquiv\u00edsticos\u00a0digitais. Sistemas\u00a0informatizados: modelo de requisitos para os sistemas informatizados de gest\u00e3o arquiv\u00edstica de\u00a0documentos\u00a0e metadados. Carga hor\u00e1ria: 16 horas. Data: 6 e 7 de mar\u00e7o de 2012 Local:\u00a0Arquivo\u00a0Nacional\u00a0-\u00a0Audit\u00f3rio\u00a0-\u00a0Pra\u00e7a\u00a0da\u00a0Rep\u00fablica, 173, Centro -\u00a0 Rio de Janeiro Hor\u00e1rio: 9hs \u00e0s 17 hs Investimento: Profissional - R$\u2026","rel":"","context":"Em &quot;Curso&quot;","block_context":{"text":"Curso","link":"https:\/\/mundobibliotecario.com.br\/index.php\/category\/curso\/"},"img":{"alt_text":"","src":"","width":0,"height":0},"classes":[]}],"jetpack_likes_enabled":true,"jetpack_shortlink":"https:\/\/wp.me\/pcbzwa-V7","_links":{"self":[{"href":"https:\/\/mundobibliotecario.com.br\/index.php\/wp-json\/wp\/v2\/posts\/3541","targetHints":{"allow":["GET"]}}],"collection":[{"href":"https:\/\/mundobibliotecario.com.br\/index.php\/wp-json\/wp\/v2\/posts"}],"about":[{"href":"https:\/\/mundobibliotecario.com.br\/index.php\/wp-json\/wp\/v2\/types\/post"}],"author":[{"embeddable":true,"href":"https:\/\/mundobibliotecario.com.br\/index.php\/wp-json\/wp\/v2\/users\/1"}],"replies":[{"embeddable":true,"href":"https:\/\/mundobibliotecario.com.br\/index.php\/wp-json\/wp\/v2\/comments?post=3541"}],"version-history":[{"count":13,"href":"https:\/\/mundobibliotecario.com.br\/index.php\/wp-json\/wp\/v2\/posts\/3541\/revisions"}],"predecessor-version":[{"id":7341,"href":"https:\/\/mundobibliotecario.com.br\/index.php\/wp-json\/wp\/v2\/posts\/3541\/revisions\/7341"}],"wp:attachment":[{"href":"https:\/\/mundobibliotecario.com.br\/index.php\/wp-json\/wp\/v2\/media?parent=3541"}],"wp:term":[{"taxonomy":"category","embeddable":true,"href":"https:\/\/mundobibliotecario.com.br\/index.php\/wp-json\/wp\/v2\/categories?post=3541"},{"taxonomy":"post_tag","embeddable":true,"href":"https:\/\/mundobibliotecario.com.br\/index.php\/wp-json\/wp\/v2\/tags?post=3541"}],"curies":[{"name":"wp","href":"https:\/\/api.w.org\/{rel}","templated":true}]}}