{"id":3546,"date":"2014-08-08T09:13:18","date_gmt":"2014-08-08T12:13:18","guid":{"rendered":"http:\/\/mundobibliotecario.wordpress.com\/?p=3546"},"modified":"2020-07-21T23:54:17","modified_gmt":"2020-07-22T02:54:17","slug":"biblioteca-da-camara-conclui-digitalizacao-de-200-obras-raras","status":"publish","type":"post","link":"https:\/\/mundobibliotecario.com.br\/index.php\/2014\/08\/08\/biblioteca-da-camara-conclui-digitalizacao-de-200-obras-raras\/","title":{"rendered":"Biblioteca da C\u00e2mara conclui digitaliza\u00e7\u00e3o de 200 obras raras"},"content":{"rendered":"<p>C\u00e2mara dos Deputados &#8211; 30\/07\/2014<\/p>\n<p>Foi conclu\u00eddo o projeto de digitaliza\u00e7\u00e3o de 200 obras raras do acervo da Biblioteca Pedro Aleixo, da C\u00e2mara dos Deputados. Os livros e peri\u00f3dicos, que datam dos s\u00e9culos 16 ao 20, j\u00e1 podem ser acessados gratuitamente na p\u00e1gina Biblioteca Digital na internet.<\/p>\n<p>No total, a C\u00e2mara possui cerca de 4.600 obras raras e 108 t\u00edtulos de peri\u00f3dicos raros. As 200 obras digitalizadas foram selecionadas a partir de aspectos como conte\u00fado, elevado valor hist\u00f3rico e demanda de consultas.<\/p>\n<p>Entre os t\u00edtulos digitalizados recentemente est\u00e3o colet\u00e2neas da legisla\u00e7\u00e3o do Imp\u00e9rio e edi\u00e7\u00f5es do Jornal das Trincheiras (\u00f3rg\u00e3o da Revolu\u00e7\u00e3o Constitucionalista de 1932). A obra mais antiga que est\u00e1 dispon\u00edvel no formato digital \u00e9 um relato em latim, do ano de 1537, sobre as grandes expedi\u00e7\u00f5es de navegadores como Crist\u00f3v\u00e3o Colombo e Am\u00e9rico Vesp\u00facio.<\/p>\n<p>Preserva\u00e7\u00e3o do acervo<br \/>\nO projeto de digitaliza\u00e7\u00e3o foi conclu\u00eddo seis meses antes do previsto, j\u00e1 que a expectativa era finaliz\u00e1-lo em dezembro deste ano. A digitaliza\u00e7\u00e3o foi feita com o uso de esc\u00e2neres planet\u00e1rios, equipamentos que registram o material impresso em alta resolu\u00e7\u00e3o sem danificar as p\u00e1ginas do arquivo.<\/p>\n<p>As publica\u00e7\u00f5es digitalizadas est\u00e3o dispon\u00edveis no site www.camara.leg.br, nos menus &#8220;Documentos e Pesquisa&#8221;, &#8220;Biblioteca Digital&#8221; e &#8220;Obras Raras&#8221;. Para acessar, clique aqui.<\/p>\n<p>Da Reda\u00e7\u00e3o \u2013 PT<\/p>\n<p>Dispon\u00edvel em: &lt;http:\/\/www.blogdogaleno.com.br\/2014\/08\/06\/biblioteca-da-camara-conclui-digitalizacao-de-200-obras-raras&gt;. Acesso em: 8 ago. 2014.<\/p>\n","protected":false},"excerpt":{"rendered":"<p>C\u00e2mara dos Deputados &#8211; 30\/07\/2014 Foi conclu\u00eddo o projeto de digitaliza\u00e7\u00e3o de 200 obras raras do acervo da Biblioteca Pedro Aleixo, da C\u00e2mara dos Deputados. Os livros e peri\u00f3dicos, que datam dos s\u00e9culos 16 ao 20, j\u00e1 podem ser acessados gratuitamente na p\u00e1gina Biblioteca Digital na internet. No total, a C\u00e2mara possui cerca de 4.600 &#8230; <a title=\"Biblioteca da C\u00e2mara conclui digitaliza\u00e7\u00e3o de 200 obras raras\" class=\"read-more\" href=\"https:\/\/mundobibliotecario.com.br\/index.php\/2014\/08\/08\/biblioteca-da-camara-conclui-digitalizacao-de-200-obras-raras\/\" aria-label=\"Read more about Biblioteca da C\u00e2mara conclui digitaliza\u00e7\u00e3o de 200 obras raras\">Ler mais<\/a><\/p>\n","protected":false},"author":1,"featured_media":0,"comment_status":"open","ping_status":"open","sticky":false,"template":"","format":"standard","meta":{"_mi_skip_tracking":false,"_exactmetrics_sitenote_active":false,"_exactmetrics_sitenote_note":"","_exactmetrics_sitenote_category":0,"_jetpack_newsletter_access":"","footnotes":""},"categories":[60],"tags":[365],"class_list":["post-3546","post","type-post","status-publish","format-standard","hentry","category-noticias","tag-biblioteca-digital"],"jetpack_featured_media_url":"","jetpack_sharing_enabled":true,"jetpack-related-posts":[{"id":337,"url":"https:\/\/mundobibliotecario.com.br\/index.php\/2009\/02\/02\/usp-disponibiliza-obras-raras-para-consulta-na-internet\/","url_meta":{"origin":3546,"position":0},"title":"USP disponibiliza obras raras para consulta na internet","author":"mundobibliotecario","date":"02\/02\/2009","format":false,"excerpt":"Ideia \u00e9 ampliar acesso a preciosidades, algumas dos s\u00e9culos 15 e 16. Inicialmente foram selecionados 38 livros em v\u00e1rias \u00e1reas. \u00a0 A Biblioteca Digital de Obras Raras e Especiais da Universidade de S\u00e3o Paulo (USP) acaba de disponibilizar, para consulta livre na internet, algumas das principais obras do acervo da\u2026","rel":"","context":"Em &quot;Not\u00edcias&quot;","block_context":{"text":"Not\u00edcias","link":"https:\/\/mundobibliotecario.com.br\/index.php\/category\/noticias\/"},"img":{"alt_text":"","src":"","width":0,"height":0},"classes":[]},{"id":5653,"url":"https:\/\/mundobibliotecario.com.br\/index.php\/2020\/06\/14\/bibliotecas-do-senado-e-da-camara-promovem-live-para-divulgar-acervos-digitais\/","url_meta":{"origin":3546,"position":1},"title":"Bibliotecas do Senado e da C\u00e2mara promovem &#8216;live&#8217; para divulgar acervos digitais","author":"mundobibliotecario","date":"14\/06\/2020","format":false,"excerpt":"Biblioteca do Senado est\u00e1 fechada fisicamente desde o in\u00edcio da pandemia. Evento on-line em parceria com a Biblioteca da C\u00e2mara possibilita que usu\u00e1rios continuem acessando o acervo pela internetRoque de S\u00e1\/Ag\u00eancia Senado As bibliotecas do\u00a0Senado Federal\u00a0e da\u00a0C\u00e2mara dos Deputados\u00a0promoveram a primeira\u00a0live\u00a0da iniciativa Parlabiblio, que pretende apresentar ao p\u00fablico os servi\u00e7os\u2026","rel":"","context":"Em &quot;Not\u00edcias&quot;","block_context":{"text":"Not\u00edcias","link":"https:\/\/mundobibliotecario.com.br\/index.php\/category\/noticias\/"},"img":{"alt_text":"","src":"","width":0,"height":0},"classes":[]},{"id":5521,"url":"https:\/\/mundobibliotecario.com.br\/index.php\/2020\/03\/12\/unicamp-inaugura-biblioteca-de-obras-raras\/","url_meta":{"origin":3546,"position":2},"title":"Unicamp inaugura Biblioteca de Obras Raras","author":"mundobibliotecario","date":"12\/03\/2020","format":false,"excerpt":"Inaugura\u00e7\u00e3o da Bora reuniu dirigentes da Unicamp e convidados Foi inaugurada nesta segunda-feira (9) a Biblioteca de Obras Raras \"Fausto Castilho\" (Bora), novo espa\u00e7o do Sistema de Bibliotecas da Unicamp (SBU) destinado \u00e0 reuni\u00e3o e conserva\u00e7\u00e3o de livros e diferentes obras antigas, raras e que pertenceram a grandes nomes da\u2026","rel":"","context":"Em &quot;Not\u00edcias&quot;","block_context":{"text":"Not\u00edcias","link":"https:\/\/mundobibliotecario.com.br\/index.php\/category\/noticias\/"},"img":{"alt_text":"","src":"","width":0,"height":0},"classes":[]},{"id":9594,"url":"https:\/\/mundobibliotecario.com.br\/index.php\/2021\/11\/06\/projeto-de-fabio-luis-que-propoe-biblioteca-publica-digital-e-aprovado-na-camara\/","url_meta":{"origin":3546,"position":3},"title":"Projeto de Fabio Luis que prop\u00f5e biblioteca p\u00fablica digital \u00e9 aprovado na C\u00e2mara","author":"mundobibliotecario","date":"06\/11\/2021","format":false,"excerpt":"Fabio Luis defende o servi\u00e7o p\u00fablico tecnol\u00f3gico e eficiente \u2013 Foto: Alexandre Pimenta A C\u00e2mara de Vereadores aprovou o projeto elaborado pelo vereador Fabio Luis (Republicanos) que institui a Biblioteca P\u00fablica Digital de Dourados. A iniciativa teve ades\u00e3o de todos os parlamentares da Casa de Leis durante vota\u00e7\u00e3o na sess\u00e3o\u2026","rel":"","context":"Em &quot;Not\u00edcias&quot;","block_context":{"text":"Not\u00edcias","link":"https:\/\/mundobibliotecario.com.br\/index.php\/category\/noticias\/"},"img":{"alt_text":"","src":"https:\/\/i0.wp.com\/mundobibliotecario.com.br\/wp-content\/uploads\/2021\/10\/Fabio-Luis-300x200-1.jpeg?resize=350%2C200&ssl=1","width":350,"height":200},"classes":[]},{"id":1548,"url":"https:\/\/mundobibliotecario.com.br\/index.php\/2010\/11\/06\/os-segredos-da-biblioteca\/","url_meta":{"origin":3546,"position":4},"title":"Os segredos da Biblioteca","author":"mundobibliotecario","date":"06\/11\/2010","format":false,"excerpt":"A Nacional completa 200 anos com acervo em que uma s\u00f3 obra vale at\u00e9 R$ 9 milh\u00f5es \u00a0Rio - Principal guardi\u00e3 da mem\u00f3ria do Brasil e zeladora de 9 milh\u00f5es de obras, a Biblioteca Nacional comemora 200 anos na pr\u00f3xima sexta-feira com muita hist\u00f3ria e segredos a contar. Junto a\u2026","rel":"","context":"Em &quot;Not\u00edcias&quot;","block_context":{"text":"Not\u00edcias","link":"https:\/\/mundobibliotecario.com.br\/index.php\/category\/noticias\/"},"img":{"alt_text":"","src":"","width":0,"height":0},"classes":[]},{"id":775,"url":"https:\/\/mundobibliotecario.com.br\/index.php\/2009\/07\/29\/brasiliana-finaliza-digitalizacao-das-primeiras-obras-de-machado-de\/","url_meta":{"origin":3546,"position":5},"title":"Brasiliana finaliza digitaliza\u00e7\u00e3o das primeiras obras de Machado de Assis","author":"mundobibliotecario","date":"29\/07\/2009","format":false,"excerpt":"O site Brasiliana Digital finalizou o processo de digitaliza\u00e7\u00e3o das primeiras obras de Machado de Assis. Ao todo, s\u00e3o 26 obras que podem ser lidas no formato PDF em baixa ou alta resolu\u00e7\u00e3o (100 e 300 DPI, respectivamente). A busca pelos livros, que podem ser encontrados por tempo indeterminado na\u2026","rel":"","context":"Em &quot;Not\u00edcias&quot;","block_context":{"text":"Not\u00edcias","link":"https:\/\/mundobibliotecario.com.br\/index.php\/category\/noticias\/"},"img":{"alt_text":"","src":"","width":0,"height":0},"classes":[]}],"jetpack_likes_enabled":true,"jetpack_shortlink":"https:\/\/wp.me\/pcbzwa-Vc","_links":{"self":[{"href":"https:\/\/mundobibliotecario.com.br\/index.php\/wp-json\/wp\/v2\/posts\/3546","targetHints":{"allow":["GET"]}}],"collection":[{"href":"https:\/\/mundobibliotecario.com.br\/index.php\/wp-json\/wp\/v2\/posts"}],"about":[{"href":"https:\/\/mundobibliotecario.com.br\/index.php\/wp-json\/wp\/v2\/types\/post"}],"author":[{"embeddable":true,"href":"https:\/\/mundobibliotecario.com.br\/index.php\/wp-json\/wp\/v2\/users\/1"}],"replies":[{"embeddable":true,"href":"https:\/\/mundobibliotecario.com.br\/index.php\/wp-json\/wp\/v2\/comments?post=3546"}],"version-history":[{"count":1,"href":"https:\/\/mundobibliotecario.com.br\/index.php\/wp-json\/wp\/v2\/posts\/3546\/revisions"}],"predecessor-version":[{"id":7151,"href":"https:\/\/mundobibliotecario.com.br\/index.php\/wp-json\/wp\/v2\/posts\/3546\/revisions\/7151"}],"wp:attachment":[{"href":"https:\/\/mundobibliotecario.com.br\/index.php\/wp-json\/wp\/v2\/media?parent=3546"}],"wp:term":[{"taxonomy":"category","embeddable":true,"href":"https:\/\/mundobibliotecario.com.br\/index.php\/wp-json\/wp\/v2\/categories?post=3546"},{"taxonomy":"post_tag","embeddable":true,"href":"https:\/\/mundobibliotecario.com.br\/index.php\/wp-json\/wp\/v2\/tags?post=3546"}],"curies":[{"name":"wp","href":"https:\/\/api.w.org\/{rel}","templated":true}]}}