{"id":3550,"date":"2014-08-15T13:13:07","date_gmt":"2014-08-15T16:13:07","guid":{"rendered":"http:\/\/mundobibliotecario.wordpress.com\/?p=3550"},"modified":"2014-08-15T13:13:07","modified_gmt":"2014-08-15T16:13:07","slug":"jose-dirceu-e-rebaixado-de-posto-em-emprego","status":"publish","type":"post","link":"https:\/\/mundobibliotecario.com.br\/index.php\/2014\/08\/15\/jose-dirceu-e-rebaixado-de-posto-em-emprego\/","title":{"rendered":"Jos\u00e9 Dirceu \u00e9 &#8216;rebaixado&#8217; de posto em emprego"},"content":{"rendered":"<h2>Fun\u00e7\u00e3o mudou por protesto do Conselho de Biblioteconomia. A amigos, petista reclamou que considera o trabalho um t\u00e9dio<\/h2>\n<div class=\"meta\">\n<p>POR <span class=\"autor\">EVANDRO \u00c9BOLI<\/span><\/p>\n<div class=\"meta-data\"><span class=\"data-cadastro\">15\/08\/2014 6:00<\/span> \/ <span class=\"data-atualizacao\">ATUALIZADO 15\/08\/2014 8:46<\/span><\/div>\n<div class=\"meta-data\"><\/div>\n<div class=\"meta-data\">\n<div class=\"foto\">\n<figure><img loading=\"lazy\" decoding=\"async\" src=\"http:\/\/og.infg.com.br\/in\/13574310-fb7-92f\/FT1086A\/420\/2014-730622193-2014-730350209-2014070318327.jpg_20140703.jpg_20140704.jpg\" alt=\"\" width=\"700\" height=\"420\" \/><figcaption>Jos\u00e9 Dirceu chega para o primeiro dia de trabalho no regime semi-aberto, em julho deste ano. &#8211; <b>Ailton de Freitas \/ Ag\u00eancia O Globo<\/b><\/figcaption><\/figure>\n<\/div>\n<p>BRAS\u00cdLIA \u2014 Contratado para organizar e cuidar da biblioteca de um escrit\u00f3rio de advocacia em Bras\u00edlia, o ex-ministro Jos\u00e9 Dirceu foi \u201crebaixado\u201d de posto no local de servi\u00e7o, onde trabalha cumprindo a condena\u00e7\u00e3o no regime semiaberto. Ap\u00f3s fiscaliza\u00e7\u00e3o e protesto do Conselho Regional de Biblioteconomia de Bras\u00edlia, Dirceu n\u00e3o est\u00e1 mais exercendo a fun\u00e7\u00e3o de catalogar e classificar as publica\u00e7\u00f5es, atividades pr\u00f3prias de um bibliotec\u00e1rio formado. O ex-ministro, agora, \u00e9 um digitador de fichas no escrit\u00f3rio do advogado Jos\u00e9 Gerardo Grossi.<\/p>\n<\/div>\n<div class=\"meta-data\">\n<p>Dirceu digita as fichas dos livros produzidas pela bibliotec\u00e1ria Val\u00e9ria Gameleira da Mota, que trabalha com Grossi. A amigos pr\u00f3ximos, o petista reclamou que considera sua nova fun\u00e7\u00e3o \u00e9 um t\u00e9dio. Grossi teve que enviar um of\u00edcio ao Conselho de Biblioteconomia garantindo que Dirceu &#8220;est\u00e1 digitando fichas do meu escrit\u00f3rio\u201d.<\/p>\n<p>&#8220;O Conselho de Biblioteconomia realizou fiscaliza\u00e7\u00e3o, motivado pelos in\u00fameros questionamentos recebidos sobre o trabalho exercido por Jos\u00e9 Dirceu, e n\u00e3o encontrou irregularidades ou exerc\u00edcio ilegal da profiss\u00e3o, j\u00e1 que as fun\u00e7\u00f5es realizadas por Jos\u00e9 Dirceu s\u00e3o de digita\u00e7\u00e3o de fichas&#8221;, informou o conselho. Quando Dirceu terminar esse trabalho, segundo Grossi, ele executar\u00e1 trabalhos administrativos.<\/p>\n<p>A presidente do Conselho Federal de Biblioteconomia, Regina C\u00e9li de Sousa, afirmou que a fun\u00e7\u00e3o desse profissional \u00e9 classificar, catalogar, relacionar assuntos e dar tratamento t\u00e9cnico ao acervo.<\/p>\n<p>\u2014 Um bibliotec\u00e1rio que atua numa atividade jur\u00eddica acompanha a legisla\u00e7\u00e3o publicada diariamente e organiza essas informa\u00e7\u00f5es. Segue normas internacionais nesse trabalho \u2014 disse Regina C\u00e9li, que exerce essa fun\u00e7\u00e3o tamb\u00e9m num grande escrit\u00f3rio de advocacia de Bras\u00edlia.<\/p>\n<p>Dispon\u00edvel em: &lt;<a href=\"http:\/\/oglobo.globo.com\/brasil\/jose-dirceu-rebaixado-de-posto-em-emprego-13611052\">http:\/\/oglobo.globo.com\/brasil\/jose-dirceu-rebaixado-de-posto-em-emprego-13611052<\/a>&gt;. Acesso em: 15 ago. 2014.<\/p>\n<\/div>\n<\/div>\n","protected":false},"excerpt":{"rendered":"<p>Fun\u00e7\u00e3o mudou por protesto do Conselho de Biblioteconomia. A amigos, petista reclamou que considera o trabalho um t\u00e9dio POR EVANDRO \u00c9BOLI 15\/08\/2014 6:00 \/ ATUALIZADO 15\/08\/2014 8:46 Jos\u00e9 Dirceu chega para o primeiro dia de trabalho no regime semi-aberto, em julho deste ano. &#8211; Ailton de Freitas \/ Ag\u00eancia O Globo BRAS\u00cdLIA \u2014 Contratado para &#8230; <a title=\"Jos\u00e9 Dirceu \u00e9 &#8216;rebaixado&#8217; de posto em emprego\" class=\"read-more\" href=\"https:\/\/mundobibliotecario.com.br\/index.php\/2014\/08\/15\/jose-dirceu-e-rebaixado-de-posto-em-emprego\/\" aria-label=\"Read more about Jos\u00e9 Dirceu \u00e9 &#8216;rebaixado&#8217; de posto em emprego\">Ler mais<\/a><\/p>\n","protected":false},"author":1,"featured_media":0,"comment_status":"open","ping_status":"open","sticky":false,"template":"","format":"standard","meta":{"_mi_skip_tracking":false,"_exactmetrics_sitenote_active":false,"_exactmetrics_sitenote_note":"","_exactmetrics_sitenote_category":0,"_jetpack_newsletter_access":"","footnotes":""},"categories":[60],"tags":[4],"class_list":["post-3550","post","type-post","status-publish","format-standard","hentry","category-noticias","tag-cfb"],"jetpack_featured_media_url":"","jetpack_sharing_enabled":true,"jetpack-related-posts":[{"id":4711,"url":"https:\/\/mundobibliotecario.com.br\/index.php\/2018\/03\/12\/dia-do-bibliotecario-entrevista-com-jose-domingos-brito\/","url_meta":{"origin":3550,"position":0},"title":"Dia do Bibliotec\u00e1rio: Entrevista com Jos\u00e9 Domingos Brito","author":"mundobibliotecario","date":"12\/03\/2018","format":false,"excerpt":"Para comemorar o Dia do Bibliotec\u00e1rio, o Mundo Bibliotec\u00e1rio realizou uma entrevista exclusiva com fundador do Sindicato dos Bibliotec\u00e1rios, Cientistas da Informa\u00e7\u00e3o, Historiadores, Muse\u00f3logos, Documentalistas, Arquivistas, Auxiliares de Biblioteca e de Centros de Documenta\u00e7\u00e3o no Estado de S\u00e3o Paulo (SinBiesp), Jos\u00e9 Domingos Brito! Confira! Mundo Bibliotec\u00e1rio - Como voc\u00ea se\u2026","rel":"","context":"Em &quot;Not\u00edcias&quot;","block_context":{"text":"Not\u00edcias","link":"https:\/\/mundobibliotecario.com.br\/index.php\/category\/noticias\/"},"img":{"alt_text":"","src":"","width":0,"height":0},"classes":[]},{"id":2746,"url":"https:\/\/mundobibliotecario.com.br\/index.php\/2012\/11\/11\/capes-aprova-curso-de-biblioteconomia-na-modalidade-a-distancia\/","url_meta":{"origin":3550,"position":1},"title":"Capes aprova curso de Biblioteconomia na modalidade \u00e0 dist\u00e2ncia","author":"mundobibliotecario","date":"11\/11\/2012","format":false,"excerpt":"No \u00faltimo dia 29 de outubro, o Conselho Federal de Biblioteconomia (CFB) protagonizou um momento hist\u00f3rico para a Biblioteconomia no Pa\u00eds. A presidente do CFB, N\u00eamora Rodrigues, assinou junto ao Prof. Dr. Jorge Almeida Guimar\u00e3es, presidente da Coordena\u00e7\u00e3o de Aperfei\u00e7oamento de Pessoal de N\u00edvel Superior (CAPES), um acordo de parceria\u2026","rel":"","context":"Em &quot;Not\u00edcias&quot;","block_context":{"text":"Not\u00edcias","link":"https:\/\/mundobibliotecario.com.br\/index.php\/category\/noticias\/"},"img":{"alt_text":"","src":"","width":0,"height":0},"classes":[]},{"id":1402,"url":"https:\/\/mundobibliotecario.com.br\/index.php\/2010\/08\/04\/vagas-para-docentes-de-biblitoeconomia\/","url_meta":{"origin":3550,"position":2},"title":"Vagas para docentes de biblioteconomia","author":"mundobibliotecario","date":"04\/08\/2010","format":false,"excerpt":"O Departamento de Ci\u00eancia da Informa\u00e7\u00e3o da UEL estar\u00e1 com inscri\u00e7\u00f5es abertas para teste seletivo, para docente tempor\u00e1rio em 20h, \u00e1rea Biblioteconomia Geral, de 2 a 06 de agosto. Maiores informa\u00e7\u00f5es no endere\u00e7o http:\/\/www.uel.br\/prorh\/selecao\/ts\/abertura\/192_2010_abert.pdf. CENTRO DE EDUCA\u00c7\u00c3O, COMUNICA\u00c7\u00c3O E ARTES DEPARTAMENTO DE CI\u00caNCIA DA INFORMA\u00c7\u00c3O \u00c1rea\/sub\u00e1rea: Ci\u00eancia da Informa\u00e7\u00e3o\/Biblioteconomia No\u2026","rel":"","context":"Em &quot;Concurso&quot;","block_context":{"text":"Concurso","link":"https:\/\/mundobibliotecario.com.br\/index.php\/category\/concurso\/"},"img":{"alt_text":"","src":"","width":0,"height":0},"classes":[]},{"id":2783,"url":"https:\/\/mundobibliotecario.com.br\/index.php\/2013\/01\/04\/concurso-preenchimento-de-tres-vagas-na-docencia-da-ciencia-da-informacao-ufsc\/","url_meta":{"origin":3550,"position":3},"title":"Concurso preenchimento de tr\u00eas vagas na doc\u00eancia da Ci\u00eancia da Informa\u00e7\u00e3o &#8211; UFSC","author":"mundobibliotecario","date":"04\/01\/2013","format":false,"excerpt":"O\u00a0Departamento de Ci\u00eancia da Informa\u00e7\u00e3o da UFSC, em Florian\u00f3polis, abre concurso para o preenchimento de tr\u00eas vagas na doc\u00eancia, sendo \u00a0(02 (duas) vagas para Professor Adjunto e 01 (uma) vaga para Professor Assistente. De acordo com o EDITAL N\u00ba 004\/DPP\/2012, de 27\/12\/2012, os interessados poder\u00e3o efetuar inscri\u00e7\u00e3o pela internet, no\u2026","rel":"","context":"Em &quot;Concurso&quot;","block_context":{"text":"Concurso","link":"https:\/\/mundobibliotecario.com.br\/index.php\/category\/concurso\/"},"img":{"alt_text":"","src":"","width":0,"height":0},"classes":[]},{"id":2889,"url":"https:\/\/mundobibliotecario.com.br\/index.php\/2013\/02\/18\/concurso-para-professor-substituto-departamento-de-biblioteconomia-ufes\/","url_meta":{"origin":3550,"position":4},"title":"Concurso para professor substituto &#8211; Departamento de Biblioteconomia UFES","author":"mundobibliotecario","date":"18\/02\/2013","format":false,"excerpt":"A Diretora do Departamento de Gest\u00e3o de Pessoas da Universidade Federal do Esp\u00edrito Santo, usando de suas atribui\u00e7\u00f5es, torna p\u00fablico que ser\u00e1 realizado processo seletivo simplificado para contrata\u00e7\u00e3o de PROFESSOR SUBSTITUTO, para esta Institui\u00e7\u00e3o Federal de Ensino, de acordo com a Lei n\u00ba 8745\/93. Per\u00edodo de Inscri\u00e7\u00e3o: 18 a 20\/02\/2013.\u2026","rel":"","context":"Em &quot;Emprego&quot;","block_context":{"text":"Emprego","link":"https:\/\/mundobibliotecario.com.br\/index.php\/category\/emprego\/"},"img":{"alt_text":"","src":"","width":0,"height":0},"classes":[]},{"id":856,"url":"https:\/\/mundobibliotecario.com.br\/index.php\/2009\/09\/11\/concurso-ancib\/","url_meta":{"origin":3550,"position":5},"title":"Concurso &#8211; ANCIB","author":"mundobibliotecario","date":"11\/09\/2009","format":false,"excerpt":"Est\u00e3o abertas as inscri\u00e7\u00f5es, no prazo de 40 dias a contar da publica\u00e7\u00e3o do Edital n\u00ba 51, de 21 de agosto de 2009 publicado no DOU, no dia 26 de agosto de 2009, p. 41, se\u00e7\u00e3o III, o Concurso P\u00fablico de T\u00edtulos e Provas para: \u00c1rea\/Disciplina: Biblioteconomia\/Produ\u00e7\u00e3o do Registro do\u2026","rel":"","context":"Em &quot;Concurso&quot;","block_context":{"text":"Concurso","link":"https:\/\/mundobibliotecario.com.br\/index.php\/category\/concurso\/"},"img":{"alt_text":"","src":"","width":0,"height":0},"classes":[]}],"jetpack_likes_enabled":true,"jetpack_shortlink":"https:\/\/wp.me\/pcbzwa-Vg","_links":{"self":[{"href":"https:\/\/mundobibliotecario.com.br\/index.php\/wp-json\/wp\/v2\/posts\/3550","targetHints":{"allow":["GET"]}}],"collection":[{"href":"https:\/\/mundobibliotecario.com.br\/index.php\/wp-json\/wp\/v2\/posts"}],"about":[{"href":"https:\/\/mundobibliotecario.com.br\/index.php\/wp-json\/wp\/v2\/types\/post"}],"author":[{"embeddable":true,"href":"https:\/\/mundobibliotecario.com.br\/index.php\/wp-json\/wp\/v2\/users\/1"}],"replies":[{"embeddable":true,"href":"https:\/\/mundobibliotecario.com.br\/index.php\/wp-json\/wp\/v2\/comments?post=3550"}],"version-history":[{"count":0,"href":"https:\/\/mundobibliotecario.com.br\/index.php\/wp-json\/wp\/v2\/posts\/3550\/revisions"}],"wp:attachment":[{"href":"https:\/\/mundobibliotecario.com.br\/index.php\/wp-json\/wp\/v2\/media?parent=3550"}],"wp:term":[{"taxonomy":"category","embeddable":true,"href":"https:\/\/mundobibliotecario.com.br\/index.php\/wp-json\/wp\/v2\/categories?post=3550"},{"taxonomy":"post_tag","embeddable":true,"href":"https:\/\/mundobibliotecario.com.br\/index.php\/wp-json\/wp\/v2\/tags?post=3550"}],"curies":[{"name":"wp","href":"https:\/\/api.w.org\/{rel}","templated":true}]}}