{"id":3559,"date":"2014-08-26T11:30:31","date_gmt":"2014-08-26T14:30:31","guid":{"rendered":"http:\/\/mundobibliotecario.wordpress.com\/?p=3559"},"modified":"2020-07-21T23:54:17","modified_gmt":"2020-07-22T02:54:17","slug":"bibliocamp-2014-projetos-culturais-de-incentivo-a-leitura-e-atuacao-profissional","status":"publish","type":"post","link":"https:\/\/mundobibliotecario.com.br\/index.php\/2014\/08\/26\/bibliocamp-2014-projetos-culturais-de-incentivo-a-leitura-e-atuacao-profissional\/","title":{"rendered":"BiblioCamp 2014: Projetos Culturais de incentivo \u00e0 leitura e atua\u00e7\u00e3o profissional"},"content":{"rendered":"<p>BiblioCamp 2014 vem em busca de novas hist\u00f3rias, projetos inspiradores e exemplos daqueles que d\u00e1 vontade de \u2018ser quando crescer\u2019. Este ano ter\u00e1 sua 4\u00aa edi\u00e7\u00e3o em Bras\u00edlia, na Biblioteca Nacional, dia 06 de setembro.<\/p>\n<p>Fugindo do padr\u00e3o j\u00e1 conhecido dos eventos acad\u00eamicos em Ci\u00eancia da Informa\u00e7\u00e3o o BiblioCamp segue o estilo speed talk, onde cada apresenta\u00e7\u00e3o ter\u00e1 15 minutos de dura\u00e7\u00e3o sem intervalos e sem espa\u00e7o para pergunta entre elas. Assim podemos compartilhar mais e trocar informa\u00e7\u00f5es posteriormente.<\/p>\n<p>A programa\u00e7\u00e3o ser\u00e1 composta por 18 falantes e 32 ouvintes todos juntos numa sala. A ideia \u00e9 ter um evento intimista e aconchegante durante um s\u00e1bado de boas trocas de experi\u00eancias.<\/p>\n<p>A surpresa boa \u00e9 que nem todos os falantes ser\u00e3o da biblioteconomia, h\u00e1 muita gente por a\u00ed fazendo coisas bacanas que envolvem livros, bibliotecas, educa\u00e7\u00e3o, informa\u00e7\u00e3o e leitura. Algumas das apresenta\u00e7\u00f5es j\u00e1 confirmadas:<\/p>\n<p><a href=\"http:\/\/roedoresdelivros.blogspot.com.br\/\"><strong>Roedores de Livros<\/strong><\/a>: projeto de incentivo a leitura para crian\u00e7as e jovens, idealizado e coordenado por\u00a0Ana Paula Bernardes \u2013 Graduada em Artes Pl\u00e1sticas pela Universidade de Bras\u00edlia e professora da Secretaria de Educa\u00e7\u00e3o do Distrito Federal \u2013 Recebeu em 2011 o pr\u00eamio de melhor projeto de incentivo a leitura pela Funda\u00e7\u00e3o Nacional do Livro Infantil e Juvenil (FNLIJ). Ana Paula contar\u00e1 um pouco sobre como seu projeto volunt\u00e1rio desperta o gosto pela leitura atrav\u00e9s de a\u00e7\u00f5es integradas como media\u00e7\u00e3o de leitura, oficinas de artes e m\u00fasica ao vivo.<\/p>\n<p><a href=\"http:\/\/culturanoonibus.blogspot.com.br\/\"><strong>Cultura no \u00f4nibus<\/strong><\/a>: Ant\u00f4nio da Concei\u00e7\u00e3o, cobrador de \u00f4nibus de uma linha que liga Bras\u00edlia a Sobradinho (cidade sat\u00e9lite) partilhar\u00e1 sua experi\u00eancia de como ele vem transformando um simples passeio de \u00f4nibus em uma oportunidade de fazer novos leitores.<\/p>\n<p><a href=\"http:\/\/contoscantoseencantos.blogspot.com.br\/\"><strong>Alessandra Pontes Roscoe<\/strong><\/a>: Coordena em Bras\u00edlia atividades de leitura desde o ventre com casais \u201cgr\u00e1vidos\u201d, com beb\u00eas e com idosos pacientes de Alzheimer. \u00c9 fundadora de uma das primeiras experi\u00eancias permanentes de leitura com beb\u00eas e pr\u00e9-leitores do pa\u00eds, o <a href=\"http:\/\/unidunilertodasasletras.wordpress.com\/\">Uni duni Ler<\/a>.<\/p>\n<p><strong>Laila Di Pietro<\/strong>: Bibliotec\u00e1ria, Mestre em\u00a0Ci\u00eancia da Informa\u00e7\u00e3o pela\u00a0UnB, com \u00eanfase na organiza\u00e7\u00e3o de documentos imag\u00e9ticos. Falar\u00e1 sobre sua participa\u00e7\u00e3o no Grupo de Pesquisa Acervos Fotogr\u00e1ficos, onde desenvolve projetos sobre documentos fotogr\u00e1ficos relacionados \u00e0 per\u00edodos de ditadura militar na Am\u00e9rica Latina e seu trabalho no Centro de Documenta\u00e7\u00e3o da Rede Globo.<\/p>\n<p><strong>Daniel Rodrigues Guimar\u00e3es: <\/strong>Graduado em biblioteconomia pela Faculdade de Ci\u00eancia da Informa\u00e7\u00e3o da Universidade de Bras\u00edlia, apresentar\u00e1 seu estudo sobre cole\u00e7\u00f5es de jogos eletr\u00f4nicos em bibliotecas universit\u00e1rias.<\/p>\n<p>Quem ainda quiser participar, todas as vagas est\u00e3o preenchidas, <strong>mas temos <\/strong><strong>uma lista de espera<\/strong> e faremos o poss\u00edvel para encaixar mais apresenta\u00e7\u00f5es. Inscreva-se.<\/p>\n<p>O BiblioCamp \u00e9 uma desconfer\u00eancia realizada por bibliotec\u00e1rios volunt\u00e1rios <strong>sem nenhum custo para os participantes<\/strong>. Gra\u00e7as ao apoio de empresas que acreditam na proposta, conseguimos manter o evento inteiramente gr\u00e1tis e proporcionar uma boa experi\u00eancia aos participantes.<\/p>\n<p>Siga a <a href=\"https:\/\/www.facebook.com\/pages\/BiblioCamp\/408935122493719?fref=ts\">p\u00e1gina no facebook<\/a>.<\/p>\n","protected":false},"excerpt":{"rendered":"<p>BiblioCamp 2014 vem em busca de novas hist\u00f3rias, projetos inspiradores e exemplos daqueles que d\u00e1 vontade de \u2018ser quando crescer\u2019. Este ano ter\u00e1 sua 4\u00aa edi\u00e7\u00e3o em Bras\u00edlia, na Biblioteca Nacional, dia 06 de setembro. Fugindo do padr\u00e3o j\u00e1 conhecido dos eventos acad\u00eamicos em Ci\u00eancia da Informa\u00e7\u00e3o o BiblioCamp segue o estilo speed talk, onde &#8230; <a title=\"BiblioCamp 2014: Projetos Culturais de incentivo \u00e0 leitura e atua\u00e7\u00e3o profissional\" class=\"read-more\" href=\"https:\/\/mundobibliotecario.com.br\/index.php\/2014\/08\/26\/bibliocamp-2014-projetos-culturais-de-incentivo-a-leitura-e-atuacao-profissional\/\" aria-label=\"Read more about BiblioCamp 2014: Projetos Culturais de incentivo \u00e0 leitura e atua\u00e7\u00e3o profissional\">Ler mais<\/a><\/p>\n","protected":false},"author":1,"featured_media":0,"comment_status":"open","ping_status":"open","sticky":false,"template":"","format":"standard","meta":{"_mi_skip_tracking":false,"_exactmetrics_sitenote_active":false,"_exactmetrics_sitenote_note":"","_exactmetrics_sitenote_category":0,"_jetpack_newsletter_access":"","footnotes":""},"categories":[27],"tags":[1103],"class_list":["post-3559","post","type-post","status-publish","format-standard","hentry","category-eventos","tag-bibliocamp"],"jetpack_featured_media_url":"","jetpack_sharing_enabled":true,"jetpack-related-posts":[{"id":4494,"url":"https:\/\/mundobibliotecario.com.br\/index.php\/2017\/03\/23\/bibliocamp-sanca-2017\/","url_meta":{"origin":3559,"position":0},"title":"BiblioCamp Sanca 2017","author":"mundobibliotecario","date":"23\/03\/2017","format":false,"excerpt":"Em 6 de maio de 2017, ser\u00e1 realizada em S\u00e3o Carlos (SP) a 7\u00aa edi\u00e7\u00e3o do BiblioCamp. O BiblioCamp foi uma iniciativa do bibliotec\u00e1rio Moreno Barros, que trabalha na Universidade Federal do Rio de Janeiro (UFRJ) e \u00e9 um dos editores do blog \u201cBibliotec\u00e1rios Sem Fronteiras\u201d. Em 2011, ele decidiu\u2026","rel":"","context":"Em &quot;Eventos&quot;","block_context":{"text":"Eventos","link":"https:\/\/mundobibliotecario.com.br\/index.php\/category\/eventos\/"},"img":{"alt_text":"","src":"","width":0,"height":0},"classes":[]},{"id":3439,"url":"https:\/\/mundobibliotecario.com.br\/index.php\/2014\/03\/20\/webconferencia-gratuita-sobre-coaching-para-profissionais-da-informacao\/","url_meta":{"origin":3559,"position":1},"title":"Webconfer\u00eancia gratuita sobre &#8220;Coaching para profissionais da informa\u00e7\u00e3o&#8221;","author":"mundobibliotecario","date":"20\/03\/2014","format":false,"excerpt":"Divulgando a pedido da Content Mind. *** RETIFICA\u00c7\u00c3O:\u00a0Devido a problemas com equipamento da Profa. Adriana a webconfer\u00eancia foi adiada para pr\u00f3xima ter\u00e7a, dia 27\/3, \u00e0s 15h00. Voc\u00ea est\u00e1 convidado(a) a participar desta WebConfer\u00eancia gratuita oferecida pela Content Mind, a ser moderada pela Profa. Adriana M. Souza: Apresenta\u00e7\u00e3o do curso on-line\u2026","rel":"","context":"Em &quot;Eventos&quot;","block_context":{"text":"Eventos","link":"https:\/\/mundobibliotecario.com.br\/index.php\/category\/eventos\/"},"img":{"alt_text":"","src":"","width":0,"height":0},"classes":[]},{"id":877,"url":"https:\/\/mundobibliotecario.com.br\/index.php\/2009\/09\/23\/seminario-biblioteca-virtual-oportunidade-de-acesso-livre-a-informacao-rj-gratuito\/","url_meta":{"origin":3559,"position":2},"title":"Semin\u00e1rio Biblioteca Virtual: Oportunidade de acesso livre a informa\u00e7\u00e3o RJ &#8211; Gratuito","author":"mundobibliotecario","date":"23\/09\/2009","format":false,"excerpt":"O Centro de Estudos Estrat\u00e9gicos da Universidade da For\u00e7a A\u00e9rea (UNIFA) realiza nos dias 29 e 30 de setembro de 2009, o Semin\u00e1rio \u201cReflex\u00f5es e Estudos Estrat\u00e9gicos: Biblioteca Virtual \u2013 Oportunidades do Acesso Livre \u00e0 Informa\u00e7\u00e3o\u201d. \u00c9 um evento nacional e gratuito, com a finalidade de ampliar e incentivar a\u2026","rel":"","context":"Em &quot;Eventos&quot;","block_context":{"text":"Eventos","link":"https:\/\/mundobibliotecario.com.br\/index.php\/category\/eventos\/"},"img":{"alt_text":"","src":"","width":0,"height":0},"classes":[]},{"id":5098,"url":"https:\/\/mundobibliotecario.com.br\/index.php\/2019\/01\/18\/esta-no-ar-o-site-do-cbbd-2019\/","url_meta":{"origin":3559,"position":3},"title":"Est\u00e1 no ar o site do CBBD 2019!","author":"mundobibliotecario","date":"18\/01\/2019","format":false,"excerpt":"Fonte: Facebook da FEBAB Desigualdade e Democracia: qual \u00e9 o papel das bibliotecas? Esse \u00e9 o chamado da FEBAB para a 28\u00aa. edi\u00e7\u00e3o do Congresso Brasileiro de Biblioteconomia, Documenta\u00e7\u00e3o e Ci\u00eancia da Informa\u00e7\u00e3o que entende que nossa responsabilidade como bibliotec\u00e1rios - reafirmada em nosso juramento, - nos compromete a defender\u2026","rel":"","context":"Em &quot;Eventos&quot;","block_context":{"text":"Eventos","link":"https:\/\/mundobibliotecario.com.br\/index.php\/category\/eventos\/"},"img":{"alt_text":"","src":"https:\/\/i0.wp.com\/mundobibliotecario.com.br\/wp-content\/uploads\/2019\/01\/cbbd-2019.jpg?resize=350%2C200","width":350,"height":200},"classes":[]},{"id":3385,"url":"https:\/\/mundobibliotecario.com.br\/index.php\/2014\/01\/13\/webinar-ifla-conexao-global-entre-novos-bibliotecarios-melhores-praticas-modelos-e-recomendacoes\/","url_meta":{"origin":3559,"position":4},"title":"Webinar IFLA &#8220;Conex\u00e3o global entre novos bibliotec\u00e1rios: melhores pr\u00e1ticas, modelos e recomenda\u00e7\u00f5es&#8221;","author":"mundobibliotecario","date":"13\/01\/2014","format":false,"excerpt":"Caros leitores do Mundo Bibliotec\u00e1rio, amanh\u00e3 ser\u00e1 realizado o primeiro webinar virtual promovido pela IFLA, cujas informa\u00e7\u00f5es est\u00e3o dispon\u00edveis em http:\/\/www.ifla.org\/node\/6141. Ser\u00e1 realizado no Brasil as 5:00 p.m.\u00a0Os webinares s\u00e3o eventos trimestrais (janeiro, abril, julho e outubro) e este ano contar\u00e3o com os seguintes conferencistas: Donna Scheeder, conferencista magistral e\u2026","rel":"","context":"Em &quot;Eventos&quot;","block_context":{"text":"Eventos","link":"https:\/\/mundobibliotecario.com.br\/index.php\/category\/eventos\/"},"img":{"alt_text":"","src":"","width":0,"height":0},"classes":[]},{"id":3469,"url":"https:\/\/mundobibliotecario.com.br\/index.php\/2014\/05\/08\/i-jornada-de-colecoes-especiais-da-unesp%e2%80%8f\/","url_meta":{"origin":3559,"position":5},"title":"I Jornada de Cole\u00e7\u00f5es Especiais da Unesp\u200f","author":"mundobibliotecario","date":"08\/05\/2014","format":false,"excerpt":"Contribui\u00e7\u00e3o de Camila D. P. Serrador, bibliotec\u00e1ria da FCL-Unesp. *** Boa noite! N\u00f3s da Biblioteca da Faculdade de Ci\u00eancias e Letras da Unesp, campus Araraquara, viemos solicitar divulga\u00e7\u00e3o e convid\u00e1-los para nossa I Jornada de Cole\u00e7\u00f5es Especiais da Unesp nos dias 20 e 21 de maio, durante nossa XV Semana\u2026","rel":"","context":"Em &quot;Eventos&quot;","block_context":{"text":"Eventos","link":"https:\/\/mundobibliotecario.com.br\/index.php\/category\/eventos\/"},"img":{"alt_text":"","src":"","width":0,"height":0},"classes":[]}],"jetpack_likes_enabled":true,"jetpack_shortlink":"https:\/\/wp.me\/pcbzwa-Vp","_links":{"self":[{"href":"https:\/\/mundobibliotecario.com.br\/index.php\/wp-json\/wp\/v2\/posts\/3559","targetHints":{"allow":["GET"]}}],"collection":[{"href":"https:\/\/mundobibliotecario.com.br\/index.php\/wp-json\/wp\/v2\/posts"}],"about":[{"href":"https:\/\/mundobibliotecario.com.br\/index.php\/wp-json\/wp\/v2\/types\/post"}],"author":[{"embeddable":true,"href":"https:\/\/mundobibliotecario.com.br\/index.php\/wp-json\/wp\/v2\/users\/1"}],"replies":[{"embeddable":true,"href":"https:\/\/mundobibliotecario.com.br\/index.php\/wp-json\/wp\/v2\/comments?post=3559"}],"version-history":[{"count":2,"href":"https:\/\/mundobibliotecario.com.br\/index.php\/wp-json\/wp\/v2\/posts\/3559\/revisions"}],"predecessor-version":[{"id":7154,"href":"https:\/\/mundobibliotecario.com.br\/index.php\/wp-json\/wp\/v2\/posts\/3559\/revisions\/7154"}],"wp:attachment":[{"href":"https:\/\/mundobibliotecario.com.br\/index.php\/wp-json\/wp\/v2\/media?parent=3559"}],"wp:term":[{"taxonomy":"category","embeddable":true,"href":"https:\/\/mundobibliotecario.com.br\/index.php\/wp-json\/wp\/v2\/categories?post=3559"},{"taxonomy":"post_tag","embeddable":true,"href":"https:\/\/mundobibliotecario.com.br\/index.php\/wp-json\/wp\/v2\/tags?post=3559"}],"curies":[{"name":"wp","href":"https:\/\/api.w.org\/{rel}","templated":true}]}}