{"id":3561,"date":"2014-08-29T07:35:45","date_gmt":"2014-08-29T10:35:45","guid":{"rendered":"http:\/\/mundobibliotecario.wordpress.com\/?p=3561"},"modified":"2020-07-21T23:44:24","modified_gmt":"2020-07-22T02:44:24","slug":"google-promove-primeiro-teacher-academy-do-brasil-em-sao-paulo","status":"publish","type":"post","link":"https:\/\/mundobibliotecario.com.br\/index.php\/2014\/08\/29\/google-promove-primeiro-teacher-academy-do-brasil-em-sao-paulo\/","title":{"rendered":"Google promove primeiro Teacher Academy do Brasil em S\u00e3o Paulo"},"content":{"rendered":"<div id=\"noticia-imagem\" class=\"noticia-imagem\"><\/div>\n<div class=\"texto-noticia pag-content\">\n<p>O <strong>Google<\/strong> promover\u00e1, nos pr\u00f3ximos dias 9 e 10 de outubro, o primeiro Teacher Academy da companhia no Brasil. Segundo comunicado, o programa gratuito visa ensinar a professores de Educa\u00e7\u00e3o B\u00e1sica, \u201cque j\u00e1 estejam engajados com tecnologia\u201d, diferentes formas de utilizar ferramentas da pr\u00f3pria companhia durante as aulas.<\/p>\n<p>As inscri\u00e7\u00f5es v\u00e3o at\u00e9 sexta-feira, 29 de agosto, e valem para professores, coordenadores, gestores, <strong>bibliotec\u00e1rios<\/strong> e outros profissionais da \u00e1rea de educa\u00e7\u00e3o. Elas podem <a href=\"https:\/\/docs.google.com\/forms\/d\/1lRB7woexbWlCX5pvdnQrrilUMsziSvriVtRwCRoLXM0\/viewform\" target=\"_blank\" rel=\"noopener noreferrer\">ser feitas por aqui<\/a>, mas vale lembrar que apenas 50 de todos os inscritos ser\u00e3o selecionados e notificados no dia 5 de setembro.<\/p>\n<p>A escolha ser\u00e1 feita com base na experi\u00eancia profissional e no desempenho de projetos j\u00e1 desenvolvidos utilizando tecnologias diferentes. Ser\u00e3o privilegiados docentes brasileiros e que residam no pa\u00eds, e todos os interessados ainda ter\u00e3o que enviar um v\u00eddeo curto sobre inova\u00e7\u00e3o em sala de aula usando tecnologias do Google, de acordo com o formul\u00e1rio. Se tiver d\u00favidas, <a href=\"https:\/\/www.youtube.com\/watch?v=GuBv2uP48_Y\" target=\"_blank\" rel=\"noopener noreferrer\">um tutorial no YouTube<\/a> d\u00e1 algumas dicas.<\/p>\n<p>O treinamento intensivo, como \u00e9 descrito no comunicado, mostrar\u00e1 aos selecionados como extrair o m\u00e1ximo poss\u00edvel de ferramentas do Google. A lista inclui o velho conhecido Earth e os Apps for Education, que foram recentemente atualizados com <a href=\"http:\/\/www.google.com\/edu\/classroom\/\" target=\"_blank\" rel=\"noopener noreferrer\">a solu\u00e7\u00e3o Classroom<\/a>, para gerenciamento de salas de aula e acompanhamento de trabalhos.<\/p>\n<p>Quem concluir o curso se tornar\u00e1 um Google Certified Teacher, certifica\u00e7\u00e3o que d\u00e1 acesso a uma comunidade de docentes tamb\u00e9m \u201cdiplomados\u201d. E n\u00e3o necessariamente s\u00f3 do Brasil, vale dizer: o Teacher Academy j\u00e1 foi realizado \u201cem pa\u00edses como Austr\u00e1lia, \u00cdndia, M\u00e9xico e R\u00fassia e diversas na\u00e7\u00f5es europeias\u201d, segundo comunicado oficial.<\/p>\n<p><strong>Servi\u00e7o:<\/strong><\/p>\n<p><i><strong>O qu\u00ea? <\/strong>Google Teacher Academy, curso intensivo voltado para professores inovadores<\/i><\/p>\n<p><i><strong>Onde?<\/strong> No escrit\u00f3rio do Google, em S\u00e3o Paulo \u2013 fica na Av. Brigadeiro Faria Lima, 3477, 18\u00ba andar<\/i><\/p>\n<p><i><strong>Quando?<\/strong> Dias 9 e 10 de outubro<\/i><\/p>\n<p><i><strong>Quanto? <\/strong>Gr\u00e1tis; <a href=\"https:\/\/docs.google.com\/forms\/d\/1lRB7woexbWlCX5pvdnQrrilUMsziSvriVtRwCRoLXM0\/viewform\" target=\"_blank\" rel=\"noopener noreferrer\">inscri\u00e7\u00f5es aqui<\/a>, com vagas limitadas, e <a href=\"https:\/\/docs.google.com\/document\/d\/1arzpbjnyQh7ivQciCOBi_dEW37avQS9aSbSsI2fQHUA\/edit\" target=\"_blank\" rel=\"noopener noreferrer\">perguntas mais frequentes aqui<\/a>.<\/i><\/p>\n<p>Dispon\u00edvel em: &lt;http:\/\/info.abril.com.br\/noticias\/it-solutions\/2014\/08\/google-promove-primeiro-teacher-academy-do-brasil-em-sao-paulo.shtml&gt;. Acesso em: 29 ago. 2014.<\/p>\n<\/div>\n","protected":false},"excerpt":{"rendered":"<p>O Google promover\u00e1, nos pr\u00f3ximos dias 9 e 10 de outubro, o primeiro Teacher Academy da companhia no Brasil. Segundo comunicado, o programa gratuito visa ensinar a professores de Educa\u00e7\u00e3o B\u00e1sica, \u201cque j\u00e1 estejam engajados com tecnologia\u201d, diferentes formas de utilizar ferramentas da pr\u00f3pria companhia durante as aulas. As inscri\u00e7\u00f5es v\u00e3o at\u00e9 sexta-feira, 29 de &#8230; <a title=\"Google promove primeiro Teacher Academy do Brasil em S\u00e3o Paulo\" class=\"read-more\" href=\"https:\/\/mundobibliotecario.com.br\/index.php\/2014\/08\/29\/google-promove-primeiro-teacher-academy-do-brasil-em-sao-paulo\/\" aria-label=\"Read more about Google promove primeiro Teacher Academy do Brasil em S\u00e3o Paulo\">Ler mais<\/a><\/p>\n","protected":false},"author":1,"featured_media":0,"comment_status":"open","ping_status":"open","sticky":false,"template":"","format":"standard","meta":{"_mi_skip_tracking":false,"_exactmetrics_sitenote_active":false,"_exactmetrics_sitenote_note":"","_exactmetrics_sitenote_category":0,"_jetpack_newsletter_access":"","footnotes":""},"categories":[60],"tags":[],"class_list":["post-3561","post","type-post","status-publish","format-standard","hentry","category-noticias"],"jetpack_featured_media_url":"","jetpack_sharing_enabled":true,"jetpack-related-posts":[{"id":2714,"url":"https:\/\/mundobibliotecario.com.br\/index.php\/2012\/09\/15\/mecanismo-de-busca-identifica-contexto-opiniao-e-ajuda-a-prever-o-futuro\/","url_meta":{"origin":3561,"position":0},"title":"Mecanismo de busca identifica contexto, opini\u00e3o e ajuda a prever o futuro","author":"mundobibliotecario","date":"15\/09\/2012","format":false,"excerpt":"Informa\u00e7\u00f5es contextualizadas Inspirados pelas ideias propostas por um bibliotec\u00e1rio indiano h\u00e1 quase um s\u00e9culo, uma equipe europeia desenvolveu um novo sistema de buscas para a internet que leva em conta fatores como opini\u00e3o, contexto, tempo e localiza\u00e7\u00e3o. A nova tecnologia, que promete chegar ao mercado rapidamente, consegue mostrar tend\u00eancias na\u2026","rel":"","context":"Em &quot;Not\u00edcias&quot;","block_context":{"text":"Not\u00edcias","link":"https:\/\/mundobibliotecario.com.br\/index.php\/category\/noticias\/"},"img":{"alt_text":"","src":"","width":0,"height":0},"classes":[]},{"id":498,"url":"https:\/\/mundobibliotecario.com.br\/index.php\/2009\/03\/25\/google-introduz-tecnologia-semantica-para-relacionar-termos-na-busca\/","url_meta":{"origin":3561,"position":1},"title":"Google introduz tecnologia sem\u00e2ntica para relacionar termos na busca","author":"mundobibliotecario","date":"25\/03\/2009","format":false,"excerpt":"Por IDG News Service\/EUA Publicada em 24 de mar\u00e7o de 2009 \u00e0s 15h54 Atualizada em 24 de mar\u00e7o de 2009 \u00e0s 16h01 Miami - Buscador inaugura 1\u00aa ferramenta sem\u00e2ntica em sua busca, oferecendo conceitos e termos relacionados ao usu\u00e1rio na lista de resultados. O Google anunciou nesta ter\u00e7a-feira (24\/03) a\u2026","rel":"","context":"Em &quot;Not\u00edcias&quot;","block_context":{"text":"Not\u00edcias","link":"https:\/\/mundobibliotecario.com.br\/index.php\/category\/noticias\/"},"img":{"alt_text":"","src":"","width":0,"height":0},"classes":[]},{"id":2184,"url":"https:\/\/mundobibliotecario.com.br\/index.php\/2011\/09\/09\/novas-perspectivas-para-a-catalogacao-e-os-catalogadores\/","url_meta":{"origin":3561,"position":2},"title":"Novas perspectivas para a Cataloga\u00e7\u00e3o e os Catalogadores","author":"mundobibliotecario","date":"09\/09\/2011","format":false,"excerpt":"Foto por Eduardo Graziosi Silva Ontem participei do F\u00f3rum Permanente da UNICAMP \"Tecnologia Digital e Registros Informacionais: Novos Conceitos e Padr\u00f5es de Entrada de Dados e suas perspectivas para o tratamento e acesso \u00e0 informa\u00e7\u00e3o\". O evento como um todo foi de alt\u00edssimo n\u00edvel e n\u00e3o deixou a desejar em\u2026","rel":"","context":"Em &quot;Eventos&quot;","block_context":{"text":"Eventos","link":"https:\/\/mundobibliotecario.com.br\/index.php\/category\/eventos\/"},"img":{"alt_text":"","src":"https:\/\/mundobibliotecario.files.wordpress.com\/2011\/09\/foto-0052.jpg?w=350&h=200&crop=1","width":350,"height":200},"classes":[]},{"id":5115,"url":"https:\/\/mundobibliotecario.com.br\/index.php\/2019\/03\/06\/robos-invadem-as-bibliotecas-de-lisboa\/","url_meta":{"origin":3561,"position":3},"title":"Rob\u00f4s invadem as Bibliotecas de Lisboa","author":"mundobibliotecario","date":"06\/03\/2019","format":false,"excerpt":"Teckies promove workshops para ensinar pais e filhos a constru\u00edrem, programarem e mexerem em rob\u00f4s A Teckies, startup inovadora na \u00e1rea da tecnologia aplicada \u00e0 educa\u00e7\u00e3o, vai desenvolver uma s\u00e9rie de workshops, em parceria com a Rede de Bibliotecas de Lisboa (BLX), para que as fam\u00edlias portuguesas aprendam a construir,\u2026","rel":"","context":"Em &quot;Not\u00edcias&quot;","block_context":{"text":"Not\u00edcias","link":"https:\/\/mundobibliotecario.com.br\/index.php\/category\/noticias\/"},"img":{"alt_text":"","src":"","width":0,"height":0},"classes":[]},{"id":4787,"url":"https:\/\/mundobibliotecario.com.br\/index.php\/2018\/06\/04\/como-usar-o-botao-do-google-academico\/","url_meta":{"origin":3561,"position":4},"title":"Como usar o bot\u00e3o do Google Acad\u00eamico","author":"mundobibliotecario","date":"04\/06\/2018","format":false,"excerpt":"O Google Acad\u00eamico \u00e9 uma das ferramentas mais utilizadas hoje para se fazer pesquisas. Sua principal vantagem \u00e9 ser uma ferramenta gratuita, diferentemente de bases de dados assinadas pelas bibliotecas das institui\u00e7\u00f5es de ensino superior. Por outro lado, nem sempre \u00e9 poss\u00edvel se certificar sobre a origem do conte\u00fado. N\u00e3o\u2026","rel":"","context":"Em &quot;Voc\u00ea sabia?&quot;","block_context":{"text":"Voc\u00ea sabia?","link":"https:\/\/mundobibliotecario.com.br\/index.php\/category\/voce-sabia\/"},"img":{"alt_text":"","src":"","width":0,"height":0},"classes":[]},{"id":3528,"url":"https:\/\/mundobibliotecario.com.br\/index.php\/2014\/07\/10\/por-que-os-alunos-abandonam-as-bibliotecas-conforme-crescem\/","url_meta":{"origin":3561,"position":5},"title":"Por que os alunos abandonam as bibliotecas conforme crescem?","author":"mundobibliotecario","date":"10\/07\/2014","format":false,"excerpt":"BIA REIS Sexta-Feira 04\/07\/14 Levantamento do Todos pela Educa\u00e7\u00e3o mostra que porcentual de alunos que nunca ou quase nunca utiliza a biblioteca escolar salta de 18,5% para 35,1% do 5.\u00ba para o 9.\u00ba ano do ensino fundamental O h\u00e1bito da leitura \u00e9 um prazer a ser descoberto e conquistado \u2013\u2026","rel":"","context":"Em &quot;Not\u00edcias&quot;","block_context":{"text":"Not\u00edcias","link":"https:\/\/mundobibliotecario.com.br\/index.php\/category\/noticias\/"},"img":{"alt_text":"","src":"","width":0,"height":0},"classes":[]}],"jetpack_likes_enabled":true,"jetpack_shortlink":"https:\/\/wp.me\/pcbzwa-Vr","_links":{"self":[{"href":"https:\/\/mundobibliotecario.com.br\/index.php\/wp-json\/wp\/v2\/posts\/3561","targetHints":{"allow":["GET"]}}],"collection":[{"href":"https:\/\/mundobibliotecario.com.br\/index.php\/wp-json\/wp\/v2\/posts"}],"about":[{"href":"https:\/\/mundobibliotecario.com.br\/index.php\/wp-json\/wp\/v2\/types\/post"}],"author":[{"embeddable":true,"href":"https:\/\/mundobibliotecario.com.br\/index.php\/wp-json\/wp\/v2\/users\/1"}],"replies":[{"embeddable":true,"href":"https:\/\/mundobibliotecario.com.br\/index.php\/wp-json\/wp\/v2\/comments?post=3561"}],"version-history":[{"count":3,"href":"https:\/\/mundobibliotecario.com.br\/index.php\/wp-json\/wp\/v2\/posts\/3561\/revisions"}],"predecessor-version":[{"id":6896,"href":"https:\/\/mundobibliotecario.com.br\/index.php\/wp-json\/wp\/v2\/posts\/3561\/revisions\/6896"}],"wp:attachment":[{"href":"https:\/\/mundobibliotecario.com.br\/index.php\/wp-json\/wp\/v2\/media?parent=3561"}],"wp:term":[{"taxonomy":"category","embeddable":true,"href":"https:\/\/mundobibliotecario.com.br\/index.php\/wp-json\/wp\/v2\/categories?post=3561"},{"taxonomy":"post_tag","embeddable":true,"href":"https:\/\/mundobibliotecario.com.br\/index.php\/wp-json\/wp\/v2\/tags?post=3561"}],"curies":[{"name":"wp","href":"https:\/\/api.w.org\/{rel}","templated":true}]}}