{"id":3563,"date":"2014-08-29T21:43:15","date_gmt":"2014-08-30T00:43:15","guid":{"rendered":"http:\/\/mundobibliotecario.wordpress.com\/?p=3563"},"modified":"2020-07-21T23:25:00","modified_gmt":"2020-07-22T02:25:00","slug":"roda-de-conversa-sobre-endnote-basic-o-gerenciador-que-facilita-encontrar-armazenar-criar-e-compartilhar-referencias","status":"publish","type":"post","link":"https:\/\/mundobibliotecario.com.br\/index.php\/2014\/08\/29\/roda-de-conversa-sobre-endnote-basic-o-gerenciador-que-facilita-encontrar-armazenar-criar-e-compartilhar-referencias\/","title":{"rendered":"Roda de conversa sobre \u201cEndNote Basic: o gerenciador que facilita encontrar, armazenar, criar e compartilhar refer\u00eancias\u201d"},"content":{"rendered":"<p>Participe dessa mais webconfer\u00eancia oferecida pela Content Mind! \u00c9 segunda, dia 1\/9, das 20h \u00e0s 21h. Custo: <strong>gr\u00e1tis!<\/strong><\/p>\n<p style=\"text-align:center;\">***<\/p>\n<h2><strong><em>Como voc\u00ea gerencia as refer\u00eancias de seu interesse? Coleta? Organiza? Recupera? Formata? Compartilha? Exporta lista para MSWord em determinada norma?\u00a0<\/em><\/strong><\/h2>\n<h2><strong><em>Conhe\u00e7a, tire d\u00favidas ou converse sobre o gerenciador de refer\u00eancias EndNote Basic, que ser\u00e1 demonstrado nesta WebConfer\u00eancia! N\u00e3o perca esta oportunidade!<\/em><\/strong><\/h2>\n<p>Entre outros <em>softwares<\/em> gerenciadores de refer\u00eancias temos o EndNote Basic! Conhe\u00e7a suas principais fun\u00e7\u00f5es em apenas 1 hora nesta<strong>\u00a0WebConfer\u00eancia<\/strong><strong>! <\/strong>Voc\u00ea j\u00e1 utiliza o EndNote Basic e tem d\u00favidas? Precisa se sentir mais seguro(a) para oferecer capacita\u00e7\u00e3o para seus usu\u00e1rios? Participe desta Roda de Conversa on-line via sistema de WebConfer\u00eancia! Esta modalidade \u00e9 perfeita para quem precisa se capacitar e\/ou atualizar em um t\u00f3pico espec\u00edfico e n\u00e3o disp\u00f5e de tempo para um curso nas demais modalidades <em>[presencial, semipresencial, on-line ou personalizado].<\/em><\/p>\n<p>Ap\u00f3s apresenta\u00e7\u00e3o sobre cada um dos tr\u00eas t\u00f3picos principais, Profa. Juliana Takahashi responder\u00e1 \u00e0s perguntas dos participantes, as quais ser\u00e3o feitas via chat, abrindo uma Roda de Conversa de tira d\u00favidas sobre o tema. O sistema de WebConfer\u00eancia a ser utilizado \u00e9 o\u00a0<a href=\"http:\/\/www.wiziq.com\/\" target=\"_blank\" rel=\"noopener noreferrer\">WIZIQ<\/a>.<\/p>\n<div>\n<h2>A Roda de Conversa ser\u00e1 baseada neste tutorial<br \/>\nTire suas d\u00favidas com Juliana!<\/h2>\n<p>[slideshare id=25930136&amp;w=427&amp;h=356&amp;sc=no]<\/p>\n<div><strong><a title=\"Tutorial Completo EndNote Basic\" href=\"https:\/\/pt.slideshare.net\/bibliotecaee\/tutorial-completo-endnote-basic\" target=\"_blank\" rel=\"noopener noreferrer\">Tutorial Completo EndNote Basic<\/a> <\/strong>from <strong><a href=\"http:\/\/www.slideshare.net\/bibliotecaee\" target=\"_blank\" rel=\"noopener noreferrer\">Biblioteca EEUSP<\/a><\/strong><\/div>\n<div><\/div>\n<div>\n<h3>WEBCONFER\u00caNCIA GRATUITA.<\/h3>\n<p><strong>Siga as orienta\u00e7\u00f5es abaixo, fa\u00e7a testes de conex\u00e3o com anteced\u00eancia\u00a0e tendo qualquer problema entre em contato conosco<\/strong><\/p>\n<p><strong>1<\/strong> &gt;\u00a0<a href=\"http:\/\/www.wiziq.com\/desktop\/\" target=\"_blank\" rel=\"noopener noreferrer\">Baixe para sua m\u00e1quina o Wiziq Desktop<\/a>\u00a0para que seja criada uma pasta nos seus \u201cDocumentos\u201d, onde ser\u00e1 gravada a WebConfer\u00eancia em MP4 para que vc possa ter uma c\u00f3pia.<\/p>\n<p><strong>2<\/strong> &gt;\u00a0Clique em\u00a0<strong>matricule-se<\/strong>, \u00e0 direita desta sua tela,\u00a0<strong>uma \u00fanica vez,<\/strong>\u00a0para cadastrar-se na Content Mind. Desconsidere e-mail autom\u00e1tico que ser\u00e1 enviado pelo sistema sobre pagamento\u00a0<strong>porque esta WebConfer\u00eancia \u00e9 gratuita<\/strong>.<\/p>\n<p><strong>3<\/strong> &gt;\u00a0Ser\u00e1 necess\u00e1rio\u00a0<strong>cadastrar uma senha gratuita no Wiziq<\/strong>,\u00a0<strong>uma \u00fanica vez<\/strong>,\u00a0caso ainda n\u00e3o o tenha feito. \u00a0Para isso, no link abaixo clique em\u00a0<strong><em>JOIN CLASS<\/em><\/strong>\u00a0e depois em\u00a0<strong><em>JOIN WIZIQ\u00a0<\/em><\/strong>(prencha campos nome, e-mail e senha), conforme demonstrado na Figura 1. Caso\u00a0<strong>j\u00e1 tenha senha<\/strong>\u00a0no WizIQ entre com seu e-mail e senha j\u00e1 cadastrados anteriormente, conforme demonstrado na Figura 2.<\/p>\n<p><strong>4<\/strong> &gt;\u00a0feche todos os demais aplicativos e telas enquanto estiver participando da WebConfer\u00eancia para liberar banda.<\/p>\n<p><strong>5<\/strong> &gt;\u00a0<strong>antes do hor\u00e1rio de in\u00edcio<\/strong>\u00a0da WebConfer\u00eancia\u00a0<strong>teste e regule seu sistema\u00a0e dispositivos de \u00e1udio e v\u00eddeo<\/strong>\u00a0clicando aqui: \u00a0<a href=\"http:\/\/www.wiziq.com\/info\/technical-requirement.aspx\" target=\"_blank\" rel=\"noopener noreferrer\">http:\/\/www.wiziq.com\/info\/technical-requirement.aspx<\/a><\/p>\n<p><strong>6<\/strong> &gt;\u00a0Com\u00a0<strong>1MB de conex\u00e3o<\/strong>\u00a0vc poder\u00e1 assistir em tempo real ao v\u00eddeo e interagir via chat\/texto. Com\u00a0<strong>2MB<\/strong>\u00a0poder\u00e1 participar em \u00e1udio e de\u00a0<strong>4 ou+MB<\/strong>\u00a0em v\u00eddeo. Em todos os casos dever\u00e1\u00a0<strong>utilizar fone de ouvido<\/strong>, para \u00e1udio tamb\u00e9m microfone e para v\u00eddeo webcam\/headset.<\/p>\n<p><strong>7 &gt;<\/strong>\u00a0Para acessar de seu iPad ou tablet Android clique\u00a0<a href=\"http:\/\/www.wiziq.com\/mobile\/\" target=\"_blank\" rel=\"noopener noreferrer\">AQUI<\/a><\/p>\n<div>\n<p><a href=\"http:\/\/www.wiziq.com\/online-class\/2074239-roda-de-conversa-sobre-endnote-basic-o-seu-gerenciador-de-referencias\" target=\"_blank\" rel=\"noopener noreferrer\">Roda de conversa sobre EndNote Basic: o gerenciador que facilita \u2026<\/a> by<a href=\"http:\/\/www.wiziq.com\/contentmind\" target=\"_blank\" rel=\"noopener noreferrer\">Content Mind Capacitacao Profissional Ltda. ME<\/a><\/p>\n<\/div>\n<\/div>\n<div><\/div>\n<\/div>\n<div><\/div>\n<h3>DATA<\/h3>\n<p>01set14 (segunda) GRATUITA<\/p>\n<div><\/div>\n<h3>CARGA HOR\u00c1RIA<\/h3>\n<p>&nbsp;<\/p>\n<p>20h00-21h00 GMT-03:00 Brasilia<\/p>\n<div><\/div>\n<h3>DOCENTE(S)<\/h3>\n<ul class=\"docentes cursos_docentes\">\n<li><strong><strong>WebConferencista Profa. Juliana Takahashi<\/strong><\/strong>&gt; Bacharel em Biblioteconomia pela Universidade Estadual Paulista (UNESP), campus de Mar\u00edlia &gt; Especialista em Organiza\u00e7\u00e3o e Administra\u00e7\u00e3o de Bibliotecas P\u00fablicas,\u00a0(Carga Hor\u00e1ria: 390h), pela Universidade Estadual Paulista (UNESP), campus de Mar\u00edlia &gt; Membro do Grupo de Estudos EndNote Basic do SIBi\/USP &gt;\u00a0Integra o grupo de pesquisadores do Centro Brasileiro para o Cuidado \u00e0 Sa\u00fade Baseado em Evid\u00eancias: Centro Afiliado do Instituto Joanna Briggs, na Escola de Enfermagem da USP &gt; \u00a0Trabalha como Bibliotec\u00e1ria e ministra cursos em grupos de pesquisa na Escola de Enfermagem (EE), Universidade de S\u00e3o Paulo (USP) e em P\u00f3s Gradua\u00e7\u00f5es sobre fontes de informa\u00e7\u00e3o &gt; Desenvolve atividades de capacita\u00e7\u00e3o nas Bases de Dados:\u00a0MEDLINE, CINAHL, EMBASE, SCOPUS, Portal PubMed, Portal BVS, Web of Science e gerenciador de refer\u00eancias aos usu\u00e1rios da EE &gt; Capacita bibliotec\u00e1rios de diversas universidades no uso do EndNote Basic\n<div class=\"icones icones_cursos\"><a href=\"https:\/\/www.facebook.com\/julianaakie\" target=\"_blank\" rel=\"noopener noreferrer\"><\/a><a href=\"http:\/\/www.slideshare.net\/julianatakahashi\" target=\"_blank\" rel=\"noopener noreferrer\"><\/a><a href=\"http:\/\/lattes.cnpq.br\/4764540164512098\" target=\"_blank\" rel=\"noopener noreferrer\"><\/a><\/div>\n<\/li>\n<\/ul>\n<div><\/div>\n<div class=\"programatico\"><\/div>\n<h3>INVESTIMENTO<\/h3>\n<div class=\"container-cursos\">\n<table class=\"on-line\">\n<tbody>\n<tr class=\"topo-tabela\">\n<td>Inscri\u00e7\u00e3o Individual<\/td>\n<td>Valores<\/td>\n<\/tr>\n<tr class=\"nada\">\n<td>1 Participante<\/td>\n<td>000<\/td>\n<\/tr>\n<tr class=\"nada\">\n<td>3 ou mais participantes (pre\u00e7o por participante)<\/td>\n<td>000<\/td>\n<\/tr>\n<tr class=\"nada\">\n<td>Ex-alunos (informar curso no formul\u00e1rio de inscri\u00e7\u00e3o)<\/td>\n<td>000<\/td>\n<\/tr>\n<\/tbody>\n<\/table>\n<\/div>\n","protected":false},"excerpt":{"rendered":"<p>Participe dessa mais webconfer\u00eancia oferecida pela Content Mind! \u00c9 segunda, dia 1\/9, das 20h \u00e0s 21h. Custo: gr\u00e1tis! *** Como voc\u00ea gerencia as refer\u00eancias de seu interesse? Coleta? Organiza? Recupera? Formata? Compartilha? Exporta lista para MSWord em determinada norma?\u00a0 Conhe\u00e7a, tire d\u00favidas ou converse sobre o gerenciador de refer\u00eancias EndNote Basic, que ser\u00e1 demonstrado nesta &#8230; <a title=\"Roda de conversa sobre \u201cEndNote Basic: o gerenciador que facilita encontrar, armazenar, criar e compartilhar refer\u00eancias\u201d\" class=\"read-more\" href=\"https:\/\/mundobibliotecario.com.br\/index.php\/2014\/08\/29\/roda-de-conversa-sobre-endnote-basic-o-gerenciador-que-facilita-encontrar-armazenar-criar-e-compartilhar-referencias\/\" aria-label=\"Read more about Roda de conversa sobre \u201cEndNote Basic: o gerenciador que facilita encontrar, armazenar, criar e compartilhar refer\u00eancias\u201d\">Ler mais<\/a><\/p>\n","protected":false},"author":1,"featured_media":0,"comment_status":"open","ping_status":"open","sticky":false,"template":"","format":"standard","meta":{"_mi_skip_tracking":false,"_exactmetrics_sitenote_active":false,"_exactmetrics_sitenote_note":"","_exactmetrics_sitenote_category":0,"_jetpack_newsletter_access":"","footnotes":""},"categories":[27],"tags":[1185,1145],"class_list":["post-3563","post","type-post","status-publish","format-standard","hentry","category-eventos","tag-endnote-basic","tag-webconferencia"],"jetpack_featured_media_url":"","jetpack_sharing_enabled":true,"jetpack-related-posts":[{"id":1322,"url":"https:\/\/mundobibliotecario.com.br\/index.php\/2010\/06\/21\/cursos-online-bases-de-dados-da-thomson-reuters-web-of-science-endnote-web-journal-citation-reports\/","url_meta":{"origin":3563,"position":0},"title":"Cursos Online Bases de Dados da Thomson Reuters (Web of Science, Endnote Web, Journal Citation Reports)","author":"mundobibliotecario","date":"21\/06\/2010","format":false,"excerpt":"Nas datas indicadas na tabela de inscri\u00e7\u00e3o, duas palestrantes convidadas, Jane Guirado e Rejane Klaes, bibliotec\u00e1rias do Help Desk do Portal de Peri\u00f3dicos da CAPES , apresentar\u00e3o durante 40 minutos, algumas carater\u00edsticas da nova interface do Portal de Peri\u00f3dicos. Utilizamos o Sistema Webex- Requerimentos t\u00e9cnicos: 1- Computador com caixa de\u2026","rel":"","context":"Em &quot;Curso&quot;","block_context":{"text":"Curso","link":"https:\/\/mundobibliotecario.com.br\/index.php\/category\/curso\/"},"img":{"alt_text":"","src":"","width":0,"height":0},"classes":[]},{"id":3439,"url":"https:\/\/mundobibliotecario.com.br\/index.php\/2014\/03\/20\/webconferencia-gratuita-sobre-coaching-para-profissionais-da-informacao\/","url_meta":{"origin":3563,"position":1},"title":"Webconfer\u00eancia gratuita sobre &#8220;Coaching para profissionais da informa\u00e7\u00e3o&#8221;","author":"mundobibliotecario","date":"20\/03\/2014","format":false,"excerpt":"Divulgando a pedido da Content Mind. *** RETIFICA\u00c7\u00c3O:\u00a0Devido a problemas com equipamento da Profa. Adriana a webconfer\u00eancia foi adiada para pr\u00f3xima ter\u00e7a, dia 27\/3, \u00e0s 15h00. Voc\u00ea est\u00e1 convidado(a) a participar desta WebConfer\u00eancia gratuita oferecida pela Content Mind, a ser moderada pela Profa. Adriana M. Souza: Apresenta\u00e7\u00e3o do curso on-line\u2026","rel":"","context":"Em &quot;Eventos&quot;","block_context":{"text":"Eventos","link":"https:\/\/mundobibliotecario.com.br\/index.php\/category\/eventos\/"},"img":{"alt_text":"","src":"","width":0,"height":0},"classes":[]},{"id":3451,"url":"https:\/\/mundobibliotecario.com.br\/index.php\/2014\/04\/11\/roda-de-conversa-sobre-a-fotografia-na-pesquisa-cientifica-aspectos-legais-normativos-e-artisticos\/","url_meta":{"origin":3563,"position":2},"title":"Roda de conversa sobre \u201cA fotografia na pesquisa cient\u00edfica: aspectos legais, normativos e art\u00edsticos\u201d","author":"mundobibliotecario","date":"11\/04\/2014","format":false,"excerpt":"Todas as informa\u00e7\u00f5es voc\u00ea encontra aqui:\u00a0http:\/\/www.contentmind.com.br\/cursos\/fotografia-na-pesquisa-cientifica\/ A fotografia tem sido utilizada na pesquisa cient\u00edfica para finalidades que v\u00e3o al\u00e9m do mero registro. Dentre suas aplica\u00e7\u00f5es, tem sido utilizada, por exemplo, como metodologia de pesquisa e suporte para a an\u00e1lise de dados. Por\u00e9m, enquanto\u00a0fonte de informa\u00e7\u00e3o, deve ser citada e referenciada\u2026","rel":"","context":"Em &quot;Eventos&quot;","block_context":{"text":"Eventos","link":"https:\/\/mundobibliotecario.com.br\/index.php\/category\/eventos\/"},"img":{"alt_text":"","src":"","width":0,"height":0},"classes":[]},{"id":3613,"url":"https:\/\/mundobibliotecario.com.br\/index.php\/2014\/10\/16\/xvii-semana-do-livro-e-da-biblioteca-na-usp-programacao-da-biblioteca-eescusp\/","url_meta":{"origin":3563,"position":3},"title":"XVII Semana do Livro e da Biblioteca na USP &#8211; Programa\u00e7\u00e3o da Biblioteca EESC\/USP","author":"mundobibliotecario","date":"16\/10\/2014","format":false,"excerpt":"XVII semana do livro e da biblioteca Participem! Inscrevam-se! Divulguem! Esperamos todos voc\u00eas! At\u00e9 l\u00e1! Nosso site da Semana e para inscri\u00e7\u00f5es:\u00a0http:\/\/www.eesc.usp.br\/eesc\/administracao\/biblioteca\/pub\/semana_livro2014\/index.php Programa\u00e7\u00e3o \u00a0 20\/10\/2014 - segunda-feira 09h00 \u00e0s 11h00 Acesso a Biblioteca Digital de Teses e Disserta\u00e7\u00f5es da USP Teresinha das Gra\u00e7as Coletta (EESC\/USP) 14h30 \u00e0s 16h00 Apresenta\u00e7\u00e3o de\u2026","rel":"","context":"Em &quot;Eventos&quot;","block_context":{"text":"Eventos","link":"https:\/\/mundobibliotecario.com.br\/index.php\/category\/eventos\/"},"img":{"alt_text":"","src":"","width":0,"height":0},"classes":[]},{"id":4569,"url":"https:\/\/mundobibliotecario.com.br\/index.php\/2017\/08\/21\/cursos-on-line-eou-semipresenciais-in-company-para-autores-editores-cientificos-e-equipes-editoriais-bibliotecarios-e-demais-profissionais-da-informacao-concurseiros-eou-em-atividade-profissional\/","url_meta":{"origin":3563,"position":4},"title":"Cursos on-line e\/ou semipresenciais in-company para autores, editores cient\u00edficos e equipes editoriais, bibliotec\u00e1rios e demais profissionais da informa\u00e7\u00e3o, concurseiros e\/ou em atividade profissional","author":"mundobibliotecario","date":"21\/08\/2017","format":false,"excerpt":"01.\u00a0Herramientas de preservaci\u00f3n en DSpace: conversi\u00f3n a XML\u00a0-\u00a0\u00a0Joel Torres \u2013 30h\/30 dias -\u00a0C\u00f3mo facilitar los procesos de preservaci\u00f3n digital en DSpace a trav\u00e9s del uso de herramientas de conversi\u00f3n desde formatos tradicionales hacia el formato XML 02.\u00a0Convert2XML: herramienta de conversi\u00f3n a XML JATS integrada a OJS\u00a0- Araceli Olivo \u2013 30h\/30\u2026","rel":"","context":"Em &quot;Curso&quot;","block_context":{"text":"Curso","link":"https:\/\/mundobibliotecario.com.br\/index.php\/category\/curso\/"},"img":{"alt_text":"","src":"","width":0,"height":0},"classes":[]},{"id":3623,"url":"https:\/\/mundobibliotecario.com.br\/index.php\/2014\/11\/03\/5-ferramentas-para-tornar-a-pesquisa-mais-facil\/","url_meta":{"origin":3563,"position":5},"title":"5 ferramentas para tornar a pesquisa mais f\u00e1cil","author":"mundobibliotecario","date":"03\/11\/2014","format":false,"excerpt":"Voc\u00ea conhece o EndNote, Flow, Mendeley, Paperpile e ReadCube? N\u00e3o? Ent\u00e3o acesse\u00a0Make Research Easier With These Five Tools\u00a0para verificar como essas ferramentas podem te ajudar na sua pesquisa!","rel":"","context":"Em &quot;Not\u00edcias&quot;","block_context":{"text":"Not\u00edcias","link":"https:\/\/mundobibliotecario.com.br\/index.php\/category\/noticias\/"},"img":{"alt_text":"","src":"","width":0,"height":0},"classes":[]}],"jetpack_likes_enabled":true,"jetpack_shortlink":"https:\/\/wp.me\/pcbzwa-Vt","_links":{"self":[{"href":"https:\/\/mundobibliotecario.com.br\/index.php\/wp-json\/wp\/v2\/posts\/3563","targetHints":{"allow":["GET"]}}],"collection":[{"href":"https:\/\/mundobibliotecario.com.br\/index.php\/wp-json\/wp\/v2\/posts"}],"about":[{"href":"https:\/\/mundobibliotecario.com.br\/index.php\/wp-json\/wp\/v2\/types\/post"}],"author":[{"embeddable":true,"href":"https:\/\/mundobibliotecario.com.br\/index.php\/wp-json\/wp\/v2\/users\/1"}],"replies":[{"embeddable":true,"href":"https:\/\/mundobibliotecario.com.br\/index.php\/wp-json\/wp\/v2\/comments?post=3563"}],"version-history":[{"count":10,"href":"https:\/\/mundobibliotecario.com.br\/index.php\/wp-json\/wp\/v2\/posts\/3563\/revisions"}],"predecessor-version":[{"id":6571,"href":"https:\/\/mundobibliotecario.com.br\/index.php\/wp-json\/wp\/v2\/posts\/3563\/revisions\/6571"}],"wp:attachment":[{"href":"https:\/\/mundobibliotecario.com.br\/index.php\/wp-json\/wp\/v2\/media?parent=3563"}],"wp:term":[{"taxonomy":"category","embeddable":true,"href":"https:\/\/mundobibliotecario.com.br\/index.php\/wp-json\/wp\/v2\/categories?post=3563"},{"taxonomy":"post_tag","embeddable":true,"href":"https:\/\/mundobibliotecario.com.br\/index.php\/wp-json\/wp\/v2\/tags?post=3563"}],"curies":[{"name":"wp","href":"https:\/\/api.w.org\/{rel}","templated":true}]}}