{"id":3570,"date":"2014-09-06T13:20:54","date_gmt":"2014-09-06T16:20:54","guid":{"rendered":"http:\/\/mundobibliotecario.wordpress.com\/?p=3570"},"modified":"2020-07-21T23:54:17","modified_gmt":"2020-07-22T02:54:17","slug":"bibliotecas-de-hoje-e-do-futuro-como-entender-e-vivenciar-a-atual-revolucao-informacional","status":"publish","type":"post","link":"https:\/\/mundobibliotecario.com.br\/index.php\/2014\/09\/06\/bibliotecas-de-hoje-e-do-futuro-como-entender-e-vivenciar-a-atual-revolucao-informacional\/","title":{"rendered":"Bibliotecas de Hoje e do Futuro: como entender e vivenciar a atual revolu\u00e7\u00e3o Informacional"},"content":{"rendered":"<div id=\"cabeca\">\n<div id=\"texto\">\n<h1>Webinar Elsevier<\/h1>\n<h2>Bibliotecas de Hoje e do Futuro: como entender e vivenciar a atual revolu\u00e7\u00e3o Informacional<\/h2>\n<h3>com Profa. MSc. Suely de Brito Clemente Soares<\/h3>\n<\/div>\n<\/div>\n<div id=\"miolo\">\n<div id=\"texto\">\n<h4>Conte\u00fado<\/h4>\n<p>A internet foi a revolu\u00e7\u00e3o que provocou mudan\u00e7as radicais no sistema informacional vertical vigente h\u00e1 s\u00e9culos, especialmente ap\u00f3s a globaliza\u00e7\u00e3o do uso cotidiano da web por pessoas comuns. A web abriu o mundo para as pessoas. A informa\u00e7\u00e3o n\u00e3o \u00e9 mais distribu\u00edda somente de forma verticalizada, controlada. Estamos vivenciando a <b>horizontaliza\u00e7\u00e3o da informa\u00e7\u00e3o<\/b> a partir das m\u00eddias sociais, de movimentos como acesso aberto \u00e0 informa\u00e7\u00e3o cient\u00edfica, entre outros.<\/p>\n<p>O sistema informacional horizontal est\u00e1 se tornando h\u00edbrido com o vertical. Nesse contexto, a Profa. MSc. Suely de Brito Clemente Soares aborda as seguintes quest\u00f5es:<\/p>\n<ul>\n<li>Quais s\u00e3o as <strong>principais caracter\u00edsticas<\/strong> desta revolu\u00e7\u00e3o informacional?<\/li>\n<li>Como ela <strong>afeta as bibliotecas<\/strong> de hoje? Seus servi\u00e7os e produtos?<\/li>\n<li>At\u00e9 que ponto estamos <strong>preparados<\/strong> para a biblioteca do futuro?<\/li>\n<li>Quais s\u00e3o as <strong>tend\u00eancias<\/strong> da biblioteca do futuro?<\/li>\n<\/ul>\n<h5>Palestrante<\/h5>\n<p>Profa. MSc. Suely de Brito Clemente Soares \u00e9 s\u00f3cia propriet\u00e1ria da <a href=\"http:\/\/www.contentmind.com.br\/\" target=\"_blank\" rel=\"noopener noreferrer\">Content Mind Capacita\u00e7\u00e3o Profissional<\/a>; \u00e9 Mestre em Educa\u00e7\u00e3o, Ci\u00eancia e Tecnologia pela Faculdade de Educa\u00e7\u00e3o da UNICAMP; tem Especializa\u00e7\u00e3o em Administra\u00e7\u00e3o de Bibliotecas Universit\u00e1rias pela UnB; \u00e9 graduada em Biblioteconomia pela PUCCAMP; Profa. das disciplinas Bibliotecas Digitais e Cultura Digital no MBA Gest\u00e3o de Unidades de Informa\u00e7\u00e3o da UNICEP, S\u00e3o Carlos, SP; \u00e9 docente em cursos presenciais e \u00e0 dist\u00e2ncia nos temas de sua especialidade; \u00e9 bibliotec\u00e1ria aposentada da UNESP, campus de Rio Claro, SP.<\/p>\n<p>Tem atua\u00e7\u00e3o na \u00e1rea de Ci\u00eancia da Informa\u00e7\u00e3o, com \u00eanfase em Biblioteconomia, principalmente nos temas: capacita\u00e7\u00e3o profissional de bibliotec\u00e1rios, comunidades virtuais de aprendizagem colaborativa, EaD, MOOCs, bibliotecas e reposit\u00f3rios digitais, publica\u00e7\u00e3o de peri\u00f3dicos eletr\u00f4nicos em OJS\/SEER, de eventos em OCS\/SOAC, arquivos abertos, tecnologias de informa\u00e7\u00e3o e comunica\u00e7\u00e3o, bases de dados on-line, normaliza\u00e7\u00e3o document\u00e1ria, revis\u00e3o de originais, reda\u00e7\u00e3o acad\u00eamica para a web 2.0 e redes sociais.<\/p><\/div>\n<div><\/div>\n<div>Dispon\u00edvel em: &lt;http:\/\/elsevier.tracto.net.br\/&gt;. Acesso em: 6 set. 2014.<\/div>\n<\/div>\n","protected":false},"excerpt":{"rendered":"<p>Webinar Elsevier Bibliotecas de Hoje e do Futuro: como entender e vivenciar a atual revolu\u00e7\u00e3o Informacional com Profa. MSc. Suely de Brito Clemente Soares Conte\u00fado A internet foi a revolu\u00e7\u00e3o que provocou mudan\u00e7as radicais no sistema informacional vertical vigente h\u00e1 s\u00e9culos, especialmente ap\u00f3s a globaliza\u00e7\u00e3o do uso cotidiano da web por pessoas comuns. A web &#8230; <a title=\"Bibliotecas de Hoje e do Futuro: como entender e vivenciar a atual revolu\u00e7\u00e3o Informacional\" class=\"read-more\" href=\"https:\/\/mundobibliotecario.com.br\/index.php\/2014\/09\/06\/bibliotecas-de-hoje-e-do-futuro-como-entender-e-vivenciar-a-atual-revolucao-informacional\/\" aria-label=\"Read more about Bibliotecas de Hoje e do Futuro: como entender e vivenciar a atual revolu\u00e7\u00e3o Informacional\">Ler mais<\/a><\/p>\n","protected":false},"author":1,"featured_media":0,"comment_status":"open","ping_status":"open","sticky":false,"template":"","format":"standard","meta":{"_mi_skip_tracking":false,"_exactmetrics_sitenote_active":false,"_exactmetrics_sitenote_note":"","_exactmetrics_sitenote_category":0,"_jetpack_newsletter_access":"","footnotes":""},"categories":[27],"tags":[2,869,1127],"class_list":["post-3570","post","type-post","status-publish","format-standard","hentry","category-eventos","tag-biblioteca","tag-futuro","tag-webinar"],"jetpack_featured_media_url":"","jetpack_sharing_enabled":true,"jetpack-related-posts":[{"id":4569,"url":"https:\/\/mundobibliotecario.com.br\/index.php\/2017\/08\/21\/cursos-on-line-eou-semipresenciais-in-company-para-autores-editores-cientificos-e-equipes-editoriais-bibliotecarios-e-demais-profissionais-da-informacao-concurseiros-eou-em-atividade-profissional\/","url_meta":{"origin":3570,"position":0},"title":"Cursos on-line e\/ou semipresenciais in-company para autores, editores cient\u00edficos e equipes editoriais, bibliotec\u00e1rios e demais profissionais da informa\u00e7\u00e3o, concurseiros e\/ou em atividade profissional","author":"mundobibliotecario","date":"21\/08\/2017","format":false,"excerpt":"01.\u00a0Herramientas de preservaci\u00f3n en DSpace: conversi\u00f3n a XML\u00a0-\u00a0\u00a0Joel Torres \u2013 30h\/30 dias -\u00a0C\u00f3mo facilitar los procesos de preservaci\u00f3n digital en DSpace a trav\u00e9s del uso de herramientas de conversi\u00f3n desde formatos tradicionales hacia el formato XML 02.\u00a0Convert2XML: herramienta de conversi\u00f3n a XML JATS integrada a OJS\u00a0- Araceli Olivo \u2013 30h\/30\u2026","rel":"","context":"Em &quot;Curso&quot;","block_context":{"text":"Curso","link":"https:\/\/mundobibliotecario.com.br\/index.php\/category\/curso\/"},"img":{"alt_text":"","src":"","width":0,"height":0},"classes":[]},{"id":2026,"url":"https:\/\/mundobibliotecario.com.br\/index.php\/2011\/05\/16\/curso-unidades-de-informacao-na-web-2-0-conceitos-estrategias-e-praticas\/","url_meta":{"origin":3570,"position":1},"title":"Curso &#8220;Unidades de informa\u00e7\u00e3o na web 2.0: conceitos, estrat\u00e9gias e pr\u00e1ticas&#8221;","author":"mundobibliotecario","date":"16\/05\/2011","format":false,"excerpt":"Ap\u00f3s um ano de sucesso em sua vers\u00e3o on-line, agora tamb\u00e9m presencial! Instrutoras: Renate Landshoff e Suely de Brito Clemente Soares Data: 21 e 22 de junho de 2011 (ter\u00e7a e quarta-feira) Hor\u00e1rio: 8h30 \u00e0s 12h30 \u2013 14h \u00e0s 18h Local: Av. Paulista 807 \u2013 18\u00ba andar. Pr\u00f3ximo \u00e0 esta\u00e7\u00e3o\u2026","rel":"","context":"Em &quot;Curso&quot;","block_context":{"text":"Curso","link":"https:\/\/mundobibliotecario.com.br\/index.php\/category\/curso\/"},"img":{"alt_text":"","src":"","width":0,"height":0},"classes":[]},{"id":4877,"url":"https:\/\/mundobibliotecario.com.br\/index.php\/2011\/05\/16\/curso-unidades-de-informacao-na-web-2-0-conceitos-estrategias-e-praticas-2\/","url_meta":{"origin":3570,"position":2},"title":"Curso &quot;Unidades de informa\u00e7\u00e3o na web 2.0: conceitos, estrat\u00e9gias e pr\u00e1ticas&quot;","author":"mundobibliotecario","date":"16\/05\/2011","format":false,"excerpt":"Ap\u00f3s um ano de sucesso em sua vers\u00e3o on-line, agora tamb\u00e9m presencial! Instrutoras: Renate Landshoff e Suely de Brito Clemente Soares Data: 21 e 22 de junho de 2011 (ter\u00e7a e quarta-feira) Hor\u00e1rio: 8h30 \u00e0s 12h30 \u2013 14h \u00e0s 18h Local: Av. Paulista 807 \u2013 18\u00ba andar. Pr\u00f3ximo \u00e0 esta\u00e7\u00e3o\u2026","rel":"","context":"Em &quot;Curso&quot;","block_context":{"text":"Curso","link":"https:\/\/mundobibliotecario.com.br\/index.php\/category\/curso\/"},"img":{"alt_text":"","src":"","width":0,"height":0},"classes":[]},{"id":4880,"url":"https:\/\/mundobibliotecario.com.br\/index.php\/2011\/05\/16\/curso-unidades-de-informacao-na-web-2-0-conceitos-estrategias-e-praticas-2-2\/","url_meta":{"origin":3570,"position":3},"title":"Curso &#034;Unidades de informa\u00e7\u00e3o na web 2.0: conceitos, estrat\u00e9gias e pr\u00e1ticas&#034;","author":"mundobibliotecario","date":"16\/05\/2011","format":false,"excerpt":"Ap\u00f3s um ano de sucesso em sua vers\u00e3o on-line, agora tamb\u00e9m presencial! Instrutoras: Renate Landshoff e Suely de Brito Clemente Soares Data: 21 e 22 de junho de 2011 (ter\u00e7a e quarta-feira) Hor\u00e1rio: 8h30 \u00e0s 12h30 \u2013 14h \u00e0s 18h Local: Av. Paulista 807 \u2013 18\u00ba andar. Pr\u00f3ximo \u00e0 esta\u00e7\u00e3o\u2026","rel":"","context":"Em &quot;Curso&quot;","block_context":{"text":"Curso","link":"https:\/\/mundobibliotecario.com.br\/index.php\/category\/curso\/"},"img":{"alt_text":"","src":"","width":0,"height":0},"classes":[]},{"id":1479,"url":"https:\/\/mundobibliotecario.com.br\/index.php\/2010\/10\/05\/semana-nacional-do-livro-e-da-biblioteca-faculdade-de-odontologia-de-araraquara\/","url_meta":{"origin":3570,"position":4},"title":"Semana Nacional do Livro e da Biblioteca &#8211; Faculdade de Odontologia de Araraquara","author":"mundobibliotecario","date":"05\/10\/2010","format":false,"excerpt":"Semana Nacional do Livro e da Biblioteca Biblioteca Profa. Maria Dilma de Oliveira Gon\u00e7alves Faculdade de Odontologia de Araraquara De 18 a 22 de outubro de 2010 Tema: \u201cA evolu\u00e7\u00e3o da informa\u00e7\u00e3o\u201d Exposi\u00e7\u00e3o \u201cA evolu\u00e7\u00e3o da informa\u00e7\u00e3o\u201d Exposi\u00e7\u00e3o de Fotos: \u201cA biblioteca da Faculdade de Odontologia dos anos 60 at\u00e9\u2026","rel":"","context":"Em &quot;Eventos&quot;","block_context":{"text":"Eventos","link":"https:\/\/mundobibliotecario.com.br\/index.php\/category\/eventos\/"},"img":{"alt_text":"","src":"","width":0,"height":0},"classes":[]},{"id":3446,"url":"https:\/\/mundobibliotecario.com.br\/index.php\/2014\/03\/26\/roda-de-conversa-eesc-usp-nas-nuvens-com-googledrive-onedriveskydrive-eou-dropbox\/","url_meta":{"origin":3570,"position":5},"title":"Roda de conversa EESC-USP &#8211; Nas nuvens com GoogleDrive, OneDrive\/SkyDrive e\/ou Dropbox?","author":"mundobibliotecario","date":"26\/03\/2014","format":false,"excerpt":"No per\u00edodo de 22 a 25 de Abril, ser\u00e1 realizada a\u00a0X Semana \u201cA P\u00f3s-Gradua\u00e7\u00e3o da EESC na Biblioteca\u201d. \u00c9 um evento gratuito, de responsabilidade da Biblioteca e da Comiss\u00e3o\u00a0de P\u00f3s-Gradua\u00e7\u00e3o da Escola de Engenharia de S\u00e3o Carlos (EESC\/USP), destinado aos alunos de p\u00f3s-gradua\u00e7\u00e3o da Escola, das demais Unidades de ensino\u2026","rel":"","context":"Em &quot;Eventos&quot;","block_context":{"text":"Eventos","link":"https:\/\/mundobibliotecario.com.br\/index.php\/category\/eventos\/"},"img":{"alt_text":"","src":"","width":0,"height":0},"classes":[]}],"jetpack_likes_enabled":true,"jetpack_shortlink":"https:\/\/wp.me\/pcbzwa-VA","_links":{"self":[{"href":"https:\/\/mundobibliotecario.com.br\/index.php\/wp-json\/wp\/v2\/posts\/3570","targetHints":{"allow":["GET"]}}],"collection":[{"href":"https:\/\/mundobibliotecario.com.br\/index.php\/wp-json\/wp\/v2\/posts"}],"about":[{"href":"https:\/\/mundobibliotecario.com.br\/index.php\/wp-json\/wp\/v2\/types\/post"}],"author":[{"embeddable":true,"href":"https:\/\/mundobibliotecario.com.br\/index.php\/wp-json\/wp\/v2\/users\/1"}],"replies":[{"embeddable":true,"href":"https:\/\/mundobibliotecario.com.br\/index.php\/wp-json\/wp\/v2\/comments?post=3570"}],"version-history":[{"count":2,"href":"https:\/\/mundobibliotecario.com.br\/index.php\/wp-json\/wp\/v2\/posts\/3570\/revisions"}],"predecessor-version":[{"id":7156,"href":"https:\/\/mundobibliotecario.com.br\/index.php\/wp-json\/wp\/v2\/posts\/3570\/revisions\/7156"}],"wp:attachment":[{"href":"https:\/\/mundobibliotecario.com.br\/index.php\/wp-json\/wp\/v2\/media?parent=3570"}],"wp:term":[{"taxonomy":"category","embeddable":true,"href":"https:\/\/mundobibliotecario.com.br\/index.php\/wp-json\/wp\/v2\/categories?post=3570"},{"taxonomy":"post_tag","embeddable":true,"href":"https:\/\/mundobibliotecario.com.br\/index.php\/wp-json\/wp\/v2\/tags?post=3570"}],"curies":[{"name":"wp","href":"https:\/\/api.w.org\/{rel}","templated":true}]}}