{"id":3579,"date":"2014-09-16T12:06:11","date_gmt":"2014-09-16T15:06:11","guid":{"rendered":"http:\/\/mundobibliotecario.wordpress.com\/?p=3579"},"modified":"2020-07-21T23:25:00","modified_gmt":"2020-07-22T02:25:00","slug":"curso-recursos-informacionais-como-ferramenta-para-a-producao-do-conhecimento","status":"publish","type":"post","link":"https:\/\/mundobibliotecario.com.br\/index.php\/2014\/09\/16\/curso-recursos-informacionais-como-ferramenta-para-a-producao-do-conhecimento\/","title":{"rendered":"Curso: Recursos Informacionais como Ferramenta para a Produ\u00e7\u00e3o do Conhecimento"},"content":{"rendered":"<p>A Biblioteca do campus Sorocaba da UFSCar (BSo) oferece, de 22 a 25 de setembro, o curso &#8220;Recursos Informacionais como Ferramenta para a Produ\u00e7\u00e3o do Conhecimento&#8221;. O objetivo da atividade \u00e9 proporcionar conhecimento necess\u00e1rio para a elabora\u00e7\u00e3o de trabalhos cient\u00edficos, desde a utiliza\u00e7\u00e3o de bases de dados como fonte para pesquisa bibliogr\u00e1fica, at\u00e9 a sistematiza\u00e7\u00e3o do conhecimento de acordo com as normas document\u00e1rias existentes. As atividades s\u00e3o destinadas especialmente \u00e0queles interessados em desenvolver ou que j\u00e1 estejam desenvolvendo algum tipo pesquisa cient\u00edfica como disserta\u00e7\u00f5es, teses e TCCs. As inscri\u00e7\u00f5es podem ser feitas at\u00e9 dia 19 de setembro pelo email bso@ufscar.br, informando nome completo, CPF e data de nascimento. S\u00e3o oferecidas 30 vagas. Haver\u00e1 emiss\u00e3o de certificado. As aulas ser\u00e3o ministradas pelos bibliotec\u00e1rios da UFSCar no Laborat\u00f3rio de Inform\u00e1tica 02 do edif\u00edcio de Aulas Te\u00f3ricas (AT), das 16 \u00e0s 18 horas. Outras informa\u00e7\u00f5es podem ser obtidas pelo telefone (15) 3229-5988.<\/p>\n<p><strong>Local:<\/strong> Laborat\u00f3rio de Inform\u00e1tica 02 do edif\u00edcio de Aulas Te\u00f3ricas (AT)<br \/>\n<strong>Realiza\u00e7\u00e3o:<\/strong> Biblioteca do campus Sorocaba da UFSCar (BSo)<\/p>\n<p><strong>Mais informa\u00e7\u00f5es:<\/strong> pelo telefone (15) 3229-5988<\/p>\n<p>Dispon\u00edvel em: &lt;http:\/\/www2.ufscar.br\/servicos\/eventos.php?idEvt=1253&gt;. Acesso em: 16 set. 2014.<\/p>\n","protected":false},"excerpt":{"rendered":"<p>A Biblioteca do campus Sorocaba da UFSCar (BSo) oferece, de 22 a 25 de setembro, o curso &#8220;Recursos Informacionais como Ferramenta para a Produ\u00e7\u00e3o do Conhecimento&#8221;. O objetivo da atividade \u00e9 proporcionar conhecimento necess\u00e1rio para a elabora\u00e7\u00e3o de trabalhos cient\u00edficos, desde a utiliza\u00e7\u00e3o de bases de dados como fonte para pesquisa bibliogr\u00e1fica, at\u00e9 a sistematiza\u00e7\u00e3o &#8230; <a title=\"Curso: Recursos Informacionais como Ferramenta para a Produ\u00e7\u00e3o do Conhecimento\" class=\"read-more\" href=\"https:\/\/mundobibliotecario.com.br\/index.php\/2014\/09\/16\/curso-recursos-informacionais-como-ferramenta-para-a-producao-do-conhecimento\/\" aria-label=\"Read more about Curso: Recursos Informacionais como Ferramenta para a Produ\u00e7\u00e3o do Conhecimento\">Ler mais<\/a><\/p>\n","protected":false},"author":1,"featured_media":0,"comment_status":"open","ping_status":"open","sticky":false,"template":"","format":"standard","meta":{"_mi_skip_tracking":false,"_exactmetrics_sitenote_active":false,"_exactmetrics_sitenote_note":"","_exactmetrics_sitenote_category":0,"_jetpack_newsletter_access":"","footnotes":""},"categories":[252],"tags":[950],"class_list":["post-3579","post","type-post","status-publish","format-standard","hentry","category-curso","tag-pesquisa-cientifica"],"jetpack_featured_media_url":"","jetpack_sharing_enabled":true,"jetpack-related-posts":[{"id":4651,"url":"https:\/\/mundobibliotecario.com.br\/index.php\/2018\/01\/31\/como-fazer-uma-pesquisa-academica-avancada\/","url_meta":{"origin":3579,"position":0},"title":"Como fazer uma pesquisa acad\u00eamica avan\u00e7ada","author":"mundobibliotecario","date":"31\/01\/2018","format":false,"excerpt":"A pesquisa acad\u00eamica \u00e9 uma atividade existente em todas as institui\u00e7\u00f5es de ensino. Nas universidades, ela \u00e9 uma atividade fundamental no desenvolvimento de uma pesquisa. Tudo come\u00e7a com a escolha do tema, para ent\u00e3o procurar pelas fontes de informa\u00e7\u00e3o que podem dar a resposta para sua pesquisa, sejam livros, revistas\u2026","rel":"","context":"Em &quot;Curso&quot;","block_context":{"text":"Curso","link":"https:\/\/mundobibliotecario.com.br\/index.php\/category\/curso\/"},"img":{"alt_text":"","src":"","width":0,"height":0},"classes":[]},{"id":3669,"url":"https:\/\/mundobibliotecario.com.br\/index.php\/2014\/12\/22\/ufsc-oferece-curso-gratuito-online-de-metodologia-cientifica\/","url_meta":{"origin":3579,"position":1},"title":"UFSC oferece curso gratuito online de Metodologia Cient\u00edfica","author":"mundobibliotecario","date":"22\/12\/2014","format":false,"excerpt":"A Universidade Federal de Santa Catarina \u2013 UFSC, \u00e9 uma institui\u00e7\u00e3o federal brasileira de ensino superior localizada em Florian\u00f3polis, Santa Catarina, tendo sido cotada como a quinta melhor institui\u00e7\u00e3o de ensino superior da Am\u00e9rica Latina pelo Webometrics Ranking of World Universities. A UFSC, est\u00e1 oferecendo o curso gratuito de\u00a0Metodologia Cient\u00edfica,\u2026","rel":"","context":"Em &quot;Curso&quot;","block_context":{"text":"Curso","link":"https:\/\/mundobibliotecario.com.br\/index.php\/category\/curso\/"},"img":{"alt_text":"","src":"https:\/\/i0.wp.com\/img.youtube.com\/vi\/ey9bTshV308\/0.jpg?resize=350%2C200","width":350,"height":200},"classes":[]},{"id":9704,"url":"https:\/\/mundobibliotecario.com.br\/index.php\/2021\/12\/15\/recursos-informacionais-para-pesquisa-academica-o-que-voce-precisa-saber\/","url_meta":{"origin":3579,"position":2},"title":"Recursos informacionais para pesquisa acad\u00eamica: o que voc\u00ea precisa saber","author":"mundobibliotecario","date":"15\/12\/2021","format":false,"excerpt":"O Sistema Integrado de Bibliotecas da UFSCar (SIBi-UFSCar @sibiufscar ), por meio da C\u00e2mara T\u00e9cnica Capacita\u00e7\u00e3o em Informa\u00e7\u00e3o e Tecnologias Educacionais (CapacITE) lan\u00e7a o projeto \u201cRecursos informacionais para pesquisa acad\u00eamica: o que voc\u00ea precisa saber\u201d, composto por 30 videoaulas distribu\u00eddas em 5 s\u00e9ries, cujos t\u00edtulos s\u00e3o: O que voc\u00ea precisa\u2026","rel":"","context":"Em &quot;Not\u00edcias&quot;","block_context":{"text":"Not\u00edcias","link":"https:\/\/mundobibliotecario.com.br\/index.php\/category\/noticias\/"},"img":{"alt_text":"","src":"https:\/\/i0.wp.com\/mundobibliotecario.com.br\/wp-content\/uploads\/2021\/12\/WhatsApp-Image-2021-12-06-at-10.07.00.jpeg?resize=350%2C200&ssl=1","width":350,"height":200},"classes":[]},{"id":4364,"url":"https:\/\/mundobibliotecario.com.br\/index.php\/2016\/10\/06\/ibict-lanca-manifesto-de-acesso-aberto-a-dados-da-pesquisa-brasileira-para-ciencia-cidada\/","url_meta":{"origin":3579,"position":3},"title":"Ibict lan\u00e7a Manifesto de Acesso Aberto a Dados da Pesquisa Brasileira para Ci\u00eancia Cidad\u00e3","author":"mundobibliotecario","date":"06\/10\/2016","format":false,"excerpt":"No \u00faltimo dia 28 de setembro foi celebrado o Dia Internacional do Acesso Universal \u00e0 Informa\u00e7\u00e3o, no Museu do Amanh\u00e3, no Rio de Janeiro. A cerim\u00f4nia foi uma parceria da Unesco no Brasil com o Instituto Brasileiro de Informa\u00e7\u00e3o em Ci\u00eancia e Tecnologia (Ibict). Na ocasi\u00e3o, foi lan\u00e7ado, pelo instituto,\u2026","rel":"","context":"Em &quot;Not\u00edcias&quot;","block_context":{"text":"Not\u00edcias","link":"https:\/\/mundobibliotecario.com.br\/index.php\/category\/noticias\/"},"img":{"alt_text":"","src":"","width":0,"height":0},"classes":[]},{"id":3803,"url":"https:\/\/mundobibliotecario.com.br\/index.php\/2015\/08\/06\/estranho-mapa-do-mundo-baseado-na-producao-cientifica\/","url_meta":{"origin":3579,"position":4},"title":"Estranho mapa do mundo baseado na produ\u00e7\u00e3o cient\u00edfica","author":"mundobibliotecario","date":"06\/08\/2015","format":false,"excerpt":"Se o mundo fosse mapeado de acordo com quantos trabalhos de investiga\u00e7\u00e3o cient\u00edfica cada pa\u00eds produz, assumiria uma apar\u00eancia bizarra e irregular. O norte se ampliaria, enquanto o hemisf\u00e9rio sul praticamente desapareceria. O que impulsiona essa desigualdade? Dinheiro e tecnologia s\u00e3o fatores que influenciam quanto se trata de produzir pesquisas.\u2026","rel":"","context":"Em &quot;Not\u00edcias&quot;","block_context":{"text":"Not\u00edcias","link":"https:\/\/mundobibliotecario.com.br\/index.php\/category\/noticias\/"},"img":{"alt_text":"mapa mundo artigos cient\u00c3\u00adficos","src":"https:\/\/i0.wp.com\/hypescience.com\/wp-content\/uploads\/2015\/07\/mapa-mundo-artigos-cient%C3%ADficos-838x419.png?resize=350%2C200","width":350,"height":200},"classes":[]},{"id":5323,"url":"https:\/\/mundobibliotecario.com.br\/index.php\/2019\/10\/01\/presidente-da-agencia-usp-de-gestao-da-informacao-academica-visita-as-instalacoes-do-sdo\/","url_meta":{"origin":3579,"position":5},"title":"Presidente da Ag\u00eancia USP de Gest\u00e3o da Informa\u00e7\u00e3o Acad\u00eamica visita as instala\u00e7\u00f5es do SDO","author":"mundobibliotecario","date":"01\/10\/2019","format":false,"excerpt":"No final da tarde de ter\u00e7a-feira, 24 de setembro de 2019, a FOUSP recebeu a visita do Presidente da Ag\u00eancia USP de Gest\u00e3o da Informa\u00e7\u00e3o Acad\u00eamica, Prof. Dr. Jackson Cioni Bittencourt. A fim de conhecer a estrutura do local, o Presidente foi recebido pelo Diretor Prof. Dr. Rodney Garcia Rocha,\u2026","rel":"","context":"Em &quot;Not\u00edcias&quot;","block_context":{"text":"Not\u00edcias","link":"https:\/\/mundobibliotecario.com.br\/index.php\/category\/noticias\/"},"img":{"alt_text":"","src":"https:\/\/i0.wp.com\/mundobibliotecario.com.br\/wp-content\/uploads\/2019\/09\/foto.jpg?resize=350%2C200","width":350,"height":200},"classes":[]}],"jetpack_likes_enabled":true,"jetpack_shortlink":"https:\/\/wp.me\/pcbzwa-VJ","_links":{"self":[{"href":"https:\/\/mundobibliotecario.com.br\/index.php\/wp-json\/wp\/v2\/posts\/3579","targetHints":{"allow":["GET"]}}],"collection":[{"href":"https:\/\/mundobibliotecario.com.br\/index.php\/wp-json\/wp\/v2\/posts"}],"about":[{"href":"https:\/\/mundobibliotecario.com.br\/index.php\/wp-json\/wp\/v2\/types\/post"}],"author":[{"embeddable":true,"href":"https:\/\/mundobibliotecario.com.br\/index.php\/wp-json\/wp\/v2\/users\/1"}],"replies":[{"embeddable":true,"href":"https:\/\/mundobibliotecario.com.br\/index.php\/wp-json\/wp\/v2\/comments?post=3579"}],"version-history":[{"count":1,"href":"https:\/\/mundobibliotecario.com.br\/index.php\/wp-json\/wp\/v2\/posts\/3579\/revisions"}],"predecessor-version":[{"id":6572,"href":"https:\/\/mundobibliotecario.com.br\/index.php\/wp-json\/wp\/v2\/posts\/3579\/revisions\/6572"}],"wp:attachment":[{"href":"https:\/\/mundobibliotecario.com.br\/index.php\/wp-json\/wp\/v2\/media?parent=3579"}],"wp:term":[{"taxonomy":"category","embeddable":true,"href":"https:\/\/mundobibliotecario.com.br\/index.php\/wp-json\/wp\/v2\/categories?post=3579"},{"taxonomy":"post_tag","embeddable":true,"href":"https:\/\/mundobibliotecario.com.br\/index.php\/wp-json\/wp\/v2\/tags?post=3579"}],"curies":[{"name":"wp","href":"https:\/\/api.w.org\/{rel}","templated":true}]}}