{"id":3611,"date":"2014-10-11T14:46:59","date_gmt":"2014-10-11T17:46:59","guid":{"rendered":"http:\/\/mundobibliotecario.wordpress.com\/?p=3611"},"modified":"2014-10-11T14:46:59","modified_gmt":"2014-10-11T17:46:59","slug":"fapesp-publica-casos-de-violacao-de-boas-praticas-cientificas","status":"publish","type":"post","link":"https:\/\/mundobibliotecario.com.br\/index.php\/2014\/10\/11\/fapesp-publica-casos-de-violacao-de-boas-praticas-cientificas\/","title":{"rendered":"FAPESP publica casos de viola\u00e7\u00e3o de boas pr\u00e1ticas cient\u00edficas"},"content":{"rendered":"<p><b>Ag\u00eancia FAPESP<\/b>\u00a0\u2013 A FAPESP inicia, a partir desta ter\u00e7a-feira (07\/10), a divulga\u00e7\u00e3o dos sum\u00e1rios de casos de investiga\u00e7\u00f5es que conduziu ou supervisionou e que resultaram na constata\u00e7\u00e3o da ocorr\u00eancia de viola\u00e7\u00e3o de boas pr\u00e1ticas cient\u00edficas<\/p>\n<p>A divulga\u00e7\u00e3o ser\u00e1 feita no site de Boas Pr\u00e1ticas Cient\u00edficas, no portal da FAPESP, em\u00a0<b><a href=\"http:\/\/www.fapesp.br\/boaspraticas\" target=\"_blank\">www.fapesp.br\/boaspraticas<\/a><\/b>. Os casos permanecer\u00e3o na p\u00e1gina por um per\u00edodo de tempo limitado, a ser definido de acordo com a natureza e a gravidade da viola\u00e7\u00e3o constatada, conforme as condi\u00e7\u00f5es definidas pela\u00a0<b><a href=\"http:\/\/www.fapesp.br\/8037\" target=\"_blank\">Portaria PR 05\/2013<\/a>.\u00a0<\/b><\/p>\n<p>Um dos princ\u00edpios da pol\u00edtica de preserva\u00e7\u00e3o dos valores da integridade da pesquisa cient\u00edfica da FAPESP \u00e9 que eles sejam objeto de autorregula\u00e7\u00e3o e autocontrole por parte da comunidade cient\u00edfica.<\/p>\n<p>Como parte da sistematiza\u00e7\u00e3o desse processo, a FAPESP publicou em 2011 seu\u00a0<i>C\u00f3digo de Boas Pr\u00e1ticas Cient\u00edficas\u00a0<\/i>(<b><a href=\"http:\/\/www.fapesp.br\/boaspraticas\/codigo2014.pdf\" target=\"_blank\">www.fapesp.br\/boaspraticas\/codigo2014.pdf<\/a><\/b>).<\/p>\n<p>A FAPESP entende que a dissemina\u00e7\u00e3o de uma cultura s\u00f3lida de integridade no ambiente cient\u00edfico depende principalmente de a\u00e7\u00f5es educativas das institui\u00e7\u00f5es e organiza\u00e7\u00f5es de pesquisa, com o prop\u00f3sito de capacitar os pesquisadores a identificar e respeitar os valores da integridade.<\/p>\n<p>Para a FAPESP, a preserva\u00e7\u00e3o desses valores e da fidedignidade p\u00fablica da ci\u00eancia depende igualmente da percep\u00e7\u00e3o, por parte dos pesquisadores e da sociedade em geral, de que essas institui\u00e7\u00f5es e organiza\u00e7\u00f5es s\u00e3o capazes de responder, pronta e rigorosamente, \u00e0 pr\u00e1tica constatada de viola\u00e7\u00e3o de boas pr\u00e1ticas cient\u00edficas.<\/p>\n<p>O C\u00f3digo de Boas Pr\u00e1ticas Cient\u00edficas requer que toda alega\u00e7\u00e3o de viola\u00e7\u00e3o de boas pr\u00e1ticas cient\u00edficas no curso de pesquisa apoiada pela FAPESP seja investigada, de maneira justa e rigorosa, ou por ela pr\u00f3pria ou sob sua supervis\u00e3o, pela institui\u00e7\u00e3o em que a pesquisa foi realizada.<\/p>\n<p>Em respeito ao princ\u00edpio jur\u00eddico da presun\u00e7\u00e3o de inoc\u00eancia e \u00e0 necessidade de preservar a reputa\u00e7\u00e3o dos suspeitos de viola\u00e7\u00e3o de boas pr\u00e1ticas cient\u00edficas, prev\u00ea-se que essa investiga\u00e7\u00e3o se realize sigilosamente. No entanto, quando a investiga\u00e7\u00e3o comprovar a ocorr\u00eancia de viola\u00e7\u00e3o de boas pr\u00e1ticas cient\u00edficas, a FAPESP deve tornar p\u00fablicas as suas conclus\u00f5es, tendo em vista os poss\u00edveis decorrentes preju\u00edzos ao avan\u00e7o da ci\u00eancia e \u00e0 sociedade em geral.<\/p>\n<p>Dispon\u00edvel em: &lt;<a href=\"http:\/\/agencia.fapesp.br\/fapesp_publica_casos_de_violacao_de_boas_praticas_cientificas\/19955\/\">http:\/\/agencia.fapesp.br\/fapesp_publica_casos_de_violacao_de_boas_praticas_cientificas\/19955\/<\/a>&gt;. Acesso em: 11 out. 2014.<\/p>\n","protected":false},"excerpt":{"rendered":"<p>Ag\u00eancia FAPESP\u00a0\u2013 A FAPESP inicia, a partir desta ter\u00e7a-feira (07\/10), a divulga\u00e7\u00e3o dos sum\u00e1rios de casos de investiga\u00e7\u00f5es que conduziu ou supervisionou e que resultaram na constata\u00e7\u00e3o da ocorr\u00eancia de viola\u00e7\u00e3o de boas pr\u00e1ticas cient\u00edficas A divulga\u00e7\u00e3o ser\u00e1 feita no site de Boas Pr\u00e1ticas Cient\u00edficas, no portal da FAPESP, em\u00a0www.fapesp.br\/boaspraticas. Os casos permanecer\u00e3o na p\u00e1gina &#8230; <a title=\"FAPESP publica casos de viola\u00e7\u00e3o de boas pr\u00e1ticas cient\u00edficas\" class=\"read-more\" href=\"https:\/\/mundobibliotecario.com.br\/index.php\/2014\/10\/11\/fapesp-publica-casos-de-violacao-de-boas-praticas-cientificas\/\" aria-label=\"Read more about FAPESP publica casos de viola\u00e7\u00e3o de boas pr\u00e1ticas cient\u00edficas\">Ler mais<\/a><\/p>\n","protected":false},"author":1,"featured_media":0,"comment_status":"open","ping_status":"open","sticky":false,"template":"","format":"standard","meta":{"_mi_skip_tracking":false,"_exactmetrics_sitenote_active":false,"_exactmetrics_sitenote_note":"","_exactmetrics_sitenote_category":0,"_jetpack_newsletter_access":"","footnotes":""},"categories":[60],"tags":[560,925],"class_list":["post-3611","post","type-post","status-publish","format-standard","hentry","category-noticias","tag-ciencia","tag-etica"],"jetpack_featured_media_url":"","jetpack_sharing_enabled":true,"jetpack-related-posts":[{"id":3839,"url":"https:\/\/mundobibliotecario.com.br\/index.php\/2015\/08\/26\/a-expansao-das-bibliotecas-digitais-e-virtuais\/","url_meta":{"origin":3611,"position":0},"title":"A expans\u00e3o das bibliotecas digitais e virtuais","author":"mundobibliotecario","date":"26\/08\/2015","format":false,"excerpt":"Rosaly Favero Krzyzanowski, coordenadora da BV-FAPESP, em palestra durante o evento (foto: Leandro Negro \/ Ag.FAPESP) 25 de agosto de 2015 Elton Alisson | Ag\u00eancia FAPESP \u2013 O n\u00famero de bibliotecas digitais e virtuais tem aumentado\u00a0nos \u00faltimos anos.\u00a0Uma das raz\u00f5es \u00e9 o surgimento de programas gratuitos, como o DSpace, o\u2026","rel":"","context":"Em &quot;Not\u00edcias&quot;","block_context":{"text":"Not\u00edcias","link":"https:\/\/mundobibliotecario.com.br\/index.php\/category\/noticias\/"},"img":{"alt_text":"","src":"","width":0,"height":0},"classes":[]},{"id":2677,"url":"https:\/\/mundobibliotecario.com.br\/index.php\/2012\/07\/28\/fapesp-e-thomson-reuters-anunciam-acordo-para-integracao-de-bases-de-informacao-cientifica\/","url_meta":{"origin":3611,"position":1},"title":"FAPESP e Thomson Reuters anunciam acordo para integra\u00e7\u00e3o de bases de informa\u00e7\u00e3o cient\u00edfica","author":"mundobibliotecario","date":"28\/07\/2012","format":false,"excerpt":"27\/07\/2012 Ag\u00eancia FAPESP \u2013 A FAPESP e a divis\u00e3o de propriedade intelectual e ci\u00eancia da Thomson Reuters anunciaram, no dia 25 de julho, um acordo para integrar a base de dados do Programa Scientific Electronic Library Online (SciELO) \u00e0 Web of Knowledge, a mais abrangente base internacional de informa\u00e7\u00f5es cient\u00edficas.\u2026","rel":"","context":"Em &quot;Not\u00edcias&quot;","block_context":{"text":"Not\u00edcias","link":"https:\/\/mundobibliotecario.com.br\/index.php\/category\/noticias\/"},"img":{"alt_text":"","src":"","width":0,"height":0},"classes":[]},{"id":10086,"url":"https:\/\/mundobibliotecario.com.br\/index.php\/2022\/08\/31\/pos-doutorado-e-treinamento-tecnico-em-divulgacao-cientifica-na-unicamp\/","url_meta":{"origin":3611,"position":2},"title":"P\u00f3s-doutorado e treinamento t\u00e9cnico em divulga\u00e7\u00e3o cient\u00edfica na Unicamp","author":"mundobibliotecario","date":"31\/08\/2022","format":false,"excerpt":"Bolsistas v\u00e3o participar de projeto que analisa as rela\u00e7\u00f5es do jornalismo com a produ\u00e7\u00e3o cient\u00edfica sobre COVID-19, com foco em publica\u00e7\u00f5es de acesso aberto (foto: Pixabay) Ag\u00eancia FAPESP\u00a0\u2013 Uma oportunidade de p\u00f3s-doutorado e outra de treinamento t\u00e9cnico n\u00edvel tr\u00eas (TT-3) \u2013 ambas com bolsa da FAPESP \u2013 est\u00e3o dispon\u00edveis pelo\u2026","rel":"","context":"Em &quot;Not\u00edcias&quot;","block_context":{"text":"Not\u00edcias","link":"https:\/\/mundobibliotecario.com.br\/index.php\/category\/noticias\/"},"img":{"alt_text":"","src":"https:\/\/i0.wp.com\/mundobibliotecario.com.br\/wp-content\/uploads\/2022\/08\/photo.jpg?resize=350%2C200&ssl=1","width":350,"height":200},"classes":[]},{"id":1621,"url":"https:\/\/mundobibliotecario.com.br\/index.php\/2010\/12\/23\/fapesp-e-condephaat-assinaram-um-convenio-para-a-pr-omocao-da-pesquisa-cientifica\/","url_meta":{"origin":3611,"position":3},"title":"FAPESP e Condephaat assinaram um conv\u00eanio para a promo\u00e7\u00e3o da pesquisa cient\u00edfica","author":"mundobibliotecario","date":"23\/12\/2010","format":false,"excerpt":"fonte: http:\/\/www.agencia.fapesp.br\/materia\/13229\/criterios-para-o-patrimonio.htm Especiais Crit\u00e9rios para o patrim\u00f4nio 23\/12\/2010 Por F\u00e1bio de Castro Ag\u00eancia FAPESP \u2013 A FAPESP e o Conselho de Defesa do Patrim\u00f4nio Hist\u00f3rico, Arqueol\u00f3gico, Art\u00edstico e Tur\u00edstico (Condephaat), da Secretaria da Cultura do Estado de S\u00e3o Paulo (SEC), assinaram na ter\u00e7a-feira (21\/12) um conv\u00eanio para a promo\u00e7\u00e3o da\u2026","rel":"","context":"Em &quot;Not\u00edcias&quot;","block_context":{"text":"Not\u00edcias","link":"https:\/\/mundobibliotecario.com.br\/index.php\/category\/noticias\/"},"img":{"alt_text":"","src":"","width":0,"height":0},"classes":[]},{"id":5336,"url":"https:\/\/mundobibliotecario.com.br\/index.php\/2019\/10\/09\/bolsa-fapesp-de-treinamento-tecnico-em-ciencia-da-informacao\/","url_meta":{"origin":3611,"position":4},"title":"Bolsa FAPESP de treinamento t\u00e9cnico em ci\u00eancia da informa\u00e7\u00e3o","author":"mundobibliotecario","date":"09\/10\/2019","format":false,"excerpt":"Bolsista dar\u00e1 apoio \u00e0 implanta\u00e7\u00e3o de plataformas baseadas em software livre para permitir o uso de reposit\u00f3rios digitais na Unifesp (imagem: Pixabay) \u00a0 Ag\u00eancia FAPESP \u2013 Uma vaga de treinamento t\u00e9cnico n\u00edvel tr\u00eas (TT-3) com bolsa da FAPESP est\u00e1 dispon\u00edvel para o projeto \u201cA universidade do futuro e o futuro\u2026","rel":"","context":"Em &quot;Not\u00edcias&quot;","block_context":{"text":"Not\u00edcias","link":"https:\/\/mundobibliotecario.com.br\/index.php\/category\/noticias\/"},"img":{"alt_text":"","src":"","width":0,"height":0},"classes":[]},{"id":3665,"url":"https:\/\/mundobibliotecario.com.br\/index.php\/2014\/12\/05\/scielo-anuncia-medidas-para-internacionalizacao-de-periodicos-cientificos\/","url_meta":{"origin":3611,"position":5},"title":"SciELO anuncia medidas para internacionaliza\u00e7\u00e3o de peri\u00f3dicos cient\u00edficos","author":"mundobibliotecario","date":"05\/12\/2014","format":false,"excerpt":"05 de dezembro de 2014 Por Diego Freire Ag\u00eancia FAPESP \u2013 Com o objetivo de contribuir para a internacionaliza\u00e7\u00e3o dos peri\u00f3dicos cient\u00edficos produzidos no Brasil, a biblioteca eletr\u00f4nica SciELO (sigla de Scientific Eletronic Library On Line), mantida pela FAPESP, anunciou novos crit\u00e9rios para indexa\u00e7\u00e3o em sua plataforma. O an\u00fancio foi\u2026","rel":"","context":"Em &quot;Not\u00edcias&quot;","block_context":{"text":"Not\u00edcias","link":"https:\/\/mundobibliotecario.com.br\/index.php\/category\/noticias\/"},"img":{"alt_text":"","src":"","width":0,"height":0},"classes":[]}],"jetpack_likes_enabled":true,"jetpack_shortlink":"https:\/\/wp.me\/pcbzwa-Wf","_links":{"self":[{"href":"https:\/\/mundobibliotecario.com.br\/index.php\/wp-json\/wp\/v2\/posts\/3611","targetHints":{"allow":["GET"]}}],"collection":[{"href":"https:\/\/mundobibliotecario.com.br\/index.php\/wp-json\/wp\/v2\/posts"}],"about":[{"href":"https:\/\/mundobibliotecario.com.br\/index.php\/wp-json\/wp\/v2\/types\/post"}],"author":[{"embeddable":true,"href":"https:\/\/mundobibliotecario.com.br\/index.php\/wp-json\/wp\/v2\/users\/1"}],"replies":[{"embeddable":true,"href":"https:\/\/mundobibliotecario.com.br\/index.php\/wp-json\/wp\/v2\/comments?post=3611"}],"version-history":[{"count":0,"href":"https:\/\/mundobibliotecario.com.br\/index.php\/wp-json\/wp\/v2\/posts\/3611\/revisions"}],"wp:attachment":[{"href":"https:\/\/mundobibliotecario.com.br\/index.php\/wp-json\/wp\/v2\/media?parent=3611"}],"wp:term":[{"taxonomy":"category","embeddable":true,"href":"https:\/\/mundobibliotecario.com.br\/index.php\/wp-json\/wp\/v2\/categories?post=3611"},{"taxonomy":"post_tag","embeddable":true,"href":"https:\/\/mundobibliotecario.com.br\/index.php\/wp-json\/wp\/v2\/tags?post=3611"}],"curies":[{"name":"wp","href":"https:\/\/api.w.org\/{rel}","templated":true}]}}