{"id":3617,"date":"2014-10-23T11:21:59","date_gmt":"2014-10-23T14:21:59","guid":{"rendered":"http:\/\/mundobibliotecario.wordpress.com\/?p=3617"},"modified":"2020-07-21T23:25:00","modified_gmt":"2020-07-22T02:25:00","slug":"encontro-abrainfo-passo-a-passo","status":"publish","type":"post","link":"https:\/\/mundobibliotecario.com.br\/index.php\/2014\/10\/23\/encontro-abrainfo-passo-a-passo\/","title":{"rendered":"Encontro &#8220;ABRAINFO: passo a passo&#8221;"},"content":{"rendered":"<table width=\"100%\">\n<tbody>\n<tr>\n<td align=\"center\" height=\"50\">Problema com a visualiza\u00e7\u00e3o da mensagem? Clique aqui.<\/td>\n<\/tr>\n<tr>\n<td class=\"mail-content-wrapper\">\n<strong>Prezada(o) Amig(a)o,<\/p>\n<p>Em comemora\u00e7\u00e3o ao nosso segundo ano de exist\u00eancia, realizaremos um encontro para promover um balan\u00e7o desse per\u00edodo e das perspectivas que se apresentam para a \u00e1rea de informa\u00e7\u00e3o. Nesta oportunidade, realizaremos tamb\u00e9m uma mesa-redonda para que alguns profissionais, que participaram do \u00faltimo Congresso da IFLA realizado em Lyon, apresentem suas impress\u00f5es e compartilhem suas experi\u00eancias.<\/p>\n<p>Convidamos voc\u00ea a fazer parte deste evento com sua presen\u00e7a e contribui\u00e7\u00f5es acerca das quest\u00f5es que envolvem a \u00e1rea da Ci\u00eancia da Informa\u00e7\u00e3o, para que possamos construir, juntos, um novo cen\u00e1rio.<\/p>\n<p>PROGRAMA\u00c7\u00c3O<br \/>\n18:45 \u00e0s 19:10h &#8211; Credenciamento<\/p>\n<p>19:15h \u00e0s 19:45h Abertura e Palestra:<br \/>\n<\/strong><br \/>\n<strong>\u201cCaminhos percorridos e caminhos futuros da ABRAINFO\u201d<br \/>\nAntonio Agenor Briquet de Lemos<\/strong><br \/>\n<strong>Professor aposentado da UnB. Foi presidente do Conselho Federal de Biblioteconomia, coordenador do Centro de Documenta\u00e7\u00e3o do Minist\u00e9rio da Sa\u00fade, diretor do IBICT e diretor da Editora Universidade de Bras\u00edlia. Fundador e diretor da editora Briquet de Lemos\/Livros. Presidente do Conselho Deliberativo da ABRAINFO.<br \/>\n<\/strong><\/p>\n<hr \/>\n<p><strong>19:45h Mesa-Redonda: \u201cIFLA: reflex\u00f5es e reflexos de Lyon\u201d<\/p>\n<p>19:45h Isabel Ayres Maringelli (Pinacoteca de S\u00e3o Paulo)<br \/>\nMestranda em Ci\u00eancia da Informa\u00e7\u00e3o na ECA-USP. Possui MBA em Bens Culturais: Economia e Gest\u00e3o pela Escola de Economia da FGV-SP. Coordena a Biblioteca Walter Wey e o Centro de Documenta\u00e7\u00e3o e Mem\u00f3ria da Pinacoteca do Estado de S\u00e3o Paulo. Faz parte do Standard Comite de Bibliotecas de Arte da IFLA,\u00a0Pesquisadora associada ao InterPARES Trust (Team Latin America).<br \/>\n<\/strong><\/p>\n<hr \/>\n<p><strong><br \/>\n20:05h Maria do Carmo Cardoso Kersnowsky (Universidade Federal do ABC)<br \/>\nEspecialista em Gest\u00e3o de Servi\u00e7os de Informa\u00e7\u00e3o pela FESPSP, Coordenadora do Sistema de Bibliotecas da UFABC, Trabalhou no Centro de Documenta\u00e7\u00e3o da TV Cultura, na Rede de Bibliotecas P\u00fablicas e na Rede de Bibliotecas Escolares Interativas de S\u00e3o Bernardo do Campo.<br \/>\n<\/strong><\/p>\n<hr \/>\n<p><strong><br \/>\n20:25h Alisson de Castro (Modal Networks)<br \/>\nConsultor e palestrante internacional, atua desde 1996 no planejamento e implanta\u00e7\u00e3o de ferramentas\u00a0 em software livre para o Gerenciamento da Informa\u00e7\u00e3o e Conhecimento. Formado em Automa\u00e7\u00e3o Industrial (Mecatr\u00f4nica), atualmente cursa Biblioteconomia e Ci\u00eancia da Informa\u00e7\u00e3o na FESPSP.<br \/>\n<\/strong><\/p>\n<hr \/>\n<p><strong><br \/>\n20:45h Mariana Queiroz<br \/>\nBacharel em Biblioteconomia e Documenta\u00e7\u00e3o pela ECA\/USP, foi bibliotec\u00e1ria na biblioteca do escrit\u00f3rio Pinheiro Neto Advogados e na Coordenadoria Geral de Bibliotecas da UNESP. Atualmente \u00e9 bibliotec\u00e1ria de refer\u00eancia na Biblioteca da FFLCH\/USP. Apresentou trabalhos em eventos como SIICUSP, SNBU, CBBD.<\/p>\n<p><\/strong><\/p>\n<hr \/>\n<p><strong><br \/>\nCoordena\u00e7\u00e3o da Mesa: Francisco Paletta (Escola de Comunica\u00e7\u00f5es e Artes\/USP)<\/p>\n<p>Professor e Pesquisador da ECA\/USP.<br \/>\nAtua nas \u00e1reas de ci\u00eancia da informa\u00e7\u00e3o, administra\u00e7\u00e3o gera\u00e7\u00e3o e uso da informa\u00e7\u00e3o, preserva\u00e7\u00e3o digital, gest\u00e3o de dispositivos de informa\u00e7\u00e3o, e bibliotecas digitais. Acumula experi\u00eancia profissional e acad\u00eamica de mais de 26 anos em T.I., gest\u00e3o da inova\u00e7\u00e3o e intelig\u00eancia estrat\u00e9gica.<br \/>\n<\/strong><\/p>\n<hr \/>\n<p><strong>21:05h \u00e0s 21:15h \u2013 Perguntas\/Bate-Papo<br \/>\n21:15h \u2013 Caf\u00e9 de encerramento<\/p>\n<p>Data:\u00a029 de outubro de 2014.<br \/>\nHor\u00e1rio:\u00a0das 18:45h \u00e0s 21:40h.<br \/>\nLocal: Audit\u00f3rio da APEOESP &#8211; Pra\u00e7a da Rep\u00fablica, 282<br \/>\nS\u00e3o Paulo &#8211; SP (Pr\u00f3ximo \u00e0 esta\u00e7\u00e3o Rep\u00fablica do Metr\u00f4)<\/p>\n<p>Vagas limitadas<\/p>\n<p>Evento gratuito<\/strong><\/p>\n<div><strong>Clique aqui para confirmar sua participa\u00e7\u00e3o<\/strong><\/div>\n<\/td>\n<\/tr>\n<tr>\n<td colspan=\"2\" align=\"center\" height=\"120\">N\u00f3s respeitamos a sua privacidade e somos contra o spam.<br \/>\nSe voc\u00ea n\u00e3o deseja mais receber nossos e-mails, cancele seu recebimento <em>acessando aqui<\/em>.<\/td>\n<\/tr>\n<\/tbody>\n<\/table>\n","protected":false},"excerpt":{"rendered":"<p>Problema com a visualiza\u00e7\u00e3o da mensagem? Clique aqui. Prezada(o) Amig(a)o, Em comemora\u00e7\u00e3o ao nosso segundo ano de exist\u00eancia, realizaremos um encontro para promover um balan\u00e7o desse per\u00edodo e das perspectivas que se apresentam para a \u00e1rea de informa\u00e7\u00e3o. Nesta oportunidade, realizaremos tamb\u00e9m uma mesa-redonda para que alguns profissionais, que participaram do \u00faltimo Congresso da IFLA &#8230; <a title=\"Encontro &#8220;ABRAINFO: passo a passo&#8221;\" class=\"read-more\" href=\"https:\/\/mundobibliotecario.com.br\/index.php\/2014\/10\/23\/encontro-abrainfo-passo-a-passo\/\" aria-label=\"Read more about Encontro &#8220;ABRAINFO: passo a passo&#8221;\">Ler mais<\/a><\/p>\n","protected":false},"author":1,"featured_media":0,"comment_status":"open","ping_status":"open","sticky":false,"template":"","format":"standard","meta":{"_mi_skip_tracking":false,"_exactmetrics_sitenote_active":false,"_exactmetrics_sitenote_note":"","_exactmetrics_sitenote_category":0,"_jetpack_newsletter_access":"","footnotes":""},"categories":[27],"tags":[1073],"class_list":["post-3617","post","type-post","status-publish","format-standard","hentry","category-eventos","tag-abrainfo"],"jetpack_featured_media_url":"","jetpack_sharing_enabled":true,"jetpack-related-posts":[{"id":294,"url":"https:\/\/mundobibliotecario.com.br\/index.php\/2009\/01\/19\/palestra-seguranca-da-informacao-perspectivas-para-2009-e-o-futuro\/","url_meta":{"origin":3617,"position":0},"title":"Palestra \u201cSeguran\u00e7a da Informa\u00e7\u00e3o: Perspectivas para 2009 e o Futuro\u201d","author":"mundobibliotecario","date":"19\/01\/2009","format":false,"excerpt":"O Senac Campinas realiza, dia 27 de janeiro, a palestra \u201cSeguran\u00e7a da Informa\u00e7\u00e3o: Perspectivas para 2009 e o Futuro\u201d. O evento tem in\u00edcio \u00e0s 19h30 e a entrada \u00e9 franca. Quais devem ser as expectativas para 2009 em rela\u00e7\u00e3o \u00e0 Seguran\u00e7a da Informa\u00e7\u00e3o e sua gest\u00e3o? Como se conduzir para\u2026","rel":"","context":"Em &quot;Eventos&quot;","block_context":{"text":"Eventos","link":"https:\/\/mundobibliotecario.com.br\/index.php\/category\/eventos\/"},"img":{"alt_text":"","src":"","width":0,"height":0},"classes":[]},{"id":1089,"url":"https:\/\/mundobibliotecario.com.br\/index.php\/2010\/02\/05\/i-simposio-brasileiro-de-etica-da-informacao\/","url_meta":{"origin":3617,"position":1},"title":"I Simp\u00f3sio Brasileiro de \u00c9tica da Informa\u00e7\u00e3o","author":"mundobibliotecario","date":"05\/02\/2010","format":false,"excerpt":"Realiza\u00e7\u00e3o: Programa de P\u00f3s-Gradua\u00e7\u00e3o em Ci\u00eancia da informa\u00e7\u00e3o da Universidade Federal da Para\u00edba Data: 18 e 19 de mar\u00e7o Prazos e valores da inscri\u00e7\u00e3o: At\u00e9 19\/02 - Profissionais - 160 reais \u00a0\u00a0\u00a0\u00a0\u00a0\u00a0\u00a0\u00a0\u00a0\u00a0\u00a0\u00a0\u00a0\u00a0\u00a0\u00a0\u00a0\u00a0\u00a0\u00a0\u00a0\u00a0\u00a0\u00a0\u00a0\u00a0\u00a0\u00a0\u00a0\u00a0\u00a0\u00a0\u00a0\u00a0\u00a0\u00a0\u00a0\u00a0\u00a0\u00a0\u00a0\u00a0\u00a0\u00a0\u00a0\u00a0\u00a0\u00a0\u00a0\u00a0\u00a0\u00a0\u00a0\u00a0\u00a0\u00a0\u00a0 Estudantes - 80 reais (ser\u00e1 exigido comprovante) \u00a0\u00a0\u00a0\u00a0\u00a0\u00a0\u00a0\u00a0\u00a0\u00a0\u00a0\u00a0\u00a0\u00a0\u00a0\u00a0\u00a0\u00a0\u00a0\u00a0\u00a0\u00a0\u00a0\u00a0\u00a0\u00a0\u00a0\u00a0\u00a0\u00a0\u00a0\u00a0\u00a0\u00a0\u00a0\u00a0\u00a0\u00a0\u00a0\u00a0\u00a0At\u00e9 16\/03 - Profissionais - 200 reais \u00a0\u00a0\u00a0\u00a0\u00a0\u00a0\u00a0\u00a0\u00a0\u00a0\u00a0\u00a0\u00a0\u00a0\u00a0\u00a0\u00a0\u00a0\u00a0\u00a0\u00a0\u00a0\u00a0\u00a0\u00a0\u00a0\u00a0\u00a0\u00a0\u00a0\u00a0\u00a0\u00a0\u00a0\u00a0\u00a0\u00a0\u00a0\u00a0\u00a0\u00a0\u00a0\u00a0\u00a0\u00a0\u00a0\u00a0\u00a0\u00a0\u00a0\u00a0\u00a0\u00a0\u00a0\u00a0\u00a0\u00a0\u00a0Estudantes - 100 reais\u2026","rel":"","context":"Em &quot;Eventos&quot;","block_context":{"text":"Eventos","link":"https:\/\/mundobibliotecario.com.br\/index.php\/category\/eventos\/"},"img":{"alt_text":"","src":"","width":0,"height":0},"classes":[]},{"id":1329,"url":"https:\/\/mundobibliotecario.com.br\/index.php\/2010\/06\/28\/seminario-aborda-as-teorias-de-michel-foucault-na-ciencia-da-informacao\/","url_meta":{"origin":3617,"position":2},"title":"Semin\u00e1rio aborda as teorias de Michel Foucault na Ci\u00eancia da Informa\u00e7\u00e3o","author":"mundobibliotecario","date":"28\/06\/2010","format":false,"excerpt":"Na pr\u00f3xima quinta-feira (1\/7), acontece na UFSCar o \"I Semin\u00e1rio de An\u00e1lise em Pr\u00e1ticas Discursivas: Foucault na Ci\u00eancia da Informa\u00e7\u00e3o\", organizado pelas docentes N\u00e1dea Regina Gaspar, do Departamento de Ci\u00eancia da Informa\u00e7\u00e3o da UFSCar, e Luc\u00edlia Maria Sousa Rom\u00e3o, professora da Faculdade de Filosofia, Ci\u00eancias e Letras da USP de\u2026","rel":"","context":"Em &quot;Eventos&quot;","block_context":{"text":"Eventos","link":"https:\/\/mundobibliotecario.com.br\/index.php\/category\/eventos\/"},"img":{"alt_text":"","src":"","width":0,"height":0},"classes":[]},{"id":2561,"url":"https:\/\/mundobibliotecario.com.br\/index.php\/2012\/04\/26\/saber-profissional-e-tema-de-evento-promovido-pelo-pet-bci-no-dia-4-de-maio\/","url_meta":{"origin":3617,"position":3},"title":"Saber profissional \u00e9 tema de evento promovido pelo PET-BCI no dia 4 de maio","author":"mundobibliotecario","date":"26\/04\/2012","format":false,"excerpt":"No dia 4 de maio, acontece na UFSCar o \"II Semin\u00e1rio O saber profissional\", realizado pelo Programa de Educa\u00e7\u00e3o Tutorial em Biblioteconomia e Ci\u00eancia da Informa\u00e7\u00e3o (Grupo PET - BCI). Durante o evento, trabalhos acad\u00eamicos e bibliotec\u00e1rios desenvolvidos por alunos egressos do curso de Biblioteconomia e Ci\u00eancia da Informa\u00e7\u00e3o da\u2026","rel":"","context":"Em &quot;Not\u00edcias&quot;","block_context":{"text":"Not\u00edcias","link":"https:\/\/mundobibliotecario.com.br\/index.php\/category\/noticias\/"},"img":{"alt_text":"","src":"","width":0,"height":0},"classes":[]},{"id":4494,"url":"https:\/\/mundobibliotecario.com.br\/index.php\/2017\/03\/23\/bibliocamp-sanca-2017\/","url_meta":{"origin":3617,"position":4},"title":"BiblioCamp Sanca 2017","author":"mundobibliotecario","date":"23\/03\/2017","format":false,"excerpt":"Em 6 de maio de 2017, ser\u00e1 realizada em S\u00e3o Carlos (SP) a 7\u00aa edi\u00e7\u00e3o do BiblioCamp. O BiblioCamp foi uma iniciativa do bibliotec\u00e1rio Moreno Barros, que trabalha na Universidade Federal do Rio de Janeiro (UFRJ) e \u00e9 um dos editores do blog \u201cBibliotec\u00e1rios Sem Fronteiras\u201d. Em 2011, ele decidiu\u2026","rel":"","context":"Em &quot;Eventos&quot;","block_context":{"text":"Eventos","link":"https:\/\/mundobibliotecario.com.br\/index.php\/category\/eventos\/"},"img":{"alt_text":"","src":"","width":0,"height":0},"classes":[]},{"id":2045,"url":"https:\/\/mundobibliotecario.com.br\/index.php\/2011\/05\/24\/pet-em-biblioteconomia-e-ciencia-da-informacao-da-ufscar-promove-o-seminario-o-saber-profissional\/","url_meta":{"origin":3617,"position":5},"title":"PET em Biblioteconomia e Ci\u00eancia da Informa\u00e7\u00e3o da UFSCar promove o semin\u00e1rio &#8220;O Saber Profissional&#8221;","author":"mundobibliotecario","date":"24\/05\/2011","format":false,"excerpt":"O Programa de Educa\u00e7\u00e3o Tutorial em Biblioteconomia e Ci\u00eancia da Informa\u00e7\u00e3o (PET-BCI) da UFSCar realiza, no dia 3 de junho, o semin\u00e1rio \"O Saber Profissional\". O objetivo da atividade \u00e9 conhecer os trabalhos desenvolvidos por ex-alunos do Curso de Biblioteconomia e Ci\u00eancia da Informa\u00e7\u00e3o da UFSCar em diferentes segmentos de\u2026","rel":"","context":"Em &quot;Eventos&quot;","block_context":{"text":"Eventos","link":"https:\/\/mundobibliotecario.com.br\/index.php\/category\/eventos\/"},"img":{"alt_text":"","src":"","width":0,"height":0},"classes":[]}],"jetpack_likes_enabled":true,"jetpack_shortlink":"https:\/\/wp.me\/pcbzwa-Wl","_links":{"self":[{"href":"https:\/\/mundobibliotecario.com.br\/index.php\/wp-json\/wp\/v2\/posts\/3617","targetHints":{"allow":["GET"]}}],"collection":[{"href":"https:\/\/mundobibliotecario.com.br\/index.php\/wp-json\/wp\/v2\/posts"}],"about":[{"href":"https:\/\/mundobibliotecario.com.br\/index.php\/wp-json\/wp\/v2\/types\/post"}],"author":[{"embeddable":true,"href":"https:\/\/mundobibliotecario.com.br\/index.php\/wp-json\/wp\/v2\/users\/1"}],"replies":[{"embeddable":true,"href":"https:\/\/mundobibliotecario.com.br\/index.php\/wp-json\/wp\/v2\/comments?post=3617"}],"version-history":[{"count":10,"href":"https:\/\/mundobibliotecario.com.br\/index.php\/wp-json\/wp\/v2\/posts\/3617\/revisions"}],"predecessor-version":[{"id":6585,"href":"https:\/\/mundobibliotecario.com.br\/index.php\/wp-json\/wp\/v2\/posts\/3617\/revisions\/6585"}],"wp:attachment":[{"href":"https:\/\/mundobibliotecario.com.br\/index.php\/wp-json\/wp\/v2\/media?parent=3617"}],"wp:term":[{"taxonomy":"category","embeddable":true,"href":"https:\/\/mundobibliotecario.com.br\/index.php\/wp-json\/wp\/v2\/categories?post=3617"},{"taxonomy":"post_tag","embeddable":true,"href":"https:\/\/mundobibliotecario.com.br\/index.php\/wp-json\/wp\/v2\/tags?post=3617"}],"curies":[{"name":"wp","href":"https:\/\/api.w.org\/{rel}","templated":true}]}}