{"id":3643,"date":"2014-11-16T23:56:26","date_gmt":"2014-11-17T02:56:26","guid":{"rendered":"http:\/\/mundobibliotecario.wordpress.com\/?p=3643"},"modified":"2014-11-16T23:56:26","modified_gmt":"2014-11-17T02:56:26","slug":"snbu-2014-dia-16112014","status":"publish","type":"post","link":"https:\/\/mundobibliotecario.com.br\/index.php\/2014\/11\/16\/snbu-2014-dia-16112014\/","title":{"rendered":"SNBU 2014: dia 16\/11\/2014"},"content":{"rendered":"<p>A XVIII edi\u00e7\u00e3o do Semin\u00e1rio Nacional de Bibliotecas Universit\u00e1rias (SNBU), realizada em 2014 na cidade de Belho Horizonte (MG), teve in\u00edcio no dia 16\/11 com a realiza\u00e7\u00e3o de minicursos e eventos simult\u00e2neos que est\u00e3o dispon\u00edveis na programa\u00e7\u00e3o.<\/p>\n<p>A noite, um pouco depois das 20h00 teve in\u00edcio a abertura. Na mesa estiveram presentes Wellinton Mar\u00e7al de Carvalho, Coordenador e Presidente do XVIII SNBU, al\u00e9m de Diretor da Biblioteca Universit\u00e1ria\/Sistema de Bibliotecas da UFMG, An\u00e1lia das Gra\u00e7as Gandini Pontelo, Vice-Coordenadora e Vice-Presidente do XVIII SNBU, al\u00e9m de Vice-Diretora da Biblioteca Universit\u00e1ria\/Sistema de Bibliotecas da UFMG, Luiz Atilio Vicentini, da Unicamp, Cl\u00e9lio Campolina Diniz, ex-reitor da UFMG e atual Ministro de Estado da Ci\u00eancia e Tecnologia, Sandra Regina Goulart Almeida, vice-reitora da UFMG, Regina C\u00e9li de Sousa, presidente do CFB e Prof. Dr. Carlos Alberto \u00c1vila Ara\u00fajo. Houve uma homenagem \u00e0s bibliotec\u00e1rias Viviane Carri\u00f3n e Lorete Mattos, e tamb\u00e9m ao IBICT, representado por Bianca Amaro e, em seguida, o discurso das autoridades.<\/p>\n<p>Na sequ\u00eancia, Peter Burke, da Universidade de Cambridge (Reino Unido), proferiu sua t\u00e3o aguardada confer\u00eancia, \u201cArqueologia do conhecimento e Arqueologia de bibliotecas\u201d. Em sua fala, Burke teceu coment\u00e1rios sobre a hist\u00f3ria social do conhecimento com foco na classifica\u00e7\u00e3o relatando, sobretudo, diferentes pr\u00e1ticas que permearam a organiza\u00e7\u00e3o de livros desde a Idade Moderna at\u00e9 a atualidade. Citou, ainda, a contribui\u00e7\u00e3o de Auguste Comte na classifica\u00e7\u00e3o das disciplinas e de Paul Otlet e Henri de La Fontaine com o Mundaneum.<\/p>\n<p>Al\u00e9m de tecer outros exemplos, como a Biblioteca de Alexandria e bibliotecas inglesas, Burke considera que existiram tr\u00eas indiv\u00edduos que criaram o bibliotec\u00e1rio atual. O fil\u00f3sofo Gottfried Wihelm Leibniz, segundo o historiador ingl\u00eas, contribuiu n\u00e3o s\u00f3 com a filosofia, lingu\u00edstica comparativa e hist\u00f3ria, mas tamb\u00e9m foi muito habilidoso como bibliotec\u00e1rio, tendo organizado um cat\u00e1logo de uma biblioteca na \u00e9poca de uma guerra, que foi destru\u00eddo na mesma, atuado na organiza\u00e7\u00e3o da biblioteca de um duque e proposto novas categorias de assunto, como mec\u00e2nica e economia.<\/p>\n<p>J\u00e1 o segundo indiv\u00edduo apontado por Burke \u00e9 Anthony Panizzi, que ao dar aulas em uma universidade italiana acabou sendo contratado pela mesma como bibliotec\u00e1rio assistente e revolucionando a organiza\u00e7\u00e3o da informa\u00e7\u00e3o ao propor um sistema de cataloga\u00e7\u00e3o, por muitos considerado o primeiro estudo formal sobre o tema, que ficou conhecido como as 91 Regras de Panizzi.<\/p>\n<p>Por fim, Melvil Dewey foi o terceiro indiv\u00edduo comentado por Burke. Dewey passou pela educa\u00e7\u00e3o e ajudou a fundar a American Library Association (ALA), institui\u00e7\u00e3o que contribuiu e continua contribuindo para o reconhecimento da profiss\u00e3o de bibliotec\u00e1rio. Segundo Burke, seu fanatismo por efici\u00eancia fez com que aplicasse o taylorismo das f\u00e1bricas nas bibliotecas, o que o levou a sistematiza\u00e7\u00e3o do conhecimento em categorias, resultando na Classifica\u00e7\u00e3o Decimal de Dewey (CDD). Posteriormente, Otlet e La Fontaine, respons\u00e1veis pelo Mundaneum, expandiram seu trabalho, o que deu origem a Classifica\u00e7\u00e3o Decimal Universal (CDU), al\u00e9m de durante a 2\u00aa Guerra Mundial ter surgido o Memex, que organizou a informa\u00e7\u00e3o por associa\u00e7\u00e3o e foi criado por Vannevar Bush. Burke considera que o sonho tecnol\u00f3gico de Bush se realizou hoje, sobretudo ap\u00f3s a cria\u00e7\u00e3o da WWW por Tim Berners-Lee, e finalizou com a quest\u00e3o \u201cO que significa ser bibliotec\u00e1rio no s\u00e9culo XXI\u201d?<\/p>\n<p>Como se v\u00ea, as r\u00e1pidas e sucintas considera\u00e7\u00f5es de Burke mostram a din\u00e2mica da organiza\u00e7\u00e3o da informa\u00e7\u00e3o atrav\u00e9s dos tempos, isto \u00e9, ela procura acompanhar os desenvolvimentos de sua \u00e9poca, considerando tanto pr\u00e1ticas passadas como o olhar voltado para o futuro. Al\u00e9m disso, sua exposi\u00e7\u00e3o \u00e9 um convite para refletir sobre mais este momento que est\u00e1 se vivenciando e, novamente, rever as pr\u00e1ticas de organiza\u00e7\u00e3o da informa\u00e7\u00e3o vigentes para atender demandas que s\u00e3o criadas t\u00e3o rapidamente quanto s\u00e3o descartadas, o que torna essa revis\u00e3o um trabalho ainda mais desafiador.<\/p>\n","protected":false},"excerpt":{"rendered":"<p>A XVIII edi\u00e7\u00e3o do Semin\u00e1rio Nacional de Bibliotecas Universit\u00e1rias (SNBU), realizada em 2014 na cidade de Belho Horizonte (MG), teve in\u00edcio no dia 16\/11 com a realiza\u00e7\u00e3o de minicursos e eventos simult\u00e2neos que est\u00e3o dispon\u00edveis na programa\u00e7\u00e3o. A noite, um pouco depois das 20h00 teve in\u00edcio a abertura. Na mesa estiveram presentes Wellinton Mar\u00e7al de &#8230; <a title=\"SNBU 2014: dia 16\/11\/2014\" class=\"read-more\" href=\"https:\/\/mundobibliotecario.com.br\/index.php\/2014\/11\/16\/snbu-2014-dia-16112014\/\" aria-label=\"Read more about SNBU 2014: dia 16\/11\/2014\">Ler mais<\/a><\/p>\n","protected":false},"author":1,"featured_media":0,"comment_status":"open","ping_status":"open","sticky":false,"template":"","format":"standard","meta":{"_mi_skip_tracking":false,"_exactmetrics_sitenote_active":false,"_exactmetrics_sitenote_note":"","_exactmetrics_sitenote_category":0,"_jetpack_newsletter_access":"","footnotes":""},"categories":[27],"tags":[1193],"class_list":["post-3643","post","type-post","status-publish","format-standard","hentry","category-eventos","tag-snbu-2014"],"jetpack_featured_media_url":"","jetpack_sharing_enabled":true,"jetpack-related-posts":[{"id":5013,"url":"https:\/\/mundobibliotecario.com.br\/index.php\/2018\/10\/23\/anais-do-xx-seminario-nacional-de-bibliotecas-universitarias-snbu-2018\/","url_meta":{"origin":3643,"position":0},"title":"Anais do XX Semin\u00e1rio Nacional de Bibliotecas Universit\u00e1rias (SNBU 2018)","author":"mundobibliotecario","date":"23\/10\/2018","format":false,"excerpt":"Os anais do\u00a0Anais do XX Semin\u00e1rio Nacional de Bibliotecas Universit\u00e1rias (SNBU 2018) foram publicados e est\u00e3o dispon\u00edveis para download no Reposit\u00f3rio da UFBA:\u00a0https:\/\/repositorio.ufba.br\/ri\/handle\/ri\/27708. Veja abaixo o resumo da publica\u00e7\u00e3o: Em 2018, Salvador sediou o Semin\u00e1rio Nacional de Bibliotecas Universit\u00e1rias, o XX SNBU, organizado pelo Sistema Universit\u00e1rio de Bibliotecas da Universidade\u2026","rel":"","context":"Em &quot;Not\u00edcias&quot;","block_context":{"text":"Not\u00edcias","link":"https:\/\/mundobibliotecario.com.br\/index.php\/category\/noticias\/"},"img":{"alt_text":"","src":"","width":0,"height":0},"classes":[]},{"id":4353,"url":"https:\/\/mundobibliotecario.com.br\/index.php\/2016\/09\/20\/xixseminario-nacional-de-bibliotecas-universitarias\/","url_meta":{"origin":3643,"position":1},"title":"XIX Semin\u00e1rio Nacional de Bibliotecas Universit\u00e1rias","author":"mundobibliotecario","date":"20\/09\/2016","format":false,"excerpt":"XIX Semin\u00e1rio Nacional de Bibliotecas Universit\u00e1rias BIBLIOTECA UNIVERSIT\u00c1RIA COMO AGENTE DE SUSTENTABILIDADE INSTITUCIONAL O Sistema de Bibliotecas da Universidade Federal do Amazonas (UFAM) realizar\u00e1, em parceria com a Universidade do Estado do Amazonas (UEA) e com o Instituto Federal do Amazonas (IFAM), no per\u00edodo de 15 a 21 de outubro\u2026","rel":"","context":"Em &quot;Not\u00edcias&quot;","block_context":{"text":"Not\u00edcias","link":"https:\/\/mundobibliotecario.com.br\/index.php\/category\/noticias\/"},"img":{"alt_text":"XIX SNBU","src":"https:\/\/mundobibliotecario.files.wordpress.com\/2016\/09\/14423787_10210650812896680_312651280_o.jpg?w=350&h=200&crop=1","width":350,"height":200},"classes":[]},{"id":38,"url":"https:\/\/mundobibliotecario.com.br\/index.php\/2008\/08\/09\/xv-seminario-nacional-de-bibliotecas-universitarias\/","url_meta":{"origin":3643,"position":2},"title":"XV Semin\u00e1rio Nacional de Bibliotecas Universit\u00e1rias","author":"mundobibliotecario","date":"09\/08\/2008","format":false,"excerpt":"O XV Semin\u00e1rio Nacional de Bibliotecas Universit\u00e1rias (SNBU) ser\u00e1 realizado em S\u00e3o Paulo, de 10 a 14 de novembro. O evento ocorrer\u00e1 no Pal\u00e1cio de Conven\u00e7\u00f5es\u00a0do Anhembi, localizado \u00e0 Avenida Olavo Fontura, 1209 - S\u00e3o Paulo\/SP. A edi\u00e7\u00e3o de 2008 marca os 30 anos do evento, realizado desde 1978 em\u2026","rel":"","context":"Em &quot;Eventos&quot;","block_context":{"text":"Eventos","link":"https:\/\/mundobibliotecario.com.br\/index.php\/category\/eventos\/"},"img":{"alt_text":"","src":"","width":0,"height":0},"classes":[]},{"id":3654,"url":"https:\/\/mundobibliotecario.com.br\/index.php\/2014\/11\/23\/snbu-2014-dias-20112014-e-21112014\/","url_meta":{"origin":3643,"position":3},"title":"SNBU 2014: dias 20\/11\/2014 e 21\/11\/2014","author":"mundobibliotecario","date":"23\/11\/2014","format":false,"excerpt":"Sob o tema \"Bibliotecas universit\u00e1rias: intermedia\u00e7\u00e3o e produ\u00e7\u00e3o do conhecimento em tempos de conex\u00f5es digitais\" e eixo tem\u00e1tico \"Tecnologia\", o professor Murilo Bastos da Cunha (UnB) proferiu a confer\u00eancia do quarto dia do SNBU 2014, \"A biblioteca universit\u00e1ria e a gest\u00e3o de dados cient\u00edficos\". Inicialmente o conferencista apresentou o conceito\u2026","rel":"","context":"Em &quot;Eventos&quot;","block_context":{"text":"Eventos","link":"https:\/\/mundobibliotecario.com.br\/index.php\/category\/eventos\/"},"img":{"alt_text":"","src":"","width":0,"height":0},"classes":[]},{"id":4398,"url":"https:\/\/mundobibliotecario.com.br\/index.php\/2016\/11\/05\/snbu-2016-dia-181016\/","url_meta":{"origin":3643,"position":4},"title":"SNBU 2016 &#8211; Dia 18\/10\/16","author":"mundobibliotecario","date":"05\/11\/2016","format":false,"excerpt":"No terceiro dia do SNBU 2016, o bibliotec\u00e1rio Cristian Jos\u00e9 Oliveira Santos, da C\u00e2mara dos Deputados, proferiu pela manh\u00e3 a confer\u00eancia \"A Cultura Organizacional das Bibliotecas Universit\u00e1rias. Santos discorreu sobre aspectos diversos da cultura organizacional. Fundamentalmente, trata-se do \"jeito de fazer as coisas\". No contexto bibliotec\u00e1rio, destacou que a biblioteca\u2026","rel":"","context":"Em &quot;Eventos&quot;","block_context":{"text":"Eventos","link":"https:\/\/mundobibliotecario.com.br\/index.php\/category\/eventos\/"},"img":{"alt_text":"","src":"","width":0,"height":0},"classes":[]},{"id":4400,"url":"https:\/\/mundobibliotecario.com.br\/index.php\/2016\/11\/07\/snbu-2016-191016\/","url_meta":{"origin":3643,"position":5},"title":"SNBU 2016 &#8211; 19\/10\/16","author":"mundobibliotecario","date":"07\/11\/2016","format":false,"excerpt":"No quarto dia do SNBU 2016, no qual o evento foi encerrado e os dias seguintes foram dedicados apenas para visitas t\u00e9cnicas, ocorreu a confer\u00eancia \"Projetando o Futuro Tecnol\u00f3gico das Bibliotecas Universit\u00e1rias\", proferida por Christopher Timothy Holly, da EBSCO. Holly iniciou sua fala sobre o Cultural Community Solutions (CCS), um\u2026","rel":"","context":"Em &quot;Eventos&quot;","block_context":{"text":"Eventos","link":"https:\/\/mundobibliotecario.com.br\/index.php\/category\/eventos\/"},"img":{"alt_text":"","src":"","width":0,"height":0},"classes":[]}],"jetpack_likes_enabled":true,"jetpack_shortlink":"https:\/\/wp.me\/pcbzwa-WL","_links":{"self":[{"href":"https:\/\/mundobibliotecario.com.br\/index.php\/wp-json\/wp\/v2\/posts\/3643","targetHints":{"allow":["GET"]}}],"collection":[{"href":"https:\/\/mundobibliotecario.com.br\/index.php\/wp-json\/wp\/v2\/posts"}],"about":[{"href":"https:\/\/mundobibliotecario.com.br\/index.php\/wp-json\/wp\/v2\/types\/post"}],"author":[{"embeddable":true,"href":"https:\/\/mundobibliotecario.com.br\/index.php\/wp-json\/wp\/v2\/users\/1"}],"replies":[{"embeddable":true,"href":"https:\/\/mundobibliotecario.com.br\/index.php\/wp-json\/wp\/v2\/comments?post=3643"}],"version-history":[{"count":0,"href":"https:\/\/mundobibliotecario.com.br\/index.php\/wp-json\/wp\/v2\/posts\/3643\/revisions"}],"wp:attachment":[{"href":"https:\/\/mundobibliotecario.com.br\/index.php\/wp-json\/wp\/v2\/media?parent=3643"}],"wp:term":[{"taxonomy":"category","embeddable":true,"href":"https:\/\/mundobibliotecario.com.br\/index.php\/wp-json\/wp\/v2\/categories?post=3643"},{"taxonomy":"post_tag","embeddable":true,"href":"https:\/\/mundobibliotecario.com.br\/index.php\/wp-json\/wp\/v2\/tags?post=3643"}],"curies":[{"name":"wp","href":"https:\/\/api.w.org\/{rel}","templated":true}]}}