{"id":3645,"date":"2014-11-17T23:22:50","date_gmt":"2014-11-18T02:22:50","guid":{"rendered":"http:\/\/mundobibliotecario.wordpress.com\/?p=3645"},"modified":"2020-07-21T23:25:01","modified_gmt":"2020-07-22T02:25:01","slug":"snbu-2014-dia-17112014","status":"publish","type":"post","link":"https:\/\/mundobibliotecario.com.br\/index.php\/2014\/11\/17\/snbu-2014-dia-17112014\/","title":{"rendered":"SNBU 2014: dia 17\/11\/2014"},"content":{"rendered":"<p>O segundo dia do SNBU 2014 teve in\u00edcio com a\u00a0sess\u00e3o &#8220;Organiza\u00e7\u00e3o da informa\u00e7\u00e3o, pr\u00e1ticas colaborativas e redes de conhecimento: desafios \u00e0 atua\u00e7\u00e3o bibliotec\u00e1ria&#8221;, cujo eixo tem\u00e1tico foi &#8220;Organiza\u00e7\u00e3o e servi\u00e7os de informa\u00e7\u00e3o&#8221;. O professor Juan Carlos Fern\u00e1ndez Molina (Universidade de Granada) apresentou a confer\u00eancia &#8220;Contribui\u00e7\u00e3o da biblioteca universit\u00e1ria ao uso \u00e9tico e legal da informa\u00e7\u00e3o no meio acad\u00eamico&#8221;.<\/p>\n<p>O objetivo do professor foi mostrar a situa\u00e7\u00e3o do uso da informa\u00e7\u00e3o no meio universit\u00e1rio e verificar as habilidades de professores, alunos e bibliotec\u00e1rios sobre o tema, bem como destacar o papel da biblioteca universit\u00e1ria no meio. Iniciou sua fala explicando que tanto os professores como os aluno est\u00e3o envolvidos no cria\u00e7\u00e3o e uso de obras intelectuais, como imagens, artigos, dentre outros, ressaltando que o direito autoral independe de registro em qualquer \u00f3rg\u00e3o de propriedade intelectual. Esse direito carrega consigo os seguintes t\u00f3picos: reprodu\u00e7\u00e3o, distribui\u00e7\u00e3o, comunica\u00e7\u00e3o ao p\u00fablico, transforma\u00e7\u00e3o, paternidade e integridade. Destacam-se os itens comunica\u00e7\u00e3o, que atualmente, com a Internet,\u00a0ampliou-se, pois nesse meio o conte\u00fado \u00e9 intang\u00edvel, e a integridade, que evita a deforma\u00e7\u00e3o da obra original.\u00a0Dentre os direitos previstos na lei autoral brasileira, destacam-se o download (art. 29, I), upload (art. 29) e DRM (art. 107, III).<\/p>\n<p>No ambiente digital, Fern\u00e1ndez Molina destacou o alto uso de recursos informacionais licenciados, reposit\u00f3rios, crescimento do e-learning e movimento copyleft e &#8220;\u00e9tica hacker&#8221;. Em rela\u00e7\u00e3o \u00e0s licen\u00e7as, pontuou que os termos de uso de cada recurso s\u00e3o diferentes dependendo da licen\u00e7a, bem como lembrou que as disposi\u00e7\u00f5es da licen\u00e7a s\u00e3o impostas \u00e0 lei autoral, e que o texto geralmente \u00e9 desconhecido ou indispon\u00edvel, tanto para usu\u00e1rios como para bibliotec\u00e1rios. No que se refere aos reposit\u00f3rios, o pesquisador\u00a0comentou que os professores devem saber em que condi\u00e7\u00f5es podem arquivar seus artigos para evitar poss\u00edvel conflito com as editoras, al\u00e9m de expor que os alunos tamb\u00e9m devem saber sobre o arquivamento e suas implica\u00e7\u00f5es. Sobre o e-learning, Fern\u00e1ndez Molina exp\u00f4s que os professores devem saber quais obras podem usar e em quais situa\u00e7\u00f5es, j\u00e1 que os materiais &#8220;deixam&#8221; a sala de aula, enquanto que os alunos abusam da pr\u00e1tica de c\u00f3pia e devem conhecer as regras sem violar a lei autoral. No que tange ao copyleft, o professor citou iniciativas como GNU, Creative Commons, acesso aberto e &#8220;\u00e9tica hacker&#8221; (filosofia de um grupo de usu\u00e1rios da internet que considera o direito autoral obsoleto e que deve desaparecer).<\/p>\n<p>Foram feitas considera\u00e7\u00f5es sobre poss\u00edveis problemas \u00e9ticos, tais como o pl\u00e1gio, termo que n\u00e3o aparece na lei autoral e no C\u00f3digo Penal, embora haja um consenso de que da ilegalidade quando h\u00e1\u00a0c\u00f3pia substancial de conte\u00fado. Na academia, o pl\u00e1gio pode afetar tanto alunos, professores, editores, que devem ter cuidado em suas publica\u00e7\u00f5es para que n\u00e3o sofram puni\u00e7\u00f5es disciplinares. Neste contexto, existem recomenda\u00e7\u00f5es da <a href=\"http:\/\/www.ala.org\/acrl\/standards\/informationliteracycompetency\">ACRL<\/a> e <a href=\"http:\/\/oil.otago.ac.nz\/oil\/index\/ANZIIL-Standards.html\">ANZIIL<\/a>. Ap\u00f3s a demonstra\u00e7\u00e3o dos resultado de um estudo, Fern\u00e1ndez Molina mostrou que, em geral, alunos, professores e bibliotec\u00e1rios possuem pouco conhecimento sobre direito autoral, e destacou, conforme o <a href=\"http:\/\/crln.acrl.org\/content\/71\/6\/286.short\">Top trends in \u00a0academic libraries (2010)<\/a>, que uma das tend\u00eancias da biblioteca universit\u00e1ria \u00e9 orientar sobre o tema. Algumas universidades estrangeiras, como Columbia, Harvard, Duke e Kansas, possuem p\u00e1ginas pr\u00f3prias com informa\u00e7\u00f5es sobre direitos autorais, pl\u00e1gio e temas correlatos, e denominam essa\u00a0fun\u00e7\u00e7ao de copyright officer\/advisor e scholarly communication officer\/librarian. O fato \u00e9 que as bibliotecas brasileiras n\u00e3o possuem nenhum respaldo legal na lei autoral nacional, visto que n\u00e3o prev\u00ea limita\u00e7\u00f5es para bibliotecas e arquivos.<\/p>\n<p>O professor finalizou comentando, dentre outro t\u00f3picos, que o uso \u00e9tico da informa\u00e7\u00e3o no ambiente acad\u00eamico \u00e9 fundamental, destacou o baixo conhecimento do assunto pela comunidade e ressaltou o dever\u00a0das bibliotecas de oferecer orienta\u00e7\u00e3o. Finalizou expondo que exceto pa\u00edses anglo-sax\u00f5es, n\u00e3o se v\u00ea o o trabalho em direitos autorais\u00a0como sendo uma fun\u00e7\u00e3o bibliotec\u00e1ria, e para reverter esse quadro, \u00e9 necess\u00e1rio estar convicto desse papel e oferecer um plano de forma\u00e7\u00e3o.<\/p>\n<p>Na sequ\u00eancia, houve uma\u00a0mesa redonda intitulada &#8220;Organiza\u00e7\u00e3o da informa\u00e7\u00e3o e do conhecimento em contextos colaborativos e integrados em rede&#8221;. A primeira palestrante foi Mari\u00e2ngela Spotti Lopes Fujita (Unesp), que abordou a pol\u00edtica de indexa\u00e7\u00e3o. Apresentou, dentre outras quest\u00f5es iniciais, a import\u00e2ncia da pol\u00edtica para a recupera\u00e7\u00e3o de assunto, a falta de procedimentos sistematizados para a cataloga\u00e7\u00e3o de assunto e que no momento da convers\u00e3o retrospectiva os registros n\u00e3o s\u00e3o reindexados. Durante sua fala, apontou que a situa\u00e7\u00e3o atual apresenta alguns entraves, tais como o imobilismo normativo e a perda de relev\u00e2ncia das ferramentas documentais. Exp\u00f4s, tamb\u00e9m, que a indexa\u00e7\u00e3o na cataloga\u00e7\u00e3o poderia ajudar a diminuir problemas na cataloga\u00e7\u00e3o de assuntos, e explicou que a indexa\u00e7\u00e3o esbarra na linguagem, acesso \u00e0 linguagem e na pol\u00edtica de indexa\u00e7\u00e3o. Ao relacionar a indexa\u00e7\u00e3o com a recupera\u00e7\u00e3o da informa\u00e7\u00e3o, discorreu sobre a influ\u00eancia da pol\u00edtica em dois aspectos: especificidade e exaustividade, afirmando que tem como objetivos, dentre outros, oferecer\u00a0uniformidade e seguran\u00e7a, definir par\u00e2metros comuns e dar consist\u00eancia ao cat\u00e1logo. Simone Aparecida dos Santos (UFMG) foi a segunda palestrante e em sua fala, fez um retrospecto de mem\u00f3rias, fatos e estudos que marcaram o trabalho do catalogador e seus esfor\u00e7os para atender aos usu\u00e1rios. Por fim, Cristina Dotta Ortega (UFMG) apresentou a palestra &#8220;O trabalho do bibliotec\u00e1rio em rede: a coopera\u00e7\u00e3o em jogo&#8221;, na qual basicamente discorreu sobre o trabalho de conclus\u00e3o de curso de Diemy Lucimara de Souza, defendido em 2013 na ECI-UFMG. Abordando rapidamente os principais acontecimentos\u00a0hist\u00f3ricos da cataloga\u00e7\u00e3o, Ortega fez coment\u00e1rios sobre as obras e trabalhos de Naud\u00e9 (Manual de Biblioteca), Otlet e La Fontaine (repert\u00f3rio bibliogr\u00e1fico e Mundaneum), Panizzi, Jewett, Cutter, o surgimento do formato MARC em 1960 e do UNISIST em 1967, al\u00e9m de\u00a0apresentar servi\u00e7os\u00a0em rede como cataloga\u00e7\u00e3o cooperativa, COMUT, BVS, OCLC e Bibliodata.<\/p>\n<p>No per\u00edodo da tarde, tiveram in\u00edcios as sess\u00f5es orais e apresenta\u00e7\u00e3o dos p\u00f4steres, al\u00e9m da exposi\u00e7\u00e3o de produtos e servi\u00e7os das empresas participantes. Foi poss\u00edvel conferir uma apresenta\u00e7\u00e3o da IET, que \u00e9 uma editora e instituto de engenharia, na qual foi apresentada a IET eBooks, e tamb\u00e9m conhecer as plataformas LWW Oncology, Acland&#8217;s Atlas Human Anatomy e Lippincott Williams e Wilkins e-Books, ambas\u00a0representadas no\u00a0Brasil pela Elsevier.<\/p>\n<p>Foi poss\u00edvel assistir, ainda, os seguintes trabalhos:<\/p>\n<p>Pr\u00e1ticas de treinamento e portal de peri\u00f3dicos: um estudo sobre a Universidade Federal de Ouro Preto Angela Maria Raimundo, Jussara Santos Silva, Sione Galv\u00e3o Rodrigues \u2013 Universidade Federal de Ouro Preto (Ufop)<\/p>\n<p>Os impactos da mudan\u00e7a da Lei de Direitos Autorais brasileira no servi\u00e7o de refer\u00eancia Maria Cristina Szarota Barrios, Mariana Granado de Souza Queiroz \u2013 Minist\u00e9rio P\u00fablico do Estado de S\u00e3o Paulo (MP\/SP) \/ Universidade de S\u00e3o Paulo (USP)<\/p>\n<p>Este trabalho apontou a situa\u00e7\u00e3o atual da lei, que impede a realiza\u00e7\u00e3o de empr\u00e9stimo, c\u00f3pia de obras esgotadas, c\u00f3pia de cap\u00edtulos de livros que ainda est\u00e3o a venda, c\u00f3pia digital de obra de refer\u00eancia muito usada e deteriorada, e como o projeto de reforma da lei autoral brasileira pretende reverter esse cen\u00e1rio a partir da inclus\u00e3o de limita\u00e7\u00f5es e exce\u00e7\u00f5es para bibliotecas e arquivos.<\/p>\n<p>Bibliotecas universit\u00e1rias e m\u00eddias sociais: an\u00e1lise sobre o uso do Twitter pelas bibliotecas das universidades p\u00fablicas do Rio de Janeiro Soraia Santana Capello, Alberto Calil Junior \u2013 Universidade Federal do Estado do Rio de Janeiro (Unirio)<\/p>\n<p>Template de normaliza\u00e7\u00e3o em LaTex L\u00edvia Ferreira Coutinho Alonso, Larissa Carvalho Pinheiro, Jos\u00e9 Barbosa Gomes \u2013 Universidade Federal de Juiz de Fora (UFJF)<\/p>\n<p>O CRM no contexto das bibliotecas: proposta de implementa\u00e7\u00e3o na Biblioteca Central do Cefet\/RJ L\u00edvia da Fraga Lima, Rogerio Atem de Carvalho \u2013 Centro Federal de Educa\u00e7\u00e3o Tecnol\u00f3gica Celso Suckow da Fonseca (Cefet\/RJ)<\/p>\n<p>Por fim, no per\u00edodo da tarde, foi poss\u00edvel assistir o workshop de Suely de Brito Clemente Soares, da Content Mind, oferecido pela Elsevir e intitulado &#8220;Bibliotecas de hoje e do futuro&#8221;, no qual a palestrante abordou o panorama atual das bibliotecas e bibliotec\u00e1rios, &#8220;catequizados&#8221; para trabalhar em mundo impresso, frente ao mundo digital do qual hoje fazem parte e os desafios que devem ser superados para se adequar a essa nova realidade.<\/p>\n","protected":false},"excerpt":{"rendered":"<p>O segundo dia do SNBU 2014 teve in\u00edcio com a\u00a0sess\u00e3o &#8220;Organiza\u00e7\u00e3o da informa\u00e7\u00e3o, pr\u00e1ticas colaborativas e redes de conhecimento: desafios \u00e0 atua\u00e7\u00e3o bibliotec\u00e1ria&#8221;, cujo eixo tem\u00e1tico foi &#8220;Organiza\u00e7\u00e3o e servi\u00e7os de informa\u00e7\u00e3o&#8221;. O professor Juan Carlos Fern\u00e1ndez Molina (Universidade de Granada) apresentou a confer\u00eancia &#8220;Contribui\u00e7\u00e3o da biblioteca universit\u00e1ria ao uso \u00e9tico e legal da informa\u00e7\u00e3o &#8230; <a title=\"SNBU 2014: dia 17\/11\/2014\" class=\"read-more\" href=\"https:\/\/mundobibliotecario.com.br\/index.php\/2014\/11\/17\/snbu-2014-dia-17112014\/\" aria-label=\"Read more about SNBU 2014: dia 17\/11\/2014\">Ler mais<\/a><\/p>\n","protected":false},"author":1,"featured_media":0,"comment_status":"open","ping_status":"open","sticky":false,"template":"","format":"standard","meta":{"_mi_skip_tracking":false,"_exactmetrics_sitenote_active":false,"_exactmetrics_sitenote_note":"","_exactmetrics_sitenote_category":0,"_jetpack_newsletter_access":"","footnotes":""},"categories":[27],"tags":[1193],"class_list":["post-3645","post","type-post","status-publish","format-standard","hentry","category-eventos","tag-snbu-2014"],"jetpack_featured_media_url":"","jetpack_sharing_enabled":true,"jetpack-related-posts":[{"id":3643,"url":"https:\/\/mundobibliotecario.com.br\/index.php\/2014\/11\/16\/snbu-2014-dia-16112014\/","url_meta":{"origin":3645,"position":0},"title":"SNBU 2014: dia 16\/11\/2014","author":"mundobibliotecario","date":"16\/11\/2014","format":false,"excerpt":"A XVIII edi\u00e7\u00e3o do Semin\u00e1rio Nacional de Bibliotecas Universit\u00e1rias (SNBU), realizada em 2014 na cidade de Belho Horizonte (MG), teve in\u00edcio no dia 16\/11 com a realiza\u00e7\u00e3o de minicursos e eventos simult\u00e2neos que est\u00e3o dispon\u00edveis na programa\u00e7\u00e3o. A noite, um pouco depois das 20h00 teve in\u00edcio a abertura. Na mesa\u2026","rel":"","context":"Em &quot;Eventos&quot;","block_context":{"text":"Eventos","link":"https:\/\/mundobibliotecario.com.br\/index.php\/category\/eventos\/"},"img":{"alt_text":"","src":"","width":0,"height":0},"classes":[]},{"id":3654,"url":"https:\/\/mundobibliotecario.com.br\/index.php\/2014\/11\/23\/snbu-2014-dias-20112014-e-21112014\/","url_meta":{"origin":3645,"position":1},"title":"SNBU 2014: dias 20\/11\/2014 e 21\/11\/2014","author":"mundobibliotecario","date":"23\/11\/2014","format":false,"excerpt":"Sob o tema \"Bibliotecas universit\u00e1rias: intermedia\u00e7\u00e3o e produ\u00e7\u00e3o do conhecimento em tempos de conex\u00f5es digitais\" e eixo tem\u00e1tico \"Tecnologia\", o professor Murilo Bastos da Cunha (UnB) proferiu a confer\u00eancia do quarto dia do SNBU 2014, \"A biblioteca universit\u00e1ria e a gest\u00e3o de dados cient\u00edficos\". Inicialmente o conferencista apresentou o conceito\u2026","rel":"","context":"Em &quot;Eventos&quot;","block_context":{"text":"Eventos","link":"https:\/\/mundobibliotecario.com.br\/index.php\/category\/eventos\/"},"img":{"alt_text":"","src":"","width":0,"height":0},"classes":[]},{"id":5013,"url":"https:\/\/mundobibliotecario.com.br\/index.php\/2018\/10\/23\/anais-do-xx-seminario-nacional-de-bibliotecas-universitarias-snbu-2018\/","url_meta":{"origin":3645,"position":2},"title":"Anais do XX Semin\u00e1rio Nacional de Bibliotecas Universit\u00e1rias (SNBU 2018)","author":"mundobibliotecario","date":"23\/10\/2018","format":false,"excerpt":"Os anais do\u00a0Anais do XX Semin\u00e1rio Nacional de Bibliotecas Universit\u00e1rias (SNBU 2018) foram publicados e est\u00e3o dispon\u00edveis para download no Reposit\u00f3rio da UFBA:\u00a0https:\/\/repositorio.ufba.br\/ri\/handle\/ri\/27708. Veja abaixo o resumo da publica\u00e7\u00e3o: Em 2018, Salvador sediou o Semin\u00e1rio Nacional de Bibliotecas Universit\u00e1rias, o XX SNBU, organizado pelo Sistema Universit\u00e1rio de Bibliotecas da Universidade\u2026","rel":"","context":"Em &quot;Not\u00edcias&quot;","block_context":{"text":"Not\u00edcias","link":"https:\/\/mundobibliotecario.com.br\/index.php\/category\/noticias\/"},"img":{"alt_text":"","src":"","width":0,"height":0},"classes":[]},{"id":4398,"url":"https:\/\/mundobibliotecario.com.br\/index.php\/2016\/11\/05\/snbu-2016-dia-181016\/","url_meta":{"origin":3645,"position":3},"title":"SNBU 2016 &#8211; Dia 18\/10\/16","author":"mundobibliotecario","date":"05\/11\/2016","format":false,"excerpt":"No terceiro dia do SNBU 2016, o bibliotec\u00e1rio Cristian Jos\u00e9 Oliveira Santos, da C\u00e2mara dos Deputados, proferiu pela manh\u00e3 a confer\u00eancia \"A Cultura Organizacional das Bibliotecas Universit\u00e1rias. Santos discorreu sobre aspectos diversos da cultura organizacional. Fundamentalmente, trata-se do \"jeito de fazer as coisas\". No contexto bibliotec\u00e1rio, destacou que a biblioteca\u2026","rel":"","context":"Em &quot;Eventos&quot;","block_context":{"text":"Eventos","link":"https:\/\/mundobibliotecario.com.br\/index.php\/category\/eventos\/"},"img":{"alt_text":"","src":"","width":0,"height":0},"classes":[]},{"id":4381,"url":"https:\/\/mundobibliotecario.com.br\/index.php\/2016\/10\/26\/snbu-2016-dia-171016\/","url_meta":{"origin":3645,"position":4},"title":"SNBU 2016 &#8211; Dia 17\/10\/16","author":"mundobibliotecario","date":"26\/10\/2016","format":false,"excerpt":"No segundo dia do SNBU 2016, cujo eixo tem\u00e1tico foi \"Gest\u00e3o sustent\u00e1vel\", acompanhei a confer\u00eancia \"Gest\u00e3o da Biblioteca Universit\u00e1ria frente \u00e0s Demandas do Contexto Contempor\u00e2neo\", proferida por\u00a0Pedro Miguel Est\u00e1cio dos Santos, diretor da biblioteca de Letras da Universidade de Lisboa. Diferentemente do Brasil, as bibliotecas universit\u00e1rias portuguesas funcionam autonomamente, e\u2026","rel":"","context":"Em &quot;Eventos&quot;","block_context":{"text":"Eventos","link":"https:\/\/mundobibliotecario.com.br\/index.php\/category\/eventos\/"},"img":{"alt_text":"","src":"","width":0,"height":0},"classes":[]},{"id":4353,"url":"https:\/\/mundobibliotecario.com.br\/index.php\/2016\/09\/20\/xixseminario-nacional-de-bibliotecas-universitarias\/","url_meta":{"origin":3645,"position":5},"title":"XIX Semin\u00e1rio Nacional de Bibliotecas Universit\u00e1rias","author":"mundobibliotecario","date":"20\/09\/2016","format":false,"excerpt":"XIX Semin\u00e1rio Nacional de Bibliotecas Universit\u00e1rias BIBLIOTECA UNIVERSIT\u00c1RIA COMO AGENTE DE SUSTENTABILIDADE INSTITUCIONAL O Sistema de Bibliotecas da Universidade Federal do Amazonas (UFAM) realizar\u00e1, em parceria com a Universidade do Estado do Amazonas (UEA) e com o Instituto Federal do Amazonas (IFAM), no per\u00edodo de 15 a 21 de outubro\u2026","rel":"","context":"Em &quot;Not\u00edcias&quot;","block_context":{"text":"Not\u00edcias","link":"https:\/\/mundobibliotecario.com.br\/index.php\/category\/noticias\/"},"img":{"alt_text":"XIX SNBU","src":"https:\/\/mundobibliotecario.files.wordpress.com\/2016\/09\/14423787_10210650812896680_312651280_o.jpg?w=350&h=200&crop=1","width":350,"height":200},"classes":[]}],"jetpack_likes_enabled":true,"jetpack_shortlink":"https:\/\/wp.me\/pcbzwa-WN","_links":{"self":[{"href":"https:\/\/mundobibliotecario.com.br\/index.php\/wp-json\/wp\/v2\/posts\/3645","targetHints":{"allow":["GET"]}}],"collection":[{"href":"https:\/\/mundobibliotecario.com.br\/index.php\/wp-json\/wp\/v2\/posts"}],"about":[{"href":"https:\/\/mundobibliotecario.com.br\/index.php\/wp-json\/wp\/v2\/types\/post"}],"author":[{"embeddable":true,"href":"https:\/\/mundobibliotecario.com.br\/index.php\/wp-json\/wp\/v2\/users\/1"}],"replies":[{"embeddable":true,"href":"https:\/\/mundobibliotecario.com.br\/index.php\/wp-json\/wp\/v2\/comments?post=3645"}],"version-history":[{"count":2,"href":"https:\/\/mundobibliotecario.com.br\/index.php\/wp-json\/wp\/v2\/posts\/3645\/revisions"}],"predecessor-version":[{"id":6595,"href":"https:\/\/mundobibliotecario.com.br\/index.php\/wp-json\/wp\/v2\/posts\/3645\/revisions\/6595"}],"wp:attachment":[{"href":"https:\/\/mundobibliotecario.com.br\/index.php\/wp-json\/wp\/v2\/media?parent=3645"}],"wp:term":[{"taxonomy":"category","embeddable":true,"href":"https:\/\/mundobibliotecario.com.br\/index.php\/wp-json\/wp\/v2\/categories?post=3645"},{"taxonomy":"post_tag","embeddable":true,"href":"https:\/\/mundobibliotecario.com.br\/index.php\/wp-json\/wp\/v2\/tags?post=3645"}],"curies":[{"name":"wp","href":"https:\/\/api.w.org\/{rel}","templated":true}]}}