{"id":3667,"date":"2014-12-15T10:02:53","date_gmt":"2014-12-15T13:02:53","guid":{"rendered":"http:\/\/mundobibliotecario.wordpress.com\/?p=3667"},"modified":"2020-07-21T23:54:18","modified_gmt":"2020-07-22T02:54:18","slug":"webinar-gratuito-coaching-na-atuacao-do-profissional-da-informacao","status":"publish","type":"post","link":"https:\/\/mundobibliotecario.com.br\/index.php\/2014\/12\/15\/webinar-gratuito-coaching-na-atuacao-do-profissional-da-informacao\/","title":{"rendered":"Webinar gratuito &quot;Coaching na Atua\u00e7\u00e3o do Profissional da Informa\u00e7\u00e3o&quot;"},"content":{"rendered":"<p>Na Sociedade da Informa\u00e7\u00e3o e do Conhecimento, torna-se necess\u00e1rio um <em>novo olhar<\/em> sobre as formas de atua\u00e7\u00e3o do profissional da informa\u00e7\u00e3o. O profissional deve buscar conhecer tend\u00eancias e inova\u00e7\u00f5es que t\u00eam sido utilizadas em v\u00e1rios pa\u00edses. Nesse contexto, o coaching se apresenta como um subs\u00eddio eficaz e promissor de planejamento e aperfei\u00e7oamento individual e coletivo nas Unidades de informa\u00e7\u00e3o.<\/p>\n<p>Este webinar, realizado pela Elsevier em parceria com a <a href=\"http:\/\/www.contentmind.com.br\/\">Content Mind<\/a>, apresentar\u00e1 o coaching como possibilidade ao profissional da informa\u00e7\u00e3o.<\/p>\n<p><b>Palestrante<\/b><br \/>\n<img decoding=\"async\" src=\"http:\/\/www.tracto.com.br\/wp-content\/uploads\/2014\/12\/Adriana-Souza.jpg\" alt=\"\" width=\"120\" align=\"right\" \/>A Profa. MSc. Adriana Maria de Souza \u00e9 Mestre em Ci\u00eancia da Informa\u00e7\u00e3o pela ECA-USP. Possui gradua\u00e7\u00e3o em Biblioteconomia e Ci\u00eancia da Informa\u00e7\u00e3o e \u00e9 Especialista em Ger\u00eancia de Sistemas e Servi\u00e7os de Informa\u00e7\u00e3o pela Funda\u00e7\u00e3o Escola de Sociologia e Pol\u00edtica de S\u00e3o Paulo.<\/p>\n<p>Atua como docente no curso de Biblioteconomia e Ci\u00eancia da Informa\u00e7\u00e3o da Funda\u00e7\u00e3o Escola de Sociologia e Pol\u00edtica de S\u00e3o Paulo e Consultora em Unidades de Informa\u00e7\u00e3o.<\/p>\n<p>Possui experi\u00eancia na \u00e1rea de Biblioteconomia e Ci\u00eancia da Informa\u00e7\u00e3o, com \u00eanfase em Servi\u00e7os de Informa\u00e7\u00e3o, Capacita\u00e7\u00e3o e Educa\u00e7\u00e3o, atuando principalmente nos seguintes temas: Excel\u00eancia em atendimento ao cliente: padr\u00f5es e processos, Coaching, Tratamento da informa\u00e7\u00e3o.<\/p>\n<p><strong>Fa\u00e7a sua inscri\u00e7\u00e3o aqui!<\/strong><\/p>\n","protected":false},"excerpt":{"rendered":"<p>Na Sociedade da Informa\u00e7\u00e3o e do Conhecimento, torna-se necess\u00e1rio um novo olhar sobre as formas de atua\u00e7\u00e3o do profissional da informa\u00e7\u00e3o. O profissional deve buscar conhecer tend\u00eancias e inova\u00e7\u00f5es que t\u00eam sido utilizadas em v\u00e1rios pa\u00edses. Nesse contexto, o coaching se apresenta como um subs\u00eddio eficaz e promissor de planejamento e aperfei\u00e7oamento individual e coletivo &#8230; <a title=\"Webinar gratuito &quot;Coaching na Atua\u00e7\u00e3o do Profissional da Informa\u00e7\u00e3o&quot;\" class=\"read-more\" href=\"https:\/\/mundobibliotecario.com.br\/index.php\/2014\/12\/15\/webinar-gratuito-coaching-na-atuacao-do-profissional-da-informacao\/\" aria-label=\"Read more about Webinar gratuito &quot;Coaching na Atua\u00e7\u00e3o do Profissional da Informa\u00e7\u00e3o&quot;\">Ler mais<\/a><\/p>\n","protected":false},"author":1,"featured_media":0,"comment_status":"open","ping_status":"open","sticky":false,"template":"","format":"standard","meta":{"_mi_skip_tracking":false,"_exactmetrics_sitenote_active":false,"_exactmetrics_sitenote_note":"","_exactmetrics_sitenote_category":0,"_jetpack_newsletter_access":"","footnotes":""},"categories":[27],"tags":[1144,1031,1127],"class_list":["post-3667","post","type-post","status-publish","format-standard","hentry","category-eventos","tag-coaching","tag-profissional-da-informacao","tag-webinar"],"jetpack_featured_media_url":"","jetpack_sharing_enabled":true,"jetpack-related-posts":[{"id":4925,"url":"https:\/\/mundobibliotecario.com.br\/index.php\/2014\/12\/15\/webinar-gratuito-coaching-na-atuacao-do-profissional-da-informacao-2\/","url_meta":{"origin":3667,"position":0},"title":"Webinar gratuito &#8220;Coaching na Atua\u00e7\u00e3o do Profissional da Informa\u00e7\u00e3o&#8221;","author":"mundobibliotecario","date":"15\/12\/2014","format":false,"excerpt":"Na Sociedade da Informa\u00e7\u00e3o e do Conhecimento, torna-se necess\u00e1rio um novo olhar sobre as formas de atua\u00e7\u00e3o do profissional da informa\u00e7\u00e3o. O profissional deve buscar conhecer tend\u00eancias e inova\u00e7\u00f5es que t\u00eam sido utilizadas em v\u00e1rios pa\u00edses. Nesse contexto, o coaching se apresenta como um subs\u00eddio eficaz e promissor de planejamento\u2026","rel":"","context":"Em &quot;Eventos&quot;","block_context":{"text":"Eventos","link":"https:\/\/mundobibliotecario.com.br\/index.php\/category\/eventos\/"},"img":{"alt_text":"","src":"","width":0,"height":0},"classes":[]},{"id":3439,"url":"https:\/\/mundobibliotecario.com.br\/index.php\/2014\/03\/20\/webconferencia-gratuita-sobre-coaching-para-profissionais-da-informacao\/","url_meta":{"origin":3667,"position":1},"title":"Webconfer\u00eancia gratuita sobre &#8220;Coaching para profissionais da informa\u00e7\u00e3o&#8221;","author":"mundobibliotecario","date":"20\/03\/2014","format":false,"excerpt":"Divulgando a pedido da Content Mind. *** RETIFICA\u00c7\u00c3O:\u00a0Devido a problemas com equipamento da Profa. Adriana a webconfer\u00eancia foi adiada para pr\u00f3xima ter\u00e7a, dia 27\/3, \u00e0s 15h00. Voc\u00ea est\u00e1 convidado(a) a participar desta WebConfer\u00eancia gratuita oferecida pela Content Mind, a ser moderada pela Profa. Adriana M. Souza: Apresenta\u00e7\u00e3o do curso on-line\u2026","rel":"","context":"Em &quot;Eventos&quot;","block_context":{"text":"Eventos","link":"https:\/\/mundobibliotecario.com.br\/index.php\/category\/eventos\/"},"img":{"alt_text":"","src":"","width":0,"height":0},"classes":[]},{"id":4569,"url":"https:\/\/mundobibliotecario.com.br\/index.php\/2017\/08\/21\/cursos-on-line-eou-semipresenciais-in-company-para-autores-editores-cientificos-e-equipes-editoriais-bibliotecarios-e-demais-profissionais-da-informacao-concurseiros-eou-em-atividade-profissional\/","url_meta":{"origin":3667,"position":2},"title":"Cursos on-line e\/ou semipresenciais in-company para autores, editores cient\u00edficos e equipes editoriais, bibliotec\u00e1rios e demais profissionais da informa\u00e7\u00e3o, concurseiros e\/ou em atividade profissional","author":"mundobibliotecario","date":"21\/08\/2017","format":false,"excerpt":"01.\u00a0Herramientas de preservaci\u00f3n en DSpace: conversi\u00f3n a XML\u00a0-\u00a0\u00a0Joel Torres \u2013 30h\/30 dias -\u00a0C\u00f3mo facilitar los procesos de preservaci\u00f3n digital en DSpace a trav\u00e9s del uso de herramientas de conversi\u00f3n desde formatos tradicionales hacia el formato XML 02.\u00a0Convert2XML: herramienta de conversi\u00f3n a XML JATS integrada a OJS\u00a0- Araceli Olivo \u2013 30h\/30\u2026","rel":"","context":"Em &quot;Curso&quot;","block_context":{"text":"Curso","link":"https:\/\/mundobibliotecario.com.br\/index.php\/category\/curso\/"},"img":{"alt_text":"","src":"","width":0,"height":0},"classes":[]},{"id":3570,"url":"https:\/\/mundobibliotecario.com.br\/index.php\/2014\/09\/06\/bibliotecas-de-hoje-e-do-futuro-como-entender-e-vivenciar-a-atual-revolucao-informacional\/","url_meta":{"origin":3667,"position":3},"title":"Bibliotecas de Hoje e do Futuro: como entender e vivenciar a atual revolu\u00e7\u00e3o Informacional","author":"mundobibliotecario","date":"06\/09\/2014","format":false,"excerpt":"Webinar Elsevier Bibliotecas de Hoje e do Futuro: como entender e vivenciar a atual revolu\u00e7\u00e3o Informacional com Profa. MSc. Suely de Brito Clemente Soares Conte\u00fado A internet foi a revolu\u00e7\u00e3o que provocou mudan\u00e7as radicais no sistema informacional vertical vigente h\u00e1 s\u00e9culos, especialmente ap\u00f3s a globaliza\u00e7\u00e3o do uso cotidiano da web\u2026","rel":"","context":"Em &quot;Eventos&quot;","block_context":{"text":"Eventos","link":"https:\/\/mundobibliotecario.com.br\/index.php\/category\/eventos\/"},"img":{"alt_text":"","src":"","width":0,"height":0},"classes":[]},{"id":2045,"url":"https:\/\/mundobibliotecario.com.br\/index.php\/2011\/05\/24\/pet-em-biblioteconomia-e-ciencia-da-informacao-da-ufscar-promove-o-seminario-o-saber-profissional\/","url_meta":{"origin":3667,"position":4},"title":"PET em Biblioteconomia e Ci\u00eancia da Informa\u00e7\u00e3o da UFSCar promove o semin\u00e1rio &#8220;O Saber Profissional&#8221;","author":"mundobibliotecario","date":"24\/05\/2011","format":false,"excerpt":"O Programa de Educa\u00e7\u00e3o Tutorial em Biblioteconomia e Ci\u00eancia da Informa\u00e7\u00e3o (PET-BCI) da UFSCar realiza, no dia 3 de junho, o semin\u00e1rio \"O Saber Profissional\". O objetivo da atividade \u00e9 conhecer os trabalhos desenvolvidos por ex-alunos do Curso de Biblioteconomia e Ci\u00eancia da Informa\u00e7\u00e3o da UFSCar em diferentes segmentos de\u2026","rel":"","context":"Em &quot;Eventos&quot;","block_context":{"text":"Eventos","link":"https:\/\/mundobibliotecario.com.br\/index.php\/category\/eventos\/"},"img":{"alt_text":"","src":"","width":0,"height":0},"classes":[]},{"id":4879,"url":"https:\/\/mundobibliotecario.com.br\/index.php\/2011\/05\/24\/pet-em-biblioteconomia-e-ciencia-da-informacao-da-ufscar-promove-o-seminario-o-saber-profissional-2\/","url_meta":{"origin":3667,"position":5},"title":"PET em Biblioteconomia e Ci\u00eancia da Informa\u00e7\u00e3o da UFSCar promove o semin\u00e1rio &quot;O Saber Profissional&quot;","author":"mundobibliotecario","date":"24\/05\/2011","format":false,"excerpt":"O Programa de Educa\u00e7\u00e3o Tutorial em Biblioteconomia e Ci\u00eancia da Informa\u00e7\u00e3o (PET-BCI) da UFSCar realiza, no dia 3 de junho, o semin\u00e1rio \"O Saber Profissional\". O objetivo da atividade \u00e9 conhecer os trabalhos desenvolvidos por ex-alunos do Curso de Biblioteconomia e Ci\u00eancia da Informa\u00e7\u00e3o da UFSCar em diferentes segmentos de\u2026","rel":"","context":"Em &quot;Eventos&quot;","block_context":{"text":"Eventos","link":"https:\/\/mundobibliotecario.com.br\/index.php\/category\/eventos\/"},"img":{"alt_text":"","src":"","width":0,"height":0},"classes":[]}],"jetpack_likes_enabled":true,"jetpack_shortlink":"https:\/\/wp.me\/pcbzwa-X9","_links":{"self":[{"href":"https:\/\/mundobibliotecario.com.br\/index.php\/wp-json\/wp\/v2\/posts\/3667","targetHints":{"allow":["GET"]}}],"collection":[{"href":"https:\/\/mundobibliotecario.com.br\/index.php\/wp-json\/wp\/v2\/posts"}],"about":[{"href":"https:\/\/mundobibliotecario.com.br\/index.php\/wp-json\/wp\/v2\/types\/post"}],"author":[{"embeddable":true,"href":"https:\/\/mundobibliotecario.com.br\/index.php\/wp-json\/wp\/v2\/users\/1"}],"replies":[{"embeddable":true,"href":"https:\/\/mundobibliotecario.com.br\/index.php\/wp-json\/wp\/v2\/comments?post=3667"}],"version-history":[{"count":1,"href":"https:\/\/mundobibliotecario.com.br\/index.php\/wp-json\/wp\/v2\/posts\/3667\/revisions"}],"predecessor-version":[{"id":7166,"href":"https:\/\/mundobibliotecario.com.br\/index.php\/wp-json\/wp\/v2\/posts\/3667\/revisions\/7166"}],"wp:attachment":[{"href":"https:\/\/mundobibliotecario.com.br\/index.php\/wp-json\/wp\/v2\/media?parent=3667"}],"wp:term":[{"taxonomy":"category","embeddable":true,"href":"https:\/\/mundobibliotecario.com.br\/index.php\/wp-json\/wp\/v2\/categories?post=3667"},{"taxonomy":"post_tag","embeddable":true,"href":"https:\/\/mundobibliotecario.com.br\/index.php\/wp-json\/wp\/v2\/tags?post=3667"}],"curies":[{"name":"wp","href":"https:\/\/api.w.org\/{rel}","templated":true}]}}