{"id":3691,"date":"2015-03-02T23:47:33","date_gmt":"2015-03-03T02:47:33","guid":{"rendered":"https:\/\/mundobibliotecario.wordpress.com\/?p=3691"},"modified":"2015-03-02T23:47:33","modified_gmt":"2015-03-03T02:47:33","slug":"sbpc-envia-carta-ao-mec-sobre-o-risco-de-descontinuidade-do-portal-de-periodicos-da-capes","status":"publish","type":"post","link":"https:\/\/mundobibliotecario.com.br\/index.php\/2015\/03\/02\/sbpc-envia-carta-ao-mec-sobre-o-risco-de-descontinuidade-do-portal-de-periodicos-da-capes\/","title":{"rendered":"SBPC envia carta ao MEC sobre o risco de descontinuidade do Portal de Peri\u00f3dicos da Capes"},"content":{"rendered":"<p><em>Com o poss\u00edvel corte de verbas \u00e9 eminente o risco \u00e0 manuten\u00e7\u00e3o e atualiza\u00e7\u00e3o desse importante instrumento de acesso \u00e0 ci\u00eancia brasileira e mundial<\/em><\/p>\n<p>Abaixo, o documento na \u00edntegra:<\/p>\n<p>S\u00e3o Paulo, 24 de fevereiro de 2015<br \/>\nSBPC \u2013 28\/Dir.<\/p>\n<p>Excelent\u00edssimo Senhor<br \/>\nMinistro CID GOMES<br \/>\nMinist\u00e9rio da Educa\u00e7\u00e3o \u2013 MEC<br \/>\nBras\u00edlia, DF.<\/p>\n<p>Senhor Ministro,<\/p>\n<p>A Sociedade Brasileira para o Progresso da Ci\u00eancia (SBPC), o F\u00f3rum de Pr\u00f3-Reitores de P\u00f3s-Gradua\u00e7\u00e3o e Pesquisa (FOPROP) e as Sociedades Cient\u00edficas associadas \u00e0 SBPC v\u00eam a vossa presen\u00e7a externar, em nome da comunidade acad\u00eamico-cient\u00edfica do pa\u00eds, preocupa\u00e7\u00e3o com o risco de descontinuidade da manuten\u00e7\u00e3o e atualiza\u00e7\u00e3o do Portal de Peri\u00f3dicos da Capes (Coordena\u00e7\u00e3o de Aperfei\u00e7oamento de Pessoal de N\u00edvel Superior), para todos os envolvidos com educa\u00e7\u00e3o, ci\u00eancia, tecnologia e inova\u00e7\u00e3o no Brasil. Esse risco, que j\u00e1 nos amea\u00e7ou em passado recente, trata agora do corte da verba destinada \u00e0 manuten\u00e7\u00e3o e atualiza\u00e7\u00e3o desse importante instrumento de acesso \u00e0 ci\u00eancia brasileira e mundial, como consequ\u00eancia dos cortes j\u00e1 efetuados pelo Governo no \u00e2mbito das medidas de ajuste fiscal.<\/p>\n<p>O Portal da Capes \u00e9 uma biblioteca <em>on line<\/em> que disponibiliza o seu acervo (36.000 revistas cient\u00edficas com milhares de artigos atualizados diariamente; 110 bases de dados internacionais, todas as patentes do mundo e centenas de livros) a todas as universidades p\u00fablicas, centros de pesquisa e outras institui\u00e7\u00f5es de ensino e pesquisa de todas as regi\u00f5es do pa\u00eds, tendo sido respons\u00e1vel por equalizar o acesso \u00e0 informa\u00e7\u00e3o entre todos os estados brasileiros, antes impossibilitado a tais institui\u00e7\u00f5es pela aus\u00eancia de bibliotecas f\u00edsicas qualificadas ent\u00e3o inexistentes em todo o pa\u00eds. O acervo do Portal Capes abrange todas as \u00e1reas do conhecimento, das ci\u00eancias humanas e sociais \u00e0s biol\u00f3gicas e da sa\u00fade, exatas e tecnol\u00f3gicas. Vale destacar que custaria ao Minist\u00e9rio da Educa\u00e7\u00e3o um volume de recursos dezenas de vezes maior que o investido no Portal Capes para manter modestas bibliotecas presenciais, em papel, nas suas pr\u00f3prias universidades.<\/p>\n<p>Vossa Excel\u00eancia certamente reconhece a complexidade e as dificuldades de nosso sistema educacional e acad\u00eamico, e com certeza conhece o papel que o Portal da Capes desempenha na nossa sociedade como ferramenta de aux\u00edlio permanente ao avan\u00e7o da Ci\u00eancia brasileira. \u00c9 um instrumento sem igual de democratiza\u00e7\u00e3o do conhecimento cient\u00edfico em nosso Pa\u00eds.<\/p>\n<p>Assim, solicitamos sua aten\u00e7\u00e3o para essa quest\u00e3o e contamos com seu apoio para que ela seja bem resolvida e que o Portal da Capes possa continuar servindo de maneira excepcionalmente importante nossa comunidade acad\u00eamico-cient\u00edfica.<\/p>\n<p>Na certeza de contar com sua compreens\u00e3o e apoio, subscrevemo-nos renovando nossos protestos de estima e considera\u00e7\u00e3o.<\/p>\n<p>Cordialmente,<\/p>\n<p>HELENA BONCIANI NADER<\/p>\n<p>Presidente da SBPC<\/p>\n<p><strong>Entidades que assinam conjuntamente \/ Presidentes<\/strong><\/p>\n<p>F\u00f3rum de Pr\u00f3-Reitores de P\u00f3s-Gradua\u00e7\u00e3o e Pesquisa (FOPROP), Isac Almeida de Medeiros<\/p>\n<p>Associa\u00e7\u00e3o Brasileira de Antropologia (ABA), Antonio Carlos de Souza Lima<\/p>\n<p>Associa\u00e7\u00e3o Brasileira de Biologia Marinha (ABBM), Elisabete Barbarino<\/p>\n<p>Associa\u00e7\u00e3o Brasileira de Ci\u00eancia Pol\u00edtica (ABCP), Leonardo Avritzer<\/p>\n<p>Associa\u00e7\u00e3o Brasileira de Ci\u00eancias Farmac\u00eauticas (ABCF), Jo\u00e3o Carlos Palazzo de Mello<\/p>\n<p>Associa\u00e7\u00e3o Brasileira de Cristalografia (ABCr), Marcia Carvalho de Abreu Fantini<\/p>\n<p>Associa\u00e7\u00e3o Brasileira de Educa\u00e7\u00e3o a Dist\u00e2ncia (ABED), Fredric Michael Litto<\/p>\n<p>Associa\u00e7\u00e3o Brasileira de Eletr\u00f4nica de Pot\u00eancia (SOBRAEP), Henrique Braga<\/p>\n<p>Associa\u00e7\u00e3o Brasileira de Engenharia de Produ\u00e7\u00e3o (ABEPRO), Milton Vieira Junior<\/p>\n<p>Associa\u00e7\u00e3o Brasileira de Ensino Odontol\u00f3gico (ABENO), Maria Celeste Morita<\/p>\n<p>Associa\u00e7\u00e3o Brasileira de Estat\u00edstica (ABE), Vera Lucia Damasceno Tomazella<\/p>\n<p>Associa\u00e7\u00e3o Brasileira de Estudos Populacionais (ABEP), Cassio Maldonado Turra<\/p>\n<p>Associa\u00e7\u00e3o Bras. de Estudos Sociais das Ci\u00eancias e das Tec. (ESOCITE.BR), Ivan da Costa Marques<\/p>\n<p>Associa\u00e7\u00e3o Brasileira de Limnologia (ABLimno), Jos\u00e9 Luiz Attayde<\/p>\n<p>Associa\u00e7\u00e3o Brasileira de Pesquisa em Educa\u00e7\u00e3o em Ci\u00eancias (ABRAPEC), Sandra Escovedo Selles<\/p>\n<p>Associa\u00e7\u00e3o Brasileira de Pesquisadores em Jornalismo (SBPJOR), Claudia Lago<\/p>\n<p>Associa\u00e7\u00e3o Brasileira de Psicologia e Medicina Comportamental (ABPMC), Denis Zamignani<\/p>\n<p>Associa\u00e7\u00e3o Brasileira de Sa\u00fade Coletiva (ABRASCO), Lu\u00eds Eug\u00eanio Portela Fernandes de Souza<\/p>\n<p>Associa\u00e7\u00e3o Brasileira para Pesquisa em Vis\u00e3o e Oftalmologia (BRAVO), D\u00e2nia Emi Hamassaki<\/p>\n<p>Associa\u00e7\u00e3o Nacional de Hist\u00f3ria (ANPUH-Brasil), Rodrigo Patto S\u00e1 Motta<\/p>\n<p>Associa\u00e7\u00e3o Nac. de Pesquisa em Ci\u00eancia da Informa\u00e7\u00e3o (ANCIB), Renata Maria Abrantes Baracho<\/p>\n<p>Associa\u00e7\u00e3o Nacional de Pesquisa e P\u00f3s-Gradua\u00e7\u00e3o em Psicologia (ANPEPP), Jesus L. Fernadez<\/p>\n<p>Associa\u00e7\u00e3o Nacional de Pol\u00edticas e Administra\u00e7\u00e3o da Educa\u00e7\u00e3o (ANPAE), M\u00e1rcia \u00c2ngela Aguiar<\/p>\n<p>Associa\u00e7\u00e3o Nac. de P\u00f3s Gradua\u00e7\u00e3o e Pesquisa em Ci\u00eancias Sociais (ANPOCS), Jos\u00e9 R. Ramalho<\/p>\n<p>Associa\u00e7\u00e3o Nac. de Programas de P\u00f3s-Gradua\u00e7\u00e3o em Comunica\u00e7\u00e3o (Comp\u00f3s), Eduardo Morettin<\/p>\n<p>Associa\u00e7\u00e3o Nacional de Tecnologia do Ambiente Constru\u00eddo (ANTAC), \u00a0Regian C. Ruschel<\/p>\n<p>Federa\u00e7\u00e3o de Sociedades de Biologia Experimental (FeSBE), D\u00e2nia Emi Hamassaki<\/p>\n<p>Sociedade Brasileira da Ci\u00eancia das Plantas Daninhas (SBCPD), Pedro Jacob Christoffoleti<\/p>\n<p>Sociedade Brasileira de Anatomia (SBA), Richard Halti Cabral<\/p>\n<p>Sociedade Brasileira de Autom\u00e1tica (SBA), Marco Henrique Terra<\/p>\n<p>Sociedade Brasileira de Biof\u00edsica (SBBF), Christopher Kushmerick<\/p>\n<p>Sociedade Brasileira de Bioqu\u00edmica e Biologia Molecular (SBBq), Jerson Lima da Silva<\/p>\n<p>Sociedade Brasileira de Ci\u00eancia de Animais de Laborat\u00f3rio (SBCAL), Luisa Macedo Braga<\/p>\n<p>Sociedade Bras. de Ci\u00eancia e Tecnologia de Alimentos (SBCTA), Suzana Caetano da Silva Lannes<\/p>\n<p>Sociedade Brasileira de Eletromagnetismo (SBMag), Luiz Lebensztajn<\/p>\n<p>Sociedade Brasileira de Enfermagem (ABEn), Angela Maria Alvarez<\/p>\n<p>Sociedade Brasileira de Engenharia Biom\u00e9dica (SBEB), Milton Vieira Junior<\/p>\n<p>Sociedade Brasileira de Estudos Cl\u00e1ssicos (SBEC), F\u00e1bio Faversani<\/p>\n<p>Sociedade Bras. de Estudos Interdisciplinares da Com. (Intercom), Marialva Carlos Barbosa<\/p>\n<p>Sociedade Brasileira de Farmacognosia (SBFgnosia), Laila Salmen Espindola Darvenne<\/p>\n<p>Sociedade Bras. de Farmacologia e Terap\u00eautica Experimental (SBFTE), Maria Christina W. Avellar<\/p>\n<p>Sociedade brasileira de Ficologia (SBF), Paulo Antunes Horta<\/p>\n<p>Sociedade Brasileira de F\u00edsica (SBF), Ricardo Magnus Os\u00f3rio Galv\u00e3o<\/p>\n<p>Sociedade Brasileira de Fisiologia (SBFis), Vagner Antunes<\/p>\n<p>Sociedade Brasileira de Fisiologia Vegetal (SBFV), Gustavo Habermann<\/p>\n<p>Sociedade Brasileira de Gen\u00e9tica (SBG), Fabricio R. Santos<\/p>\n<p>Sociedade Brasileira de Hist\u00f3ria da Educa\u00e7\u00e3o (SBHE), Jos\u00e9 Gon\u00e7alves Gondra<\/p>\n<p>Sociedade Brasileira de Ictiologia (SBI), Oscar A. Shibatta<\/p>\n<p>Sociedade Brasileira de Imunologia (SBI), Jo\u00e3o Paulo de Biaso Viola<\/p>\n<p>Sociedade Bras. de Matem\u00e1tica Aplicada e Computacional (SBMAC), Ant\u00f4nio Jos\u00e9 da Silva Neto<\/p>\n<p>Sociedade Brasileira de Medicina Tropical (SBMT), Mitermayer G. Reis<\/p>\n<p>Sociedade Brasileira de Melhoramento de Plantas (SBMP), Edward Madureira Brasil<\/p>\n<p>Sociedade Brasileira de Metrologia (SBM), Jo\u00e3o Carlos Guimar\u00e3es Lerch<\/p>\n<p>Sociedade Brasileira de Microbiologia (SBM), Marina Baquerizo<\/p>\n<p>Sociedade Brasileira de Microscopia e Microan\u00e1lise (SBMM), Andr\u00e9 L. Pinto<\/p>\n<p>Sociedade Brasileira de Neuroci\u00eancias e Comportamento (SBNeC), Ricardo Nunes<\/p>\n<p>Sociedade Brasileira de Ornitologia (SBO), Miguel \u00c2ngelo Marini<\/p>\n<p>Sociedade Brasileira de Ortopedia e Traumatologia (SBOT), Marco Antonio Percope<\/p>\n<p>Sociedade Brasileira de Paleontologia (SBP), Max Cardoso Langer<\/p>\n<p>Sociedade Brasileira de Parasitologia (SBP), Alejandro Luquetti Ostermayer<\/p>\n<p>Sociedade Brasileira de Pesquisa Operacional (SOBRAPO), Silvio Hamacher<\/p>\n<p>Sociedade Brasileira de Plantas Medicinais (SBPM), Antonio Jos\u00e9 Lapa<\/p>\n<p>Sociedade Brasileira de Protozoologia (SBPz), Santuza Maria Ribeiro Teixeira<\/p>\n<p>Sociedade Brasileira de Qu\u00edmica (SBQ), Adriano D. Andricopulo<\/p>\n<p>Sociedade Brasileira de Recursos Gen\u00e9ticos (SBRG), Marcos Aparecido Gimenes<\/p>\n<p>Sociedade Brasileira de Sociologia (SBS), Soraya Vargas Cortes<\/p>\n<p>Sociedade Brasileira de Tecnologia de Embri\u00f5es (SBTE), Margot Alves Nunes Dode<\/p>\n<p>Sociedade Brasileira de Telecomunica\u00e7\u00f5es (SBrT), Paulo Cardieri<\/p>\n<p>Sociedade Brasileira de Toxinologia (SBTx), Denise V. Tambourgi<\/p>\n<p>Sociedade Brasileira de Virologia (SBV), Bergmann M Ribeiro<\/p>\n<p>Sociedade Brasileira de Zoologia (SBZ), Rosana M Rocha<\/p>\n<p>Soc. Bras. dos Espec. em Res\u00edduos das Prod. Agropecu\u00e1ria e Agroindustrial (Sbera), Julio Palhares<\/p>\n<p>Sociedade Cientifica de Estudos da Arte (CESA), Dilma de Melo Silva<\/p>\n<p>Sociedade Entomol\u00f3gica do Brasil (SEB), Pedro J. Neves<\/p>\n<p>Dispon\u00edvel em: &lt;<a href=\"http:\/\/www.jornaldaciencia.org.br\/edicoes\/?url=http:\/\/jcnoticias.jornaldaciencia.org.br\/2-sbpc-envia-carta-ao-mec-sobre-o-risco-de-descontinuidade-portal-de-periodicos-da-capes\/\">http:\/\/www.jornaldaciencia.org.br\/edicoes\/?url=http:\/\/jcnoticias.jornaldaciencia.org.br\/2-sbpc-envia-carta-ao-mec-sobre-o-risco-de-descontinuidade-portal-de-periodicos-da-capes\/<\/a>&gt;. Acesso em: 2 mar. 2015.<\/p>\n<p><a href=\"http:\/\/www.jornaldaciencia.org.br\/edicoes\/?url=http:\/\/jcnoticias.jornaldaciencia.org.br\/2-sbpc-envia-carta-ao-mec-sobre-o-risco-de-descontinuidade-portal-de-periodicos-da-capes\/\">Dispon\u00edvel em<\/a><\/p>\n","protected":false},"excerpt":{"rendered":"<p>Com o poss\u00edvel corte de verbas \u00e9 eminente o risco \u00e0 manuten\u00e7\u00e3o e atualiza\u00e7\u00e3o desse importante instrumento de acesso \u00e0 ci\u00eancia brasileira e mundial Abaixo, o documento na \u00edntegra: S\u00e3o Paulo, 24 de fevereiro de 2015 SBPC \u2013 28\/Dir. Excelent\u00edssimo Senhor Ministro CID GOMES Minist\u00e9rio da Educa\u00e7\u00e3o \u2013 MEC Bras\u00edlia, DF. Senhor Ministro, A Sociedade &#8230; <a title=\"SBPC envia carta ao MEC sobre o risco de descontinuidade do Portal de Peri\u00f3dicos da Capes\" class=\"read-more\" href=\"https:\/\/mundobibliotecario.com.br\/index.php\/2015\/03\/02\/sbpc-envia-carta-ao-mec-sobre-o-risco-de-descontinuidade-do-portal-de-periodicos-da-capes\/\" aria-label=\"Read more about SBPC envia carta ao MEC sobre o risco de descontinuidade do Portal de Peri\u00f3dicos da Capes\">Ler mais<\/a><\/p>\n","protected":false},"author":1,"featured_media":0,"comment_status":"open","ping_status":"open","sticky":false,"template":"","format":"standard","meta":{"_mi_skip_tracking":false,"_exactmetrics_sitenote_active":false,"_exactmetrics_sitenote_note":"","_exactmetrics_sitenote_category":0,"_jetpack_newsletter_access":"","footnotes":""},"categories":[60],"tags":[166],"class_list":["post-3691","post","type-post","status-publish","format-standard","hentry","category-noticias","tag-portal-capes"],"jetpack_featured_media_url":"","jetpack_sharing_enabled":false,"jetpack-related-posts":[{"id":1595,"url":"https:\/\/mundobibliotecario.com.br\/index.php\/2010\/12\/03\/portal-de-periodicos-premia-projetos-em-ciencia-da-informacao-e-administracao-e-gestao\/","url_meta":{"origin":3691,"position":0},"title":"Portal de Peri\u00f3dicos premia projetos em Ci\u00eancia da Informa\u00e7\u00e3o e Administra\u00e7\u00e3o e Gest\u00e3o","author":"mundobibliotecario","date":"03\/12\/2010","format":false,"excerpt":"Foi lan\u00e7ada nesta semana, mais uma edi\u00e7\u00e3o do Pr\u00eamio Emerald\/Capes. A iniciativa pretende estimular o acesso e o uso do Portal de Peri\u00f3dicos e promover a pesquisa nas \u00e1reas de Ci\u00eancia da Informa\u00e7\u00e3o e Administra\u00e7\u00e3o e Gest\u00e3o, com premia\u00e7\u00f5es no valor de R$ 5.295,00 por categoria. As inscri\u00e7\u00f5es v\u00e3o at\u00e9\u2026","rel":"","context":"Em &quot;Not\u00edcias&quot;","block_context":{"text":"Not\u00edcias","link":"https:\/\/mundobibliotecario.com.br\/index.php\/category\/noticias\/"},"img":{"alt_text":"","src":"","width":0,"height":0},"classes":[]},{"id":251,"url":"https:\/\/mundobibliotecario.com.br\/index.php\/2009\/01\/01\/representantes-de-instituicoes-de-ensino-e-pesquisa-iniciam-testes-do-novo-portal-de-periodicos\/","url_meta":{"origin":3691,"position":1},"title":"Representantes de institui\u00e7\u00f5es de ensino e pesquisa iniciam testes do Novo Portal de Peri\u00f3dicos","author":"mundobibliotecario","date":"01\/01\/2009","format":false,"excerpt":"Capes pretende lan\u00e7ar um Novo Portal de Peri\u00f3dicos, capaz de potencializar o acesso e o uso das informa\u00e7\u00f5es cient\u00edficas j\u00e1 dispon\u00edveis Representantes de doze institui\u00e7\u00f5es de ensino e pesquisa, al\u00e9m de duas bibliotec\u00e1rias da equipe de help desk do Portal de Peri\u00f3dicos, participaram, no dia 9 de dezembro, de uma\u2026","rel":"","context":"Em &quot;Not\u00edcias&quot;","block_context":{"text":"Not\u00edcias","link":"https:\/\/mundobibliotecario.com.br\/index.php\/category\/noticias\/"},"img":{"alt_text":"","src":"","width":0,"height":0},"classes":[]},{"id":3635,"url":"https:\/\/mundobibliotecario.com.br\/index.php\/2014\/11\/11\/comissao-rejeita-obrigacao-de-universidades-manterem-sites-com-producao-cientifica\/","url_meta":{"origin":3691,"position":2},"title":"Comiss\u00e3o rejeita obriga\u00e7\u00e3o de universidades manterem sites com produ\u00e7\u00e3o cient\u00edfica","author":"mundobibliotecario","date":"11\/11\/2014","format":false,"excerpt":"Margarida Salom\u00e3o lembrou que j\u00e1 existem bancos de dados de acesso p\u00fablico com teses e disserta\u00e7\u00f5es. A Comiss\u00e3o de Ci\u00eancia e Tecnologia, Comunica\u00e7\u00e3o e Inform\u00e1tica rejeitou nesta quarta-feira (5) proposta que obriga as institui\u00e7\u00f5es federais de educa\u00e7\u00e3o superior e de pesquisa a disponibilizar, em formado digital e em site pr\u00f3prio,\u2026","rel":"","context":"Em &quot;Not\u00edcias&quot;","block_context":{"text":"Not\u00edcias","link":"https:\/\/mundobibliotecario.com.br\/index.php\/category\/noticias\/"},"img":{"alt_text":"","src":"","width":0,"height":0},"classes":[]},{"id":275,"url":"https:\/\/mundobibliotecario.com.br\/index.php\/2009\/01\/12\/capes-divulga-premios-cientificos-nas-areas-de-administracao-gestao-e-ciencia-da-informacao\/","url_meta":{"origin":3691,"position":3},"title":"Capes divulga pr\u00eamios cient\u00edficos nas \u00e1reas de Administra\u00e7\u00e3o, Gest\u00e3o e Ci\u00eancia da Informa\u00e7\u00e3o","author":"mundobibliotecario","date":"12\/01\/2009","format":false,"excerpt":"As inscri\u00e7\u00f5es para os pr\u00eamios cient\u00edficos destinados a pesquisadores nas \u00e1reas de administra\u00e7\u00e3o e gest\u00e3o e ci\u00eancia da informa\u00e7\u00e3o est\u00e3o abertas at\u00e9 o dia 1\u00b0 de maio de 2009 no site www.capes.gov.br. Os pr\u00eamios foram lan\u00e7ados pela Coordena\u00e7\u00e3o de Aperfei\u00e7oamento de Pessoal de N\u00edvel Superior (Capes) em parceria com a\u2026","rel":"","context":"Em &quot;Not\u00edcias&quot;","block_context":{"text":"Not\u00edcias","link":"https:\/\/mundobibliotecario.com.br\/index.php\/category\/noticias\/"},"img":{"alt_text":"","src":"","width":0,"height":0},"classes":[]},{"id":3844,"url":"https:\/\/mundobibliotecario.com.br\/index.php\/2015\/08\/27\/ufscar-lanca-portal-de-periodicos-com-23-revistas-em-diferentes-areas-do-conhecimento\/","url_meta":{"origin":3691,"position":4},"title":"UFSCar lan\u00e7a Portal de Peri\u00f3dicos, com 23 revistas em diferentes \u00e1reas do conhecimento","author":"mundobibliotecario","date":"27\/08\/2015","format":false,"excerpt":"Assessoria de Comunica\u00e7\u00e3o 26-Ago-2015 Nova ferramenta visa ampliar a divulga\u00e7\u00e3o do conhecimento produzido e sistematizado na Universidade A Universidade Federal de S\u00e3o Carlos (UFSCar) lan\u00e7ou\u00a0no dia 25 de agosto seu Portal de Peri\u00f3dicos, plataforma online \u2013 dispon\u00edvel em www.periodicos.ufscar.br \u2013 que re\u00fane os 23 peri\u00f3dicos editados pela comunidade da Universidade.\u2026","rel":"","context":"Em &quot;Eventos&quot;","block_context":{"text":"Eventos","link":"https:\/\/mundobibliotecario.com.br\/index.php\/category\/eventos\/"},"img":{"alt_text":"","src":"","width":0,"height":0},"classes":[]},{"id":3848,"url":"https:\/\/mundobibliotecario.com.br\/index.php\/2015\/08\/28\/prazo-para-inscricoes-no-premio-emeraldcapes-2015-encerra-no-dia-30-de-agosto\/","url_meta":{"origin":3691,"position":5},"title":"Prazo para inscri\u00e7\u00f5es no Pr\u00eamio Emerald\/Capes 2015 encerra no dia 30 de agosto","author":"mundobibliotecario","date":"28\/08\/2015","format":false,"excerpt":"Qua, 26 de Agosto de 2015 Os interessados em participar da edi\u00e7\u00e3o 2015 do Pr\u00eamio Emerald\/Capes t\u00eam at\u00e9 o dia 30 de agosto para efetivar a inscri\u00e7\u00e3o. As categorias a serem avaliadas s\u00e3o Ci\u00eancia da Informa\u00e7\u00e3o (inscri\u00e7\u00f5es aqui) e Administra\u00e7\u00e3o & Gest\u00e3o (inscri\u00e7\u00f5es aqui). A iniciativa \u2013 parceria da Emerald\u2026","rel":"","context":"Em &quot;Not\u00edcias&quot;","block_context":{"text":"Not\u00edcias","link":"https:\/\/mundobibliotecario.com.br\/index.php\/category\/noticias\/"},"img":{"alt_text":"","src":"","width":0,"height":0},"classes":[]}],"jetpack_likes_enabled":true,"jetpack_shortlink":"https:\/\/wp.me\/pcbzwa-Xx","_links":{"self":[{"href":"https:\/\/mundobibliotecario.com.br\/index.php\/wp-json\/wp\/v2\/posts\/3691","targetHints":{"allow":["GET"]}}],"collection":[{"href":"https:\/\/mundobibliotecario.com.br\/index.php\/wp-json\/wp\/v2\/posts"}],"about":[{"href":"https:\/\/mundobibliotecario.com.br\/index.php\/wp-json\/wp\/v2\/types\/post"}],"author":[{"embeddable":true,"href":"https:\/\/mundobibliotecario.com.br\/index.php\/wp-json\/wp\/v2\/users\/1"}],"replies":[{"embeddable":true,"href":"https:\/\/mundobibliotecario.com.br\/index.php\/wp-json\/wp\/v2\/comments?post=3691"}],"version-history":[{"count":0,"href":"https:\/\/mundobibliotecario.com.br\/index.php\/wp-json\/wp\/v2\/posts\/3691\/revisions"}],"wp:attachment":[{"href":"https:\/\/mundobibliotecario.com.br\/index.php\/wp-json\/wp\/v2\/media?parent=3691"}],"wp:term":[{"taxonomy":"category","embeddable":true,"href":"https:\/\/mundobibliotecario.com.br\/index.php\/wp-json\/wp\/v2\/categories?post=3691"},{"taxonomy":"post_tag","embeddable":true,"href":"https:\/\/mundobibliotecario.com.br\/index.php\/wp-json\/wp\/v2\/tags?post=3691"}],"curies":[{"name":"wp","href":"https:\/\/api.w.org\/{rel}","templated":true}]}}