{"id":3695,"date":"2015-03-15T19:51:25","date_gmt":"2015-03-15T22:51:25","guid":{"rendered":"https:\/\/mundobibliotecario.wordpress.com\/?p=3695"},"modified":"2015-03-15T19:51:25","modified_gmt":"2015-03-15T22:51:25","slug":"ce-analisa-proposta-que-permite-copia-de-ate-25-de-uma-obra-para-uso-privado","status":"publish","type":"post","link":"https:\/\/mundobibliotecario.com.br\/index.php\/2015\/03\/15\/ce-analisa-proposta-que-permite-copia-de-ate-25-de-uma-obra-para-uso-privado\/","title":{"rendered":"CE analisa proposta que permite c\u00f3pia de at\u00e9 25% de uma obra para uso privado"},"content":{"rendered":"<p><small>Elina Rodrigues Pozzebom | <span class=\"text-muted\">02\/03\/2015, 14h56 &#8211; ATUALIZADO EM 02\/03\/2015, 22h48<\/span><\/small><span id=\"redesSociais\">\u00a0<\/span><\/p>\n<div id=\"___plusone_0\"><\/div>\n<div id=\"carrosselFotos\" class=\"carousel slide\">\n<div class=\"carousel-inner\">\n<div class=\"item active\">\n<div class=\"carrossel-imagem-materia\"><img decoding=\"async\" class=\"img-responsive\" src=\"http:\/\/www12.senado.gov.br\/noticias\/materias\/2015\/03\/02\/ce-analisa-proposta-que-permite-copia-de-ate-25-de-uma-obra-para-uso-privado\/livro_20140410_01804.jpg\/@@images\/image\/imagem_materia\" alt=\"\" \/><\/div>\n<h6 class=\"pull-right text-muted credito-imagem\">Cris Castello Branco\/Governo SP<\/h6>\n<\/div>\n<\/div>\n<\/div>\n<div id=\"textoMateria\">\n<p>Com o intuito de isentar principalmente os estudantes universit\u00e1rios de penalidades por infra\u00e7\u00e3o de direitos autorais ao copiar trechos de livros, o senador Valdir Raupp (PMDB-RO) apresentou projeto para regulamentar essa reprodu\u00e7\u00e3o para uso privado. \u00a0O <a class=\"external-link\" href=\"http:\/\/www.senado.leg.br\/atividade\/materia\/detalhes.asp?p_cod_mate=119729\">PLS 34\/2015<\/a> determina que a reprodu\u00e7\u00e3o de at\u00e9 25% de uma obra, para uso privado do copista, desde que feita por ele e sem intuito de lucro, est\u00e1 permitida.<\/p>\n<p>De acordo com Raupp, a atual reda\u00e7\u00e3o da<a class=\"external-link\" href=\"http:\/\/www.planalto.gov.br\/ccivil_03\/leis\/l9610.htm\"> Lei 9.610\/1998 <\/a>assegura a reprodu\u00e7\u00e3o de \u201cpequenos trechos\u201d, mas a express\u00e3o tem gerado muitas contradi\u00e7\u00f5es e interpreta\u00e7\u00f5es equivocadas, tanto por parte dos copistas como das entidades e institui\u00e7\u00f5es defensoras dos direitos autorais.<\/p>\n<p>O maior problema, na opini\u00e3o do senador, est\u00e1 no ambiente universit\u00e1rio. Os professores costumam selecionar trechos de diversos livros e coloc\u00e1-los \u00e0 disposi\u00e7\u00e3o dos estudantes em uma copiadora particular, para ser reproduzidos e estudados por cada aluno, nas diversas disciplinas. A pr\u00e1tica ocorre por ser \u201cinvi\u00e1vel adquirir todos os livros pedidos\u201d no ambiente das faculdades.<\/p>\n<p>S\u00f3 que a Associa\u00e7\u00e3o Brasileira de Direitos Reprogr\u00e1ficos (ABDR) tem se insurgido contra tal pr\u00e1tica e at\u00e9 mesmo acionado a pol\u00edcia e a Justi\u00e7a para impedir a c\u00f3pia de qualquer trecho de livro nas copiadoras de faculdades e universidades.<\/p>\n<p>Para Raupp, a medida proposta pela ABDR pode ser considerada um novo abuso, uma vez que a multa a ser estipulada pela Justi\u00e7a pode ser equivalente ao valor de at\u00e9 tr\u00eas mil exemplares da obra copiada, caso n\u00e3o seja identificado o n\u00famero de c\u00f3pias feitas de um mesmo volume.<\/p>\n<p>\u201cEste projeto de lei tem como objetivo, por um lado, assegurar o esp\u00edrito da Lei do Direito Autoral, limitando o que pode ser copiado de um livro; por outro, busca assegurar o direito de acesso \u00e0 informa\u00e7\u00e3o e ao conhecimento, por parte dos estudantes. O percentual de 25% de uma obra permite, simultaneamente, o atendimento \u00e0 expectativa das correntes envolvidas e evita a subjetividade contida na express\u00e3o \u201cpequenos trechos\u201d, justifica o parlamentar.<\/p>\n<p>A proposta aguarda emendas e designa\u00e7\u00e3o de relator na Comiss\u00e3o de Educa\u00e7\u00e3o, Cultura e Esporte (CE) e depois segue para a de Constitui\u00e7\u00e3o, Justi\u00e7a e Cidadania (CCJ), onde recebe decis\u00e3o terminativa.<\/p>\n<p>Ela \u00e9 id\u00eantica ao <a class=\"external-link\" href=\"http:\/\/www.senado.gov.br\/atividade\/materia\/detalhes.asp?p_cod_mate=77767\">PLS 131\/2006<\/a>, tamb\u00e9m de Raupp, arquivado na mudan\u00e7a da legislatura.<\/p>\n<p class=\"text-muted\"><small>Ag\u00eancia Senado (Reprodu\u00e7\u00e3o autorizada mediante cita\u00e7\u00e3o da Ag\u00eancia Senado)<\/small><\/p>\n<p class=\"text-muted\">Dispon\u00edvel em: &lt;<a href=\"http:\/\/www12.senado.gov.br\/noticias\/materias\/2015\/03\/02\/ce-analisa-proposta-que-permite-copia-de-ate-25-de-uma-obra-para-uso-privado?utm_source=midias-sociais&amp;utm_medium=midias-sociais&amp;utm_campaign=midias-sociais\">http:\/\/www12.senado.gov.br\/noticias\/materias\/2015\/03\/02\/ce-analisa-proposta-que-permite-copia-de-ate-25-de-uma-obra-para-uso-privado?utm_source=midias-sociais&amp;utm_medium=midias-sociais&amp;utm_campaign=midias-sociais<\/a>&gt;. Acesso em: 15 mar. 2015.<\/p>\n<\/div>\n","protected":false},"excerpt":{"rendered":"<p>Elina Rodrigues Pozzebom | 02\/03\/2015, 14h56 &#8211; ATUALIZADO EM 02\/03\/2015, 22h48\u00a0 Cris Castello Branco\/Governo SP Com o intuito de isentar principalmente os estudantes universit\u00e1rios de penalidades por infra\u00e7\u00e3o de direitos autorais ao copiar trechos de livros, o senador Valdir Raupp (PMDB-RO) apresentou projeto para regulamentar essa reprodu\u00e7\u00e3o para uso privado. \u00a0O PLS 34\/2015 determina que &#8230; <a title=\"CE analisa proposta que permite c\u00f3pia de at\u00e9 25% de uma obra para uso privado\" class=\"read-more\" href=\"https:\/\/mundobibliotecario.com.br\/index.php\/2015\/03\/15\/ce-analisa-proposta-que-permite-copia-de-ate-25-de-uma-obra-para-uso-privado\/\" aria-label=\"Read more about CE analisa proposta que permite c\u00f3pia de at\u00e9 25% de uma obra para uso privado\">Ler mais<\/a><\/p>\n","protected":false},"author":1,"featured_media":0,"comment_status":"open","ping_status":"open","sticky":false,"template":"","format":"standard","meta":{"_mi_skip_tracking":false,"_exactmetrics_sitenote_active":false,"_exactmetrics_sitenote_note":"","_exactmetrics_sitenote_category":0,"_jetpack_newsletter_access":"","footnotes":""},"categories":[60],"tags":[76],"class_list":["post-3695","post","type-post","status-publish","format-standard","hentry","category-noticias","tag-direito-autoral"],"jetpack_featured_media_url":"","jetpack_sharing_enabled":false,"jetpack-related-posts":[{"id":3678,"url":"https:\/\/mundobibliotecario.com.br\/index.php\/2015\/01\/13\/obras-importantes-no-mundo-passam-para-o-dominio-publico\/","url_meta":{"origin":3695,"position":0},"title":"Obras importantes no mundo passam para o dom\u00ednio p\u00fablico","author":"mundobibliotecario","date":"13\/01\/2015","format":false,"excerpt":"Entre as cria\u00e7\u00f5es que perdem os direitos autorais a partir de janeiro de 2015 est\u00e3o cl\u00e1ssicos como O Pequeno Pr\u00edncipe, de Antoine de Saint-Exup\u00e9ry Da reda\u00e7\u00e3o\u00a0Publica\u00e7\u00e3o:05\/01\/2015 15:10\u00a0Atualiza\u00e7\u00e3o:05\/01\/2015 16:12 O famoso quadro O Grito, do pintor noruegu\u00eas Edvard Munch, \u00e9 uma das novas obras em dom\u00ednio p\u00fablico a partir de 2015\u2026","rel":"","context":"Em &quot;Not\u00edcias&quot;","block_context":{"text":"Not\u00edcias","link":"https:\/\/mundobibliotecario.com.br\/index.php\/category\/noticias\/"},"img":{"alt_text":"","src":"","width":0,"height":0},"classes":[]},{"id":4035,"url":"https:\/\/mundobibliotecario.com.br\/index.php\/2015\/11\/05\/fazendo-nossa-licao-de-casa-de-direito-autoral\/","url_meta":{"origin":3695,"position":1},"title":"Fazendo nossa li\u00e7\u00e3o de casa de direito autoral","author":"mundobibliotecario","date":"05\/11\/2015","format":false,"excerpt":"Quando comecei na biblioteca escolar muitos anos atr\u00e1s, n\u00e3o sabia que eu estaria pensando sobre direitos autorais em uma base regular. Postamos um aviso de direitos autorais sobre cada fotocopiadora para evitar que os usu\u00e1rios da biblioteca violem a lei, mas quest\u00f5es sobre se algo foi legal ou n\u00e3o surgiram\u2026","rel":"","context":"Em &quot;Not\u00edcias&quot;","block_context":{"text":"Not\u00edcias","link":"https:\/\/mundobibliotecario.com.br\/index.php\/category\/noticias\/"},"img":{"alt_text":"","src":"","width":0,"height":0},"classes":[]},{"id":3689,"url":"https:\/\/mundobibliotecario.com.br\/index.php\/2015\/02\/22\/por-que-os-livros-escritos-entre-1920-1990-estao-sumindo\/","url_meta":{"origin":3695,"position":2},"title":"Por que os livros escritos entre 1920-1990 est\u00e3o sumindo?","author":"mundobibliotecario","date":"22\/02\/2015","format":false,"excerpt":"By Wagner Brenner D\u00e1 uma olhada nesse gr\u00e1fico, que mostra novas edi\u00e7\u00f5es de livros dispon\u00edveis na Amazon, distribu\u00eddos por d\u00e9cada. O que \u00e9 esse burac\u00e3o entre 1910 e 2000? Direitos autorais. Os direitos autorais surgiram em 1923. Todas as obras anteriores a esta data s\u00e3o de dom\u00ednio p\u00fablico e portanto\u2026","rel":"","context":"Em &quot;Not\u00edcias&quot;","block_context":{"text":"Not\u00edcias","link":"https:\/\/mundobibliotecario.com.br\/index.php\/category\/noticias\/"},"img":{"alt_text":"","src":"","width":0,"height":0},"classes":[]},{"id":3886,"url":"https:\/\/mundobibliotecario.com.br\/index.php\/2015\/09\/08\/nocoes-fundamentais-sobre-o-plagio-academico\/","url_meta":{"origin":3695,"position":3},"title":"No\u00e7\u00f5es Fundamentais sobre o Pl\u00e1gio Acad\u00eamico","author":"mundobibliotecario","date":"08\/09\/2015","format":false,"excerpt":"\u00a0 A Associa\u00e7\u00e3o Portuguesa de Direito Intelectual(APDI), em estreita colabora\u00e7\u00e3o com a Faculdade de Direito da Universidade de Lisboa, promove o lan\u00e7amento dos Estudos de Direito Intelectual em Homenagem ao Prof. Doutor Jos\u00e9 de Oliveira Ascens\u00e3o: 50 anos de vida universit\u00e1ria, a obra coletiva foi coordenada pelo Prof. Dr. D\u00e1rio\u2026","rel":"","context":"Em &quot;Not\u00edcias&quot;","block_context":{"text":"Not\u00edcias","link":"https:\/\/mundobibliotecario.com.br\/index.php\/category\/noticias\/"},"img":{"alt_text":"","src":"","width":0,"height":0},"classes":[]},{"id":3874,"url":"https:\/\/mundobibliotecario.com.br\/index.php\/2015\/09\/03\/libros-profesionales-para-bibliotecarios-gratis-julio-agosto-2015\/","url_meta":{"origin":3695,"position":4},"title":"Libros profesionales para bibliotecarios gratis (Julio-Agosto 2015)","author":"mundobibliotecario","date":"03\/09\/2015","format":false,"excerpt":"Libros Profesionales en acceso abierto para Bibliotecarios y Documentalistas (91 libros e informes profesionales) -Julio-Agosto 2015- Descargar Libros profesionales gratis sobre BYD Por Meses 2015.07\/.08 Julio-Agosto 2015.05\/06 Mayo-Junio 2015.04. Abril 2015.03 Marzo 2015.02 Febrero 2015.01. Enero 2014.12. Diciembre 2014.11. noviembre 2014.10. Octubre 2014.06 Junio 2014. 05. Mayo 2013.09. Sepptiembre 2013.12.\u2026","rel":"","context":"Em &quot;Not\u00edcias&quot;","block_context":{"text":"Not\u00edcias","link":"https:\/\/mundobibliotecario.com.br\/index.php\/category\/noticias\/"},"img":{"alt_text":"","src":"http:\/\/i1.wp.com\/www.puntogeek.com\/wp-content\/uploads\/2014\/11\/Libros-digitales.jpg?resize=350%2C200","width":350,"height":200},"classes":[]},{"id":4031,"url":"https:\/\/mundobibliotecario.com.br\/index.php\/2015\/11\/03\/ministerio-publico-federal-ja-tem-sua-biblioteca-digital\/","url_meta":{"origin":3695,"position":5},"title":"Minist\u00e9rio P\u00fablico Federal j\u00e1 tem sua Biblioteca Digital","author":"mundobibliotecario","date":"03\/11\/2015","format":false,"excerpt":"Pesquisa Mundi - 15\/09\/2015 A Biblioteca Digital do Minist\u00e9rio P\u00fablico Federal (BDMPF) tem dois grandes objetivos. O primeiro \u00e9 reunir e disponibilizar a legisla\u00e7\u00e3o produzida por todas as unidades do Minist\u00e9rio P\u00fablico Federal (MPF) e pelo Conselho Nacional do Minist\u00e9rio P\u00fablico (CNMP). Ressalta-se que h\u00e1 acompanhamento di\u00e1rio das publica\u00e7\u00f5es oficiais.\u2026","rel":"","context":"Em &quot;Not\u00edcias&quot;","block_context":{"text":"Not\u00edcias","link":"https:\/\/mundobibliotecario.com.br\/index.php\/category\/noticias\/"},"img":{"alt_text":"","src":"","width":0,"height":0},"classes":[]}],"jetpack_likes_enabled":true,"jetpack_shortlink":"https:\/\/wp.me\/pcbzwa-XB","_links":{"self":[{"href":"https:\/\/mundobibliotecario.com.br\/index.php\/wp-json\/wp\/v2\/posts\/3695","targetHints":{"allow":["GET"]}}],"collection":[{"href":"https:\/\/mundobibliotecario.com.br\/index.php\/wp-json\/wp\/v2\/posts"}],"about":[{"href":"https:\/\/mundobibliotecario.com.br\/index.php\/wp-json\/wp\/v2\/types\/post"}],"author":[{"embeddable":true,"href":"https:\/\/mundobibliotecario.com.br\/index.php\/wp-json\/wp\/v2\/users\/1"}],"replies":[{"embeddable":true,"href":"https:\/\/mundobibliotecario.com.br\/index.php\/wp-json\/wp\/v2\/comments?post=3695"}],"version-history":[{"count":0,"href":"https:\/\/mundobibliotecario.com.br\/index.php\/wp-json\/wp\/v2\/posts\/3695\/revisions"}],"wp:attachment":[{"href":"https:\/\/mundobibliotecario.com.br\/index.php\/wp-json\/wp\/v2\/media?parent=3695"}],"wp:term":[{"taxonomy":"category","embeddable":true,"href":"https:\/\/mundobibliotecario.com.br\/index.php\/wp-json\/wp\/v2\/categories?post=3695"},{"taxonomy":"post_tag","embeddable":true,"href":"https:\/\/mundobibliotecario.com.br\/index.php\/wp-json\/wp\/v2\/tags?post=3695"}],"curies":[{"name":"wp","href":"https:\/\/api.w.org\/{rel}","templated":true}]}}