{"id":3720,"date":"2015-05-20T11:22:23","date_gmt":"2015-05-20T14:22:23","guid":{"rendered":"https:\/\/mundobibliotecario.wordpress.com\/?p=3720"},"modified":"2020-07-21T23:25:58","modified_gmt":"2020-07-22T02:25:58","slug":"estudante-da-ufscar-descobre-erro-em-livro-e-ganha-premio-de-professor-de-stanford","status":"publish","type":"post","link":"https:\/\/mundobibliotecario.com.br\/index.php\/2015\/05\/20\/estudante-da-ufscar-descobre-erro-em-livro-e-ganha-premio-de-professor-de-stanford\/","title":{"rendered":"Estudante da UFScar descobre erro em livro e ganha pr\u00eamio de professor de Stanford"},"content":{"rendered":"<p>Uma not\u00edcia muito interessante, vale a pena ver o v\u00eddeo!<\/p>\n","protected":false},"excerpt":{"rendered":"<p>Uma not\u00edcia muito interessante, vale a pena ver o v\u00eddeo!<\/p>\n","protected":false},"author":1,"featured_media":0,"comment_status":"open","ping_status":"open","sticky":false,"template":"","format":"standard","meta":{"_mi_skip_tracking":false,"_exactmetrics_sitenote_active":false,"_exactmetrics_sitenote_note":"","_exactmetrics_sitenote_category":0,"_jetpack_newsletter_access":"","footnotes":""},"categories":[60],"tags":[1208,9,62],"class_list":["post-3720","post","type-post","status-publish","format-standard","hentry","category-noticias","tag-erro","tag-livro","tag-ufscar"],"jetpack_featured_media_url":"","jetpack_sharing_enabled":true,"jetpack-related-posts":[{"id":3581,"url":"https:\/\/mundobibliotecario.com.br\/index.php\/2014\/09\/19\/ufscar-constata-adulteracao-e-furtos-recorrentes-na-biblioteca-comunitaria\/","url_meta":{"origin":3720,"position":0},"title":"UFSCar constata adultera\u00e7\u00e3o e furtos recorrentes na Biblioteca Comunit\u00e1ria","author":"mundobibliotecario","date":"19\/09\/2014","format":false,"excerpt":"A Universidade Federal de S\u00e3o Carlos (UFSCar) constatou furtos recorrentes na Biblioteca Comunit\u00e1ria, ap\u00f3s a conclus\u00e3o do invent\u00e1rio do acervo. Segundo a assessoria de imprensa, com uma adultera\u00e7\u00e3o no mecanismo de identifica\u00e7\u00e3o, exemplares de alto custo eram trocadas por obras de menor valor. O autor do crime ainda n\u00e3o foi\u2026","rel":"","context":"Em &quot;Not\u00edcias&quot;","block_context":{"text":"Not\u00edcias","link":"https:\/\/mundobibliotecario.com.br\/index.php\/category\/noticias\/"},"img":{"alt_text":"","src":"","width":0,"height":0},"classes":[]},{"id":1205,"url":"https:\/\/mundobibliotecario.com.br\/index.php\/2010\/04\/14\/revista-editada-na-ufscar-e-indexada-em-base-dados-internacional\/","url_meta":{"origin":3720,"position":1},"title":"Revista editada na UFSCar \u00e9 indexada em base dados internacional","author":"mundobibliotecario","date":"14\/04\/2010","format":false,"excerpt":"A Revista Brasileira de Fisioterapia Brazilian Journal of Physical Therapy (RBF\/BJPT) foi inclu\u00edda na base MEDLINE da National Library of Medicine (NLM). A RBF\/BJPT \u00e9 o primeiro peri\u00f3dico latino-americano da \u00e1rea a atingir esse n\u00edvel de indexa\u00e7\u00e3o e sua inclus\u00e3o na base de dados MEDLINE aumenta a visibilidade de seus\u2026","rel":"","context":"Em &quot;Not\u00edcias&quot;","block_context":{"text":"Not\u00edcias","link":"https:\/\/mundobibliotecario.com.br\/index.php\/category\/noticias\/"},"img":{"alt_text":"","src":"","width":0,"height":0},"classes":[]},{"id":1190,"url":"https:\/\/mundobibliotecario.com.br\/index.php\/2010\/04\/03\/palestra-na-ufscar-aborda-gestao-do-conhecimento\/","url_meta":{"origin":3720,"position":2},"title":"Palestra na UFSCar aborda gest\u00e3o do conhecimento","author":"mundobibliotecario","date":"03\/04\/2010","format":false,"excerpt":"No dia 8 de abril, acontece na UFSCar o \"Semin\u00e1rio sobre Informa\u00e7\u00e3o e Conhecimento\", organizado Departamento de Ci\u00eancia da Informa\u00e7\u00e3o (DCI) da Universidade. O objetivo \u00e9 promover o compartilhamento de conceitos e experi\u00eancias dos palestrantes e o debate com o p\u00fablico sobre aspectos relevantes \u00e0 divulga\u00e7\u00e3o cient\u00edfica, intelig\u00eancia competitiva e\u2026","rel":"","context":"Em &quot;Eventos&quot;","block_context":{"text":"Eventos","link":"https:\/\/mundobibliotecario.com.br\/index.php\/category\/eventos\/"},"img":{"alt_text":"","src":"","width":0,"height":0},"classes":[]},{"id":7788,"url":"https:\/\/mundobibliotecario.com.br\/index.php\/2020\/08\/16\/biblioteca-comunitaria-da-ufscar-comemora-25-anos-com-evento-online\/","url_meta":{"origin":3720,"position":3},"title":"Biblioteca Comunit\u00e1ria da UFSCar comemora 25 anos com evento online","author":"mundobibliotecario","date":"16\/08\/2020","format":false,"excerpt":"Cr\u00e9dito: Divulga\u00e7\u00e3o No dia 17 de agosto de 1995, foi inaugurada e entrou em funcionamento a Biblioteca Comunit\u00e1ria (BCo) da Universidade Federal de S\u00e3o Carlos (UFSCar). Instalada em um complexo com 9 mil m\u00b2 - onde se localiza, al\u00e9m da pr\u00f3pria Biblioteca, o Teatro Universit\u00e1rio Florestan Fernandes, os Audit\u00f3rios da\u2026","rel":"","context":"Em &quot;Not\u00edcias&quot;","block_context":{"text":"Not\u00edcias","link":"https:\/\/mundobibliotecario.com.br\/index.php\/category\/noticias\/"},"img":{"alt_text":"","src":"","width":0,"height":0},"classes":[]},{"id":1994,"url":"https:\/\/mundobibliotecario.com.br\/index.php\/2011\/04\/30\/bco-apresenta-mostra-sobre-a-vida-de-machado-de-assis\/","url_meta":{"origin":3720,"position":4},"title":"BCo apresenta Mostra sobre a vida de Machado de Assis","author":"mundobibliotecario","date":"30\/04\/2011","format":false,"excerpt":"A exposi\u00e7\u00e3o pode ser visitada at\u00e9 o dia 13 de maio UFSCar 27 de Abril de 2011 At\u00e9 o dia 13 de maio, acontece no sagu\u00e3o da Biblioteca Comunit\u00e1ria (BCo) da UFSCar a exposi\u00e7\u00e3o \"Literando e Viajando com Machado de Assis\", organizada pelo Departamento de A\u00e7\u00e3o Cultural da Biblioteca Comunit\u00e1ria,\u2026","rel":"","context":"Em &quot;Not\u00edcias&quot;","block_context":{"text":"Not\u00edcias","link":"https:\/\/mundobibliotecario.com.br\/index.php\/category\/noticias\/"},"img":{"alt_text":"","src":"","width":0,"height":0},"classes":[]},{"id":1181,"url":"https:\/\/mundobibliotecario.com.br\/index.php\/2010\/03\/27\/ministro-da-educacao-participa-da-inauguracao-da-biblioteca-da-ufscar-em-araras\/","url_meta":{"origin":3720,"position":5},"title":"Ministro da Educa\u00e7\u00e3o participa da inaugura\u00e7\u00e3o da Biblioteca da UFSCar em Araras","author":"mundobibliotecario","date":"27\/03\/2010","format":false,"excerpt":"26\/03\/2010 - 14:47 No dia 25 de mar\u00e7o, o Ministro da Educa\u00e7\u00e3o, Fernando Haddad participou da inaugura\u00e7\u00e3o do novo edif\u00edcio da Biblioteca Setorial do Centro de Ci\u00eancias Agr\u00e1rias da UFSCar, em Araras. Convidado pelo Reitor da UFSCar, Targino de Ara\u00fajo Filho, e pelo Diretor do Centro de Ci\u00eancias Agr\u00e1rias (CCA),\u2026","rel":"","context":"Em &quot;Not\u00edcias&quot;","block_context":{"text":"Not\u00edcias","link":"https:\/\/mundobibliotecario.com.br\/index.php\/category\/noticias\/"},"img":{"alt_text":"","src":"","width":0,"height":0},"classes":[]}],"jetpack_likes_enabled":true,"jetpack_shortlink":"https:\/\/wp.me\/pcbzwa-Y0","_links":{"self":[{"href":"https:\/\/mundobibliotecario.com.br\/index.php\/wp-json\/wp\/v2\/posts\/3720","targetHints":{"allow":["GET"]}}],"collection":[{"href":"https:\/\/mundobibliotecario.com.br\/index.php\/wp-json\/wp\/v2\/posts"}],"about":[{"href":"https:\/\/mundobibliotecario.com.br\/index.php\/wp-json\/wp\/v2\/types\/post"}],"author":[{"embeddable":true,"href":"https:\/\/mundobibliotecario.com.br\/index.php\/wp-json\/wp\/v2\/users\/1"}],"replies":[{"embeddable":true,"href":"https:\/\/mundobibliotecario.com.br\/index.php\/wp-json\/wp\/v2\/comments?post=3720"}],"version-history":[{"count":2,"href":"https:\/\/mundobibliotecario.com.br\/index.php\/wp-json\/wp\/v2\/posts\/3720\/revisions"}],"predecessor-version":[{"id":6865,"href":"https:\/\/mundobibliotecario.com.br\/index.php\/wp-json\/wp\/v2\/posts\/3720\/revisions\/6865"}],"wp:attachment":[{"href":"https:\/\/mundobibliotecario.com.br\/index.php\/wp-json\/wp\/v2\/media?parent=3720"}],"wp:term":[{"taxonomy":"category","embeddable":true,"href":"https:\/\/mundobibliotecario.com.br\/index.php\/wp-json\/wp\/v2\/categories?post=3720"},{"taxonomy":"post_tag","embeddable":true,"href":"https:\/\/mundobibliotecario.com.br\/index.php\/wp-json\/wp\/v2\/tags?post=3720"}],"curies":[{"name":"wp","href":"https:\/\/api.w.org\/{rel}","templated":true}]}}