{"id":3733,"date":"2015-05-31T16:46:26","date_gmt":"2015-05-31T19:46:26","guid":{"rendered":"https:\/\/mundobibliotecario.wordpress.com\/?p=3733"},"modified":"2015-05-31T16:46:26","modified_gmt":"2015-05-31T19:46:26","slug":"os-10-mitos-da-informacao-3","status":"publish","type":"post","link":"https:\/\/mundobibliotecario.com.br\/index.php\/2015\/05\/31\/os-10-mitos-da-informacao-3\/","title":{"rendered":"Os 10 mitos da informa\u00e7\u00e3o (3)"},"content":{"rendered":"<p>3.\u00a0<em>Objective information can be transmitted out of context<\/em>. But people tend to ignore isolated facts when they cannot form a complete picture of them. Individuals yearn to understand how information connects to other facts, beliefs and emotions they have, and how all these affect one another.<\/p>\n<p>Lembro de j\u00e1 ter lido algo sobre informa\u00e7\u00e3o, objetividade e contexto. \u00c9 comum esse tipo de discuss\u00e3o na Biblioteconomia e Ci\u00eancia da Informa\u00e7\u00e3o. Um exemplo cl\u00e1ssico\u00a0utilizado pelos professores como\u00a0\u00e9 escrever um n\u00famero na lousa, por exemplo, 32. 32 pelo 32 n\u00e3o diz nada: sabe-se apenas tratar-se um n\u00famero, nada al\u00e9m disso. Se algum(a) aluno(a) disser que \u00e9 sua idade, ou outro o n\u00famero de sua casa, ou\u00a0<em>contextualizar<\/em> esse dado de alguma forma, teremos um outro <em>significado\u00a0<\/em>para o n\u00famero 32. Em resumo, dados <em>transmitidos<\/em> em um contexto passam a ter um <em>significado<\/em>, convertendo-se em <em>informa\u00e7\u00e3o objetiva<\/em>.<\/p>\n<p>No entanto, como o pr\u00f3prio texto exp\u00f5e, as pessoas tendem a ignorar os dados (ou fatos isolados) quando\u00a0n\u00e3o pertencem \u00e0s suas refer\u00eancias e experi\u00eancia pessoais. Um novo dado cria ansiedade em tentar entend\u00ea-lo, atribuir-lhe significado, ou seja, em <em>compreend\u00ea-lo<\/em>, pois \u00e9 o dado com significado (informa\u00e7\u00e3o) que se tornar\u00e1\u00a0um conhecimento. E a partir do ponto de vista pessoal, cada um ir\u00e1 avaliar se o conhecimento adquirido lhe ser\u00e1 \u00fatil ou n\u00e3o.<\/p>\n<p>Al\u00e9m disso, toda a informa\u00e7\u00e3o, processada com as outras que a pessoa j\u00e1 possui, somada \u00e0s suas emo\u00e7\u00f5es, sentimentos e percep\u00e7\u00f5es, tamb\u00e9m ir\u00e3o pesar na sua convers\u00e3o em conhecimento e na consequente avalia\u00e7\u00e3o de sua utilidade ou inutilidade. E a\u00a0nova informa\u00e7\u00e3o afetar\u00e1 o conjunto pessoal de cada um, fato que\u00a0tamb\u00e9m gera ansiedade, j\u00e1 que pode provocar mudan\u00e7as. E assim caminha a gera\u00e7\u00e3o de conhecimento&#8230;<\/p>\n","protected":false},"excerpt":{"rendered":"<p>3.\u00a0Objective information can be transmitted out of context. But people tend to ignore isolated facts when they cannot form a complete picture of them. Individuals yearn to understand how information connects to other facts, beliefs and emotions they have, and how all these affect one another. Lembro de j\u00e1 ter lido algo sobre informa\u00e7\u00e3o, objetividade &#8230; <a title=\"Os 10 mitos da informa\u00e7\u00e3o (3)\" class=\"read-more\" href=\"https:\/\/mundobibliotecario.com.br\/index.php\/2015\/05\/31\/os-10-mitos-da-informacao-3\/\" aria-label=\"Read more about Os 10 mitos da informa\u00e7\u00e3o (3)\">Ler mais<\/a><\/p>\n","protected":false},"author":1,"featured_media":0,"comment_status":"open","ping_status":"open","sticky":false,"template":"","format":"standard","meta":{"_mi_skip_tracking":false,"_exactmetrics_sitenote_active":false,"_exactmetrics_sitenote_note":"","_exactmetrics_sitenote_category":0,"_jetpack_newsletter_access":"","footnotes":""},"categories":[3],"tags":[629,669,1083,1212,19,1213,1214],"class_list":["post-3733","post","type-post","status-publish","format-standard","hentry","category-reflexoes","tag-avaliacao","tag-conhecimento","tag-dado","tag-emocao","tag-informacao","tag-percepcao","tag-sentimento"],"jetpack_featured_media_url":"","jetpack_sharing_enabled":true,"jetpack-related-posts":[{"id":4946,"url":"https:\/\/mundobibliotecario.com.br\/index.php\/2016\/06\/20\/os-10-mitos-da-informacao-10\/","url_meta":{"origin":3733,"position":0},"title":"Os 10 mitos da informa\u00e7\u00e3o (10)","author":"mundobibliotecario","date":"20\/06\/2016","format":false,"excerpt":"10.\u00a0People make easy, conflict-free connections between external information and their internal reality. We tend to assume an ordered universe, in which connections exist between the internal and external. In our research, we tend to ask \"what\" and \"how\" rather than \"why\". We ask what people read or view, rather than\u2026","rel":"","context":"Em &quot;Reflex\u00f5es&quot;","block_context":{"text":"Reflex\u00f5es","link":"https:\/\/mundobibliotecario.com.br\/index.php\/category\/reflexoes\/"},"img":{"alt_text":"","src":"","width":0,"height":0},"classes":[]},{"id":3701,"url":"https:\/\/mundobibliotecario.com.br\/index.php\/2015\/04\/01\/os-10-mitos-da-informacao-2\/","url_meta":{"origin":3733,"position":1},"title":"Os 10 mitos da informa\u00e7\u00e3o (2)","author":"mundobibliotecario","date":"01\/04\/2015","format":false,"excerpt":"More information is always better. Yet too much leads to overload and thence to deliberate ignoring of inputs. \"Having information\" is not the same as \"being informed\", so increasing the flow of information does not always result in an informed person. Typically there is not a problem getting enough information\u2026","rel":"","context":"Em &quot;Reflex\u00f5es&quot;","block_context":{"text":"Reflex\u00f5es","link":"https:\/\/mundobibliotecario.com.br\/index.php\/category\/reflexoes\/"},"img":{"alt_text":"","src":"","width":0,"height":0},"classes":[]},{"id":1764,"url":"https:\/\/mundobibliotecario.com.br\/index.php\/2011\/02\/18\/apontamentos-sobre-de-gutenberg-a-infra-estrutura-global-da-informacao-o-acesso-a-informacao-no-mundo-em-rede\/","url_meta":{"origin":3733,"position":2},"title":"Apontamentos sobre &#8220;De Gutenberg \u00e0 infra-estrutura global da informa\u00e7\u00e3o: o acesso \u00e0 informa\u00e7\u00e3o no mundo em rede&#8221;","author":"mundobibliotecario","date":"18\/02\/2011","format":false,"excerpt":"Em outro livro que li nas f\u00e9rias, especificamente em Janeiro, (\u201cFrom Gutenberg to the global information infrastructure: access to information in the networked world\u201d, de Christine L. Borgman), achei interessante a cita\u00e7\u00e3o do trabalho de Bowker e Star (1999) sobre a ideologia nos cat\u00e1logos, isto \u00e9, os termos contidos nos\u2026","rel":"","context":"Em &quot;Reflex\u00f5es&quot;","block_context":{"text":"Reflex\u00f5es","link":"https:\/\/mundobibliotecario.com.br\/index.php\/category\/reflexoes\/"},"img":{"alt_text":"","src":"","width":0,"height":0},"classes":[]},{"id":4864,"url":"https:\/\/mundobibliotecario.com.br\/index.php\/2011\/02\/18\/apontamentos-sobre-de-gutenberg-a-infra-estrutura-global-da-informacao-o-acesso-a-informacao-no-mundo-em-rede-2\/","url_meta":{"origin":3733,"position":3},"title":"Apontamentos sobre &quot;De Gutenberg \u00e0 infra-estrutura global da informa\u00e7\u00e3o: o acesso \u00e0 informa\u00e7\u00e3o no mundo em rede&quot;","author":"mundobibliotecario","date":"18\/02\/2011","format":false,"excerpt":"Em outro livro que li nas f\u00e9rias, especificamente em Janeiro, (\u201cFrom Gutenberg to the global information infrastructure: access to information in the networked world\u201d, de Christine L. Borgman), achei interessante a cita\u00e7\u00e3o do trabalho de Bowker e Star (1999) sobre a ideologia nos cat\u00e1logos, isto \u00e9, os termos contidos nos\u2026","rel":"","context":"Em &quot;Reflex\u00f5es&quot;","block_context":{"text":"Reflex\u00f5es","link":"https:\/\/mundobibliotecario.com.br\/index.php\/category\/reflexoes\/"},"img":{"alt_text":"","src":"","width":0,"height":0},"classes":[]},{"id":4865,"url":"https:\/\/mundobibliotecario.com.br\/index.php\/2011\/02\/18\/apontamentos-sobre-de-gutenberg-a-infra-estrutura-global-da-informacao-o-acesso-a-informacao-no-mundo-em-rede-2-2\/","url_meta":{"origin":3733,"position":4},"title":"Apontamentos sobre &#034;De Gutenberg \u00e0 infra-estrutura global da informa\u00e7\u00e3o: o acesso \u00e0 informa\u00e7\u00e3o no mundo em rede&#034;","author":"mundobibliotecario","date":"18\/02\/2011","format":false,"excerpt":"Em outro livro que li nas f\u00e9rias, especificamente em Janeiro, (\u201cFrom Gutenberg to the global information infrastructure: access to information in the networked world\u201d, de Christine L. Borgman), achei interessante a cita\u00e7\u00e3o do trabalho de Bowker e Star (1999) sobre a ideologia nos cat\u00e1logos, isto \u00e9, os termos contidos nos\u2026","rel":"","context":"Em &quot;Reflex\u00f5es&quot;","block_context":{"text":"Reflex\u00f5es","link":"https:\/\/mundobibliotecario.com.br\/index.php\/category\/reflexoes\/"},"img":{"alt_text":"","src":"","width":0,"height":0},"classes":[]},{"id":4942,"url":"https:\/\/mundobibliotecario.com.br\/index.php\/2016\/02\/22\/os-10-mitos-da-informacao-8\/","url_meta":{"origin":3733,"position":5},"title":"Os 10 mitos da informa\u00e7\u00e3o (8)","author":"mundobibliotecario","date":"22\/02\/2016","format":false,"excerpt":"8.\u00a0Functional units of information, such as books or television programs, always fit the needs of individuals. Information systems as libraries or broadcasters define themselves in terms of their units of storage or production: in the case of the libraries, these are books, journals, audiovisual materials, or websites; in the case\u2026","rel":"","context":"Em &quot;Reflex\u00f5es&quot;","block_context":{"text":"Reflex\u00f5es","link":"https:\/\/mundobibliotecario.com.br\/index.php\/category\/reflexoes\/"},"img":{"alt_text":"","src":"","width":0,"height":0},"classes":[]}],"jetpack_likes_enabled":true,"jetpack_shortlink":"https:\/\/wp.me\/pcbzwa-Yd","_links":{"self":[{"href":"https:\/\/mundobibliotecario.com.br\/index.php\/wp-json\/wp\/v2\/posts\/3733","targetHints":{"allow":["GET"]}}],"collection":[{"href":"https:\/\/mundobibliotecario.com.br\/index.php\/wp-json\/wp\/v2\/posts"}],"about":[{"href":"https:\/\/mundobibliotecario.com.br\/index.php\/wp-json\/wp\/v2\/types\/post"}],"author":[{"embeddable":true,"href":"https:\/\/mundobibliotecario.com.br\/index.php\/wp-json\/wp\/v2\/users\/1"}],"replies":[{"embeddable":true,"href":"https:\/\/mundobibliotecario.com.br\/index.php\/wp-json\/wp\/v2\/comments?post=3733"}],"version-history":[{"count":0,"href":"https:\/\/mundobibliotecario.com.br\/index.php\/wp-json\/wp\/v2\/posts\/3733\/revisions"}],"wp:attachment":[{"href":"https:\/\/mundobibliotecario.com.br\/index.php\/wp-json\/wp\/v2\/media?parent=3733"}],"wp:term":[{"taxonomy":"category","embeddable":true,"href":"https:\/\/mundobibliotecario.com.br\/index.php\/wp-json\/wp\/v2\/categories?post=3733"},{"taxonomy":"post_tag","embeddable":true,"href":"https:\/\/mundobibliotecario.com.br\/index.php\/wp-json\/wp\/v2\/tags?post=3733"}],"curies":[{"name":"wp","href":"https:\/\/api.w.org\/{rel}","templated":true}]}}