{"id":3803,"date":"2015-08-06T15:15:20","date_gmt":"2015-08-06T18:15:20","guid":{"rendered":"https:\/\/mundobibliotecario.wordpress.com\/?p=3803"},"modified":"2015-08-06T15:15:20","modified_gmt":"2015-08-06T18:15:20","slug":"estranho-mapa-do-mundo-baseado-na-producao-cientifica","status":"publish","type":"post","link":"https:\/\/mundobibliotecario.com.br\/index.php\/2015\/08\/06\/estranho-mapa-do-mundo-baseado-na-producao-cientifica\/","title":{"rendered":"Estranho mapa do mundo baseado na produ\u00e7\u00e3o cient\u00edfica"},"content":{"rendered":"<p><a href=\"http:\/\/hypescience.com\/wp-content\/uploads\/2015\/07\/mapa-mundo-artigos-cient%C3%ADficos.png\" rel=\"lightbox[147128]\"><img loading=\"lazy\" decoding=\"async\" class=\"aligncenter size-large wp-image-147129\" src=\"http:\/\/hypescience.com\/wp-content\/uploads\/2015\/07\/mapa-mundo-artigos-cient%C3%ADficos-838x419.png\" alt=\"mapa mundo artigos cient\u00edficos\" width=\"838\" height=\"419\" \/><\/a><\/p>\n<p>Se o mundo fosse mapeado de acordo com quantos trabalhos de investiga\u00e7\u00e3o cient\u00edfica cada pa\u00eds produz, assumiria uma apar\u00eancia bizarra e irregular. O norte se ampliaria, enquanto o hemisf\u00e9rio sul praticamente desapareceria.<\/p>\n<h2>O que impulsiona essa desigualdade?<\/h2>\n<p>Dinheiro e tecnologia s\u00e3o fatores que influenciam quanto se trata de produzir pesquisas. A m\u00e9dia de pesquisa e desenvolvimento \u2013 isto \u00e9, como uma porcentagem do PIB \u2013 foi de 2,4% para os pa\u00edses da OCDE (Organiza\u00e7\u00e3o para a Coopera\u00e7\u00e3o e Desenvolvimento Econ\u00f4mico, composta majoritariamente de na\u00e7\u00f5es do hemisf\u00e9rio norte, mas da qual o Chile \u00e9 membro) em 2009. Em compara\u00e7\u00e3o, poucos pa\u00edses em desenvolvimento atingiram 1%.<\/p>\n<p>Sem fundos nacionais suficientes, os pesquisadores gastam uma enorme quantidade de tempo tentando captar recursos e lidar com organiza\u00e7\u00f5es fora de suas universidades. Isso significa menos tempo para realmente realizar e produzir pesquisas.<\/p>\n<p>Grande exemplo disso \u00e9 o da neurocientista <a href=\"http:\/\/hypescience.com\/sopa-cerebral-de-pesquisadora-brasileira-exibe-nosso-poder-cognitivo\/\">Suzana Herculano-Houzel<\/a>. Primeira brasileira a dar uma palestra na Confer\u00eancia TEDGlobal, ela tem pesquisa publicada na \u201cScience\u201d, uma das principais revistas cient\u00edficas do mundo, mas corre o risco de ter que parar seus trabalhos no laborat\u00f3rio que chefia no Rio de Janeiro, por falta de recursos.<\/p>\n<p>Quanto a tecnologia, \u00e9 um problema principalmente na \u00c1frica. L\u00e1, a internet \u00e9 muito mais lenta e cara, tornando a colabora\u00e7\u00e3o entre pesquisadores do continente dif\u00edcil, enquanto \u00e9 muito mais simples para cientistas nos EUA, Europa e \u00c1sia.<\/p>\n<h2>Muito al\u00e9m do tutu<\/h2>\n<p>Valores e pr\u00e1ticas tamb\u00e9m contribuem para os desequil\u00edbrios globais em produ\u00e7\u00e3o cient\u00edfica. Mencionamos a \u201cScience\u201d ali em cima, n\u00e3o \u00e9? Pois essa e outras revistas cient\u00edficas que preenchem o mapa-m\u00fandi bizarro n\u00e3o s\u00e3o neutras: o envolvimento com elas \u00e9 caracterizado por v\u00e1rios n\u00edveis de participa\u00e7\u00e3o desigual.<\/p>\n<p>Um estudo com quatro revistas de alto impacto mostrou que elas atra\u00edam autores de v\u00e1rios pa\u00edses do mundo, mas seus locais emp\u00edricos de investiga\u00e7\u00e3o eram significativamente localizados na Europa e na Am\u00e9rica do Norte. Isto sugere que pesquisadores locais usam seus escassos recursos financeiros e t\u00e9cnicos para serem publicados em revistas supostamente internacionais. Al\u00e9m disso, bons cientistas do hemisf\u00e9rio sul est\u00e3o fazendo pesquisa no norte, longe de suas casas.<\/p>\n<p>Tendo em conta os ambientes de investiga\u00e7\u00e3o limitados em que os pesquisadores est\u00e3o inseridos, os recursos de todo o mundo podem ser usados para subsidiar a investiga\u00e7\u00e3o do norte. Ao mesmo tempo, investigadores do norte que fazem pesquisa em pa\u00edses em desenvolvimento acabam publicando seus resultados nas mesmas revistas, localizadas no lado de cima do globo.<\/p>\n<h2>Pesquisa invis\u00edvel<\/h2>\n<p>H\u00e1 outro problema com este mapa: ele s\u00f3 conta como ci\u00eancia artigos que s\u00e3o resultado da publica\u00e7\u00e3o em revistas cient\u00edficas, ignorando coisas como monografias e relat\u00f3rios t\u00e9cnicos e pol\u00edticos, por exemplo. Al\u00e9m disso, exclui as ci\u00eancias sociais e outros g\u00eaneros da \u00e1rea de humanidades.<\/p>\n<p>Outra categoria de \u201cinvestiga\u00e7\u00e3o invis\u00edvel\u201d do sul \u00e9 a encomendada pelo governo e realizada por consultores, muitos dos quais s\u00e3o do meio acad\u00eamico. Mesmo quando \u00e9 publicado, esse tipo de pesquisa muitas vezes n\u00e3o \u00e9 atribu\u00eddo aos seus verdadeiros autores.<\/p>\n<p>O acesso \u00e9 outra quest\u00e3o. As revistas cobi\u00e7adas geralmente s\u00e3o caras, e pesquisadores em ambientes com recursos limitados n\u00e3o podem se dar a esse luxo. A situa\u00e7\u00e3o deve melhorar gra\u00e7as \u00e0s pol\u00edticas de acesso aberto sendo atualmente desenvolvidas na Uni\u00e3o Europeia, no Reino Unido e em outros lugares.<\/p>\n<p>No entanto, se o mundo em desenvolvimento n\u00e3o criar pol\u00edticas nacionais e regionais similares, a pesquisa nesse canto do planeta ficar\u00e1 ainda mais invis\u00edvel. Isso pode involuntariamente consolidar a impress\u00e3o err\u00f4nea de que esses estudiosos n\u00e3o est\u00e3o produzindo nada ou t\u00eam pouco a contribuir para o conhecimento global. [<a href=\"http:\/\/io9.com\/a-world-map-based-on-scientific-research-papers-produce-1717444215\" target=\"_blank\" rel=\"nofollow\">io9<\/a>, <a href=\"http:\/\/oglobo.globo.com\/sociedade\/sem-recursos-neurocientista-pensa-em-fechar-laboratorio-sair-do-brasil-16639471\" target=\"_blank\" rel=\"nofollow\">OGlobo<\/a>]<\/p>\n<p>Dispon\u00edvel em: &lt;<a href=\"http:\/\/hypescience.com\/mapa-mundo-ciencia-producao-cientifica\/\">http:\/\/hypescience.com\/mapa-mundo-ciencia-producao-cientifica\/<\/a>&gt;. Acesso em: 6 ago. 2015.<\/p>\n","protected":false},"excerpt":{"rendered":"<p>Se o mundo fosse mapeado de acordo com quantos trabalhos de investiga\u00e7\u00e3o cient\u00edfica cada pa\u00eds produz, assumiria uma apar\u00eancia bizarra e irregular. O norte se ampliaria, enquanto o hemisf\u00e9rio sul praticamente desapareceria. O que impulsiona essa desigualdade? Dinheiro e tecnologia s\u00e3o fatores que influenciam quanto se trata de produzir pesquisas. A m\u00e9dia de pesquisa e &#8230; <a title=\"Estranho mapa do mundo baseado na produ\u00e7\u00e3o cient\u00edfica\" class=\"read-more\" href=\"https:\/\/mundobibliotecario.com.br\/index.php\/2015\/08\/06\/estranho-mapa-do-mundo-baseado-na-producao-cientifica\/\" aria-label=\"Read more about Estranho mapa do mundo baseado na produ\u00e7\u00e3o cient\u00edfica\">Ler mais<\/a><\/p>\n","protected":false},"author":1,"featured_media":0,"comment_status":"open","ping_status":"open","sticky":false,"template":"","format":"standard","meta":{"_mi_skip_tracking":false,"_exactmetrics_sitenote_active":false,"_exactmetrics_sitenote_note":"","_exactmetrics_sitenote_category":0,"_jetpack_newsletter_access":"","footnotes":""},"categories":[60],"tags":[448],"class_list":["post-3803","post","type-post","status-publish","format-standard","hentry","category-noticias","tag-producao-cientifica"],"jetpack_featured_media_url":"","jetpack_sharing_enabled":true,"jetpack-related-posts":[{"id":2677,"url":"https:\/\/mundobibliotecario.com.br\/index.php\/2012\/07\/28\/fapesp-e-thomson-reuters-anunciam-acordo-para-integracao-de-bases-de-informacao-cientifica\/","url_meta":{"origin":3803,"position":0},"title":"FAPESP e Thomson Reuters anunciam acordo para integra\u00e7\u00e3o de bases de informa\u00e7\u00e3o cient\u00edfica","author":"mundobibliotecario","date":"28\/07\/2012","format":false,"excerpt":"27\/07\/2012 Ag\u00eancia FAPESP \u2013 A FAPESP e a divis\u00e3o de propriedade intelectual e ci\u00eancia da Thomson Reuters anunciaram, no dia 25 de julho, um acordo para integrar a base de dados do Programa Scientific Electronic Library Online (SciELO) \u00e0 Web of Knowledge, a mais abrangente base internacional de informa\u00e7\u00f5es cient\u00edficas.\u2026","rel":"","context":"Em &quot;Not\u00edcias&quot;","block_context":{"text":"Not\u00edcias","link":"https:\/\/mundobibliotecario.com.br\/index.php\/category\/noticias\/"},"img":{"alt_text":"","src":"","width":0,"height":0},"classes":[]},{"id":4253,"url":"https:\/\/mundobibliotecario.com.br\/index.php\/2016\/04\/14\/versila-da-acesso-a-acervo-dos-melhores-centros-de-pesquisa\/","url_meta":{"origin":3803,"position":1},"title":"\u201cV\u00e9rsila\u201d d\u00e1 acesso a acervo dos melhores centros de pesquisa","author":"mundobibliotecario","date":"14\/04\/2016","format":false,"excerpt":"Assessoria de Comunica\u00e7\u00e3o 13-Abr-2016 Desenvolvida por pesquisadores da USP, a Biblioteca Digital V\u00e9rsila \u00e9 considerada a maior em acervo digital acad\u00eamico do hemisf\u00e9rio sul, e disponibiliza gratuitamente toda a produ\u00e7\u00e3o cient\u00edfica aberta dos melhores centros de pesquisa do mundo. Desde seu lan\u00e7amento, no final de 2015, a V\u00e9rsila j\u00e1 teve\u2026","rel":"","context":"Em &quot;Not\u00edcias&quot;","block_context":{"text":"Not\u00edcias","link":"https:\/\/mundobibliotecario.com.br\/index.php\/category\/noticias\/"},"img":{"alt_text":"","src":"","width":0,"height":0},"classes":[]},{"id":2931,"url":"https:\/\/mundobibliotecario.com.br\/index.php\/2013\/02\/23\/conhecimento-ilhado\/","url_meta":{"origin":3803,"position":2},"title":"Conhecimento ilhado","author":"mundobibliotecario","date":"23\/02\/2013","format":false,"excerpt":"Economias emergentes registram autocita\u00e7\u00e3o nacional excessiva e chamam aten\u00e7\u00e3o para os efeitos do isolamento BRUNO DE PIERRO | Edi\u00e7\u00e3o 204 - Fevereiro de 2013 Pa\u00edses do chamado Brics (Brasil, \u00cdndia, China e R\u00fassia), junto com outros casos particulares, como o Ir\u00e3, t\u00eam registrado elevados \u00edndices de autocita\u00e7\u00e3o nacional, provocando o\u2026","rel":"","context":"Em &quot;Not\u00edcias&quot;","block_context":{"text":"Not\u00edcias","link":"https:\/\/mundobibliotecario.com.br\/index.php\/category\/noticias\/"},"img":{"alt_text":"","src":"https:\/\/i0.wp.com\/revistapesquisa.fapesp.br\/wp-content\/uploads\/2013\/02\/030-033_Insularidade_204-2-268x300.jpg?resize=350%2C200","width":350,"height":200},"classes":[]},{"id":4007,"url":"https:\/\/mundobibliotecario.com.br\/index.php\/2015\/10\/21\/o-brasil-e-lider-em-producao-cientifica-e-disseminacao-em-acesso-aberto-na-america-latina\/","url_meta":{"origin":3803,"position":3},"title":"\u2018O Brasil \u00e9 l\u00edder em produ\u00e7\u00e3o cient\u00edfica e dissemina\u00e7\u00e3o em acesso aberto na Am\u00e9rica Latina\u2019","author":"mundobibliotecario","date":"21\/10\/2015","format":false,"excerpt":"Setembro\/2015 Juliana Reis e Roberta Cardoso Cerqueira |\u00a0Portal de Peri\u00f3dicos Fiocruz Dominque Babini \u00e9 coordenadora do Programa de Acesso Aberto do Conselho Latino-Americano de Ci\u00eancias Sociais (Clacso). P\u00f3s-graduada em documenta\u00e7\u00e3o, ci\u00eancias da computa\u00e7\u00e3o e informa\u00e7\u00e3o pela Universidade de Buenos Aires (Argentina), ela participa de diversos projetos na \u00e1rea de acesso\u2026","rel":"","context":"Em &quot;Not\u00edcias&quot;","block_context":{"text":"Not\u00edcias","link":"https:\/\/mundobibliotecario.com.br\/index.php\/category\/noticias\/"},"img":{"alt_text":"","src":"https:\/\/i0.wp.com\/www.revistahcsm.coc.fiocruz.br\/wp-content\/uploads\/2015\/09\/Dominique-Babini.jpg?resize=350%2C200","width":350,"height":200},"classes":[]},{"id":2493,"url":"https:\/\/mundobibliotecario.com.br\/index.php\/2012\/03\/13\/vagas-para-bolsistas-de-iniciacao-cientifica-npccecausp\/","url_meta":{"origin":3803,"position":4},"title":"Vagas para bolsistas de Inicia\u00e7\u00e3o Cient\u00edfica &#8211; NPCC\/ECA\/USP","author":"mundobibliotecario","date":"13\/03\/2012","format":false,"excerpt":"Contribui\u00e7\u00e3o de Caio Lamas. *** Vagas para bolsistas de Inicia\u00e7\u00e3o Cient\u00edfica N\u00facleo de Pesquisa em Comunica\u00e7\u00e3o e Censura (NPCC) O N\u00facleo de Pesquisa em Comunica\u00e7\u00e3o e Censura (NPCC) da ECA\/USP est\u00e1 com vagas abertas para bolsistas de gradua\u00e7\u00e3o do segundo ao pen\u00faltimo ano. O objetivo do NPCC \u00e9 pesquisar a\u2026","rel":"","context":"Em &quot;Not\u00edcias&quot;","block_context":{"text":"Not\u00edcias","link":"https:\/\/mundobibliotecario.com.br\/index.php\/category\/noticias\/"},"img":{"alt_text":"","src":"","width":0,"height":0},"classes":[]},{"id":4985,"url":"https:\/\/mundobibliotecario.com.br\/index.php\/2018\/08\/18\/elevacao-da-plataforma\/","url_meta":{"origin":3803,"position":5},"title":"Eleva\u00e7\u00e3o da plataforma","author":"mundobibliotecario","date":"18\/08\/2018","format":false,"excerpt":"Moderniza\u00e7\u00e3o da base de curr\u00edculos Lattes busca ampliar a confian\u00e7a em seus dados e estimula debate sobre o potencial da ferramenta A\u00a0Plataforma Lattes, uma base de dados que re\u00fane mais de 5 milh\u00f5es de curr\u00edculos de pesquisadores e estudantes do pa\u00eds, vai passar por um processo de moderniza\u00e7\u00e3o at\u00e9 o\u2026","rel":"","context":"Em &quot;Not\u00edcias&quot;","block_context":{"text":"Not\u00edcias","link":"https:\/\/mundobibliotecario.com.br\/index.php\/category\/noticias\/"},"img":{"alt_text":"","src":"","width":0,"height":0},"classes":[]}],"jetpack_likes_enabled":true,"jetpack_shortlink":"https:\/\/wp.me\/pcbzwa-Zl","_links":{"self":[{"href":"https:\/\/mundobibliotecario.com.br\/index.php\/wp-json\/wp\/v2\/posts\/3803","targetHints":{"allow":["GET"]}}],"collection":[{"href":"https:\/\/mundobibliotecario.com.br\/index.php\/wp-json\/wp\/v2\/posts"}],"about":[{"href":"https:\/\/mundobibliotecario.com.br\/index.php\/wp-json\/wp\/v2\/types\/post"}],"author":[{"embeddable":true,"href":"https:\/\/mundobibliotecario.com.br\/index.php\/wp-json\/wp\/v2\/users\/1"}],"replies":[{"embeddable":true,"href":"https:\/\/mundobibliotecario.com.br\/index.php\/wp-json\/wp\/v2\/comments?post=3803"}],"version-history":[{"count":0,"href":"https:\/\/mundobibliotecario.com.br\/index.php\/wp-json\/wp\/v2\/posts\/3803\/revisions"}],"wp:attachment":[{"href":"https:\/\/mundobibliotecario.com.br\/index.php\/wp-json\/wp\/v2\/media?parent=3803"}],"wp:term":[{"taxonomy":"category","embeddable":true,"href":"https:\/\/mundobibliotecario.com.br\/index.php\/wp-json\/wp\/v2\/categories?post=3803"},{"taxonomy":"post_tag","embeddable":true,"href":"https:\/\/mundobibliotecario.com.br\/index.php\/wp-json\/wp\/v2\/tags?post=3803"}],"curies":[{"name":"wp","href":"https:\/\/api.w.org\/{rel}","templated":true}]}}