{"id":3821,"date":"2015-08-18T15:00:09","date_gmt":"2015-08-18T18:00:09","guid":{"rendered":"https:\/\/mundobibliotecario.wordpress.com\/?p=3821"},"modified":"2020-07-21T23:25:18","modified_gmt":"2020-07-22T02:25:18","slug":"congresso-da-ifla-2015","status":"publish","type":"post","link":"https:\/\/mundobibliotecario.com.br\/index.php\/2015\/08\/18\/congresso-da-ifla-2015\/","title":{"rendered":"Congresso da IFLA 2015"},"content":{"rendered":"<p>Acompanhe atrav\u00e9s da hashtag #wlic2015 nas redes sociais o Congresso da IFLA 2015, que est\u00e1 ano ocorre de 15 a 21\/8\u00a0em Cape Town, \u00c1frica do Sul.<\/p>\n<p>Sempre com muitas novidades,\u00a0sendo uma delas a <a href=\"http:\/\/www.ifla.org\/files\/assets\/wlic\/2015\/documents\/cape-town-declaration-of-ministers.pdf\">Declara\u00e7\u00e3o de Cape Town<\/a>. Com certeza, vir\u00e3o outras por a\u00ed!<\/p>\n","protected":false},"excerpt":{"rendered":"<p>Acompanhe atrav\u00e9s da hashtag #wlic2015 nas redes sociais o Congresso da IFLA 2015, que est\u00e1 ano ocorre de 15 a 21\/8\u00a0em Cape Town, \u00c1frica do Sul. Sempre com muitas novidades,\u00a0sendo uma delas a Declara\u00e7\u00e3o de Cape Town. Com certeza, vir\u00e3o outras por a\u00ed!<\/p>\n","protected":false},"author":1,"featured_media":0,"comment_status":"open","ping_status":"open","sticky":false,"template":"","format":"standard","meta":{"_mi_skip_tracking":false,"_exactmetrics_sitenote_active":false,"_exactmetrics_sitenote_note":"","_exactmetrics_sitenote_category":0,"_jetpack_newsletter_access":"","footnotes":""},"categories":[27],"tags":[1094,1246],"class_list":["post-3821","post","type-post","status-publish","format-standard","hentry","category-eventos","tag-ifla","tag-wlic2015"],"jetpack_featured_media_url":"","jetpack_sharing_enabled":true,"jetpack-related-posts":[{"id":3872,"url":"https:\/\/mundobibliotecario.com.br\/index.php\/2015\/09\/02\/ifla-publica-duas-novas-directrizes\/","url_meta":{"origin":3821,"position":0},"title":"IFLA publica duas novas directrizes","author":"mundobibliotecario","date":"02\/09\/2015","format":false,"excerpt":"Directrizes da IFLA para as Bibliotecas Escolares (2\u00aa edi\u00e7\u00e3o) As Directrizes da IFLA para as Bibliotecas Escolares, 2\u00aa edi\u00e7\u00e3o, foram aprovadas pelo Comit\u00e9 Profissional, sob proposta do Comit\u00e9 de Standards da IFLA no passado m\u00eas de junho. Escritas e revistas pela Sec\u00e7\u00e3o de Bibliotecas Escolares da IFLA ao longo de\u2026","rel":"","context":"Em &quot;Not\u00edcias&quot;","block_context":{"text":"Not\u00edcias","link":"https:\/\/mundobibliotecario.com.br\/index.php\/category\/noticias\/"},"img":{"alt_text":"","src":"","width":0,"height":0},"classes":[]},{"id":3218,"url":"https:\/\/mundobibliotecario.com.br\/index.php\/2013\/08\/23\/encerramento-do-congresso-da-ifla-2013\/","url_meta":{"origin":3821,"position":1},"title":"Encerramento do Congresso da IFLA 2013","author":"mundobibliotecario","date":"23\/08\/2013","format":false,"excerpt":"Infelizmente n\u00e3o pude cobrir o Congresso da IFLA 2013 como gostaria, mas fica registrado meu agradecimento pela divulga\u00e7\u00e3o do Mundo Bibliotec\u00e1rio no IFLA Express. \u00c9 uma oportunidade \u00fanica e muito gratificante para trazer ao conhecimento dos bibliotec\u00e1rios brasileiros um pouco do que est\u00e1 sendo discutindo no maior evento da \u00e1rea.\u2026","rel":"","context":"Em &quot;Eventos&quot;","block_context":{"text":"Eventos","link":"https:\/\/mundobibliotecario.com.br\/index.php\/category\/eventos\/"},"img":{"alt_text":"","src":"","width":0,"height":0},"classes":[]},{"id":3203,"url":"https:\/\/mundobibliotecario.com.br\/index.php\/2013\/08\/10\/ifla-blogger\/","url_meta":{"origin":3821,"position":2},"title":"IFLA blogger!","author":"mundobibliotecario","date":"10\/08\/2013","format":false,"excerpt":"Bibliotec\u00e1rios, n\u00e3o percam a oportunidade de blogarem para o congresso da IFLA 2013! Oportunidade \u00fanica! Que sirva de inspira\u00e7\u00e3o para os pr\u00f3ximos congressos brasileiros. A publica\u00e7\u00e3o abaixo foi retirada do Facebook da FEBAB. *** Aten\u00e7\u00e3o BLOGUEIROS da Biblioteconomia. Voc\u00ea gostaria de estar blogando sobre o Congresso da IFLA deste ano,\u2026","rel":"","context":"Em &quot;Not\u00edcias&quot;","block_context":{"text":"Not\u00edcias","link":"https:\/\/mundobibliotecario.com.br\/index.php\/category\/noticias\/"},"img":{"alt_text":"","src":"","width":0,"height":0},"classes":[]},{"id":3214,"url":"https:\/\/mundobibliotecario.com.br\/index.php\/2013\/08\/18\/show-de-abertura-do-congresso-da-ifla-2013\/","url_meta":{"origin":3821,"position":3},"title":"Show de abertura do Congresso da IFLA 2013","author":"mundobibliotecario","date":"18\/08\/2013","format":false,"excerpt":"[youtube=http:\/\/www.youtube.com\/watch?v=so5Br27du2A&feature=youtu.be]","rel":"","context":"Em &quot;Eventos&quot;","block_context":{"text":"Eventos","link":"https:\/\/mundobibliotecario.com.br\/index.php\/category\/eventos\/"},"img":{"alt_text":"","src":"","width":0,"height":0},"classes":[]},{"id":3216,"url":"https:\/\/mundobibliotecario.com.br\/index.php\/2013\/08\/20\/o-congresso-da-ifla-2013-continua\/","url_meta":{"origin":3821,"position":4},"title":"O Congresso da IFLA 2013 continua&#8230;","author":"mundobibliotecario","date":"20\/08\/2013","format":false,"excerpt":"Procurando pela\u00a0hashtag wlic2013 no Twitter, localizei os links abaixo que acredito que merecem ser compartilhados pela atualidade dos temas. 1)\u00a0Princ\u00edpios da IFLA para empr\u00e9stimo eletr\u00f4nico Segue a produ\u00e7\u00e3o do documento de base da IFLA sobre empr\u00e9stimo eletr\u00f4nico do Conselho Diretivo da IFLA encarregado do Grupo de Trabalho de empr\u00e9stimo eletr\u00f4nico\u2026","rel":"","context":"Em &quot;Eventos&quot;","block_context":{"text":"Eventos","link":"https:\/\/mundobibliotecario.com.br\/index.php\/category\/eventos\/"},"img":{"alt_text":"","src":"","width":0,"height":0},"classes":[]},{"id":4639,"url":"https:\/\/mundobibliotecario.com.br\/index.php\/2018\/01\/18\/2018-ifla-world-library-and-information-congress-participation-grants\/","url_meta":{"origin":3821,"position":5},"title":"2018 IFLA World Library and Information Congress Participation Grants","author":"mundobibliotecario","date":"18\/01\/2018","format":false,"excerpt":"A IFLA est\u00e1 oferecendo subs\u00eddios para participar do congresso mundial de 2018 na Mal\u00e1sia! Inscri\u00e7\u00f5es at\u00e9 1\/3\/18! Veja como participar! \u00a0 IFLA\u00a0World Library and Information Congress Participation Grants\u00a0\u00a0\u00a0\u00a0\u00a0\u00a0\u00a0\u00a0\u00a0\u00a0\u00a0\u00a0\u00a0\u00a0\u00a0\u00a0\u00a0 It is our great pleasure to announce that the\u00a0IFLA\u00a0World Library and Information Congress 2018 has made available funds to provide support for\u00a020\u2026","rel":"","context":"Em &quot;Eventos&quot;","block_context":{"text":"Eventos","link":"https:\/\/mundobibliotecario.com.br\/index.php\/category\/eventos\/"},"img":{"alt_text":"","src":"","width":0,"height":0},"classes":[]}],"jetpack_likes_enabled":true,"jetpack_shortlink":"https:\/\/wp.me\/pcbzwa-ZD","_links":{"self":[{"href":"https:\/\/mundobibliotecario.com.br\/index.php\/wp-json\/wp\/v2\/posts\/3821","targetHints":{"allow":["GET"]}}],"collection":[{"href":"https:\/\/mundobibliotecario.com.br\/index.php\/wp-json\/wp\/v2\/posts"}],"about":[{"href":"https:\/\/mundobibliotecario.com.br\/index.php\/wp-json\/wp\/v2\/types\/post"}],"author":[{"embeddable":true,"href":"https:\/\/mundobibliotecario.com.br\/index.php\/wp-json\/wp\/v2\/users\/1"}],"replies":[{"embeddable":true,"href":"https:\/\/mundobibliotecario.com.br\/index.php\/wp-json\/wp\/v2\/comments?post=3821"}],"version-history":[{"count":1,"href":"https:\/\/mundobibliotecario.com.br\/index.php\/wp-json\/wp\/v2\/posts\/3821\/revisions"}],"predecessor-version":[{"id":6620,"href":"https:\/\/mundobibliotecario.com.br\/index.php\/wp-json\/wp\/v2\/posts\/3821\/revisions\/6620"}],"wp:attachment":[{"href":"https:\/\/mundobibliotecario.com.br\/index.php\/wp-json\/wp\/v2\/media?parent=3821"}],"wp:term":[{"taxonomy":"category","embeddable":true,"href":"https:\/\/mundobibliotecario.com.br\/index.php\/wp-json\/wp\/v2\/categories?post=3821"},{"taxonomy":"post_tag","embeddable":true,"href":"https:\/\/mundobibliotecario.com.br\/index.php\/wp-json\/wp\/v2\/tags?post=3821"}],"curies":[{"name":"wp","href":"https:\/\/api.w.org\/{rel}","templated":true}]}}