{"id":3830,"date":"2015-08-22T19:00:26","date_gmt":"2015-08-22T22:00:26","guid":{"rendered":"https:\/\/mundobibliotecario.wordpress.com\/?p=3830"},"modified":"2020-07-21T23:54:18","modified_gmt":"2020-07-22T02:54:18","slug":"dorina-nowill-lanca-biblioteca-digital-para-cegos","status":"publish","type":"post","link":"https:\/\/mundobibliotecario.com.br\/index.php\/2015\/08\/22\/dorina-nowill-lanca-biblioteca-digital-para-cegos\/","title":{"rendered":"Dorina Nowill lan\u00e7a biblioteca digital para cegos"},"content":{"rendered":"<p>A Dorinateca \u00e9 uma biblioteca digital para cegos do Instituto Dorina Nowill. A novidade proporciona uma biblioteca sem fronteiras, com acesso facilitado e amplo a um acervo de livros nos formatos \u00e1udio e digital acess\u00edvel Daisy, al\u00e9m de arquivos para impress\u00e3o de publica\u00e7\u00f5es em braille. No site, todos os t\u00edtulos e formatos acess\u00edveis estar\u00e3o dispon\u00edveis para download para as pessoas com defici\u00eancia visual, protegidos por um finger print, evitando a pirataria.<\/p>\n<p>O acervo acess\u00edvel da Funda\u00e7\u00e3o Dorina, disponibilizado em livros impressos em braille, em \u00e1udio ou digitais acess\u00edveis gravados em CDs, continuar\u00e1 a ser produzido. Por\u00e9m, a plataforma digital deve ampliar de forma significativa o acesso deste p\u00fablico a livros acess\u00edveis em qualquer lugar que estejam. Para acessar a e usufruir do acervo, os requisitos s\u00e3o o cadastro na Dorinateca e o acesso \u00e0 internet.<\/p>\n<p>O projeto foi viabilizado pelo Minist\u00e9rio da Cultura e contou com o patroc\u00ednio dos Parceiros de Vis\u00e3o Cielo, Sanofi e Carrefour. Estas empresas acreditam que \u00e9 necess\u00e1rio estimular o conhecimento e minimizar os preconceitos quanto \u00e0s limita\u00e7\u00f5es da pessoa cega e ampliar suas ferramentas de acesso \u00e0 cultura e \u00e0 educa\u00e7\u00e3o. A plataforma foi desenvolvida pela empresa Results.<\/p>\n<p>\u201cOs livros poder\u00e3o ser baixados, de forma aut\u00f4noma e \u00e1gil, diretamente pela plataforma Dorinateca conforme o interesse e recurso desejado pelas pessoas com defici\u00eancia visual. \u00c9 como ter uma prateleira de livros acess\u00edveis em um ambiente virtual\u201d, afirma Ana Paula Silva, coordenadora de acesso ao livro, da institui\u00e7\u00e3o. A profissional refor\u00e7a que h\u00e1 ainda um acr\u00e9scimo: \u201co acervo dispon\u00edvel apoiar\u00e1 na alfabetiza\u00e7\u00e3o por meio do braille, pois tamb\u00e9m disponibiliza arquivos apropriados para impressoras braille. Assim, refor\u00e7amos que os formatos de materiais acess\u00edveis se somam e a tecnologia \u00e9 utilizada como complemento e incentivo \u00e0 leitura e \u00e0 alfabetiza\u00e7\u00e3o\u201d.<\/p>\n<p>O projeto prev\u00ea que at\u00e9 o final de 2015, a biblioteca online conte com mais de 4400 t\u00edtulos em formatos acess\u00edveis. Al\u00e9m do acervo que a Funda\u00e7\u00e3o Dorina j\u00e1 possui, ser\u00e3o editados mais 100 novos t\u00edtulos de literatura nacional, estrangeira e infanto-juvenil, best-sellers, conte\u00fados para concursos p\u00fablicos e outros temas e, assim como todos os t\u00edtulos que forem transcritos a partir de agora, ser\u00e3o adicionados \u00e0 Dorinateca. Estes materiais poder\u00e3o atender a milhares pessoas j\u00e1 cadastradas na institui\u00e7\u00e3o e poder\u00e3o fazer a diferen\u00e7a na vida das mais de 6,5 milh\u00f5es de pessoas que possuem alguma defici\u00eancia visual em todo o Brasil. As pessoas que enxergam ter\u00e3o acesso a t\u00edtulos de dom\u00ednio p\u00fablico e tamb\u00e9m poder\u00e3o usufruir dessa ferramenta e ainda conhecer mais sobre os formatos acess\u00edveis.<\/p>\n<p>\u201cA Funda\u00e7\u00e3o Dorina acompanha o avan\u00e7o tecnol\u00f3gico e busca atender as demandas das pessoas com defici\u00eancia visual. Este projeto \u00e9 mais um recurso para facilitar que estes leitores possam seguir a tend\u00eancia de consumo atual de conte\u00fado, que prop\u00f5e que a informa\u00e7\u00e3o esteja em qualquer lugar, a qualquer hora, e possa ser acessada rapidamente\u201d, completa Ana Paula.<\/p>\n<p>Dispon\u00edvel em: &lt;http:\/\/www.blogdogaleno.com.br\/2015\/08\/17\/dorina-nowill-lanca-biblioteca-digital-para-cegos&gt;. Acesso em: 21 ago. 2015.<\/p>\n","protected":false},"excerpt":{"rendered":"<p>A Dorinateca \u00e9 uma biblioteca digital para cegos do Instituto Dorina Nowill. A novidade proporciona uma biblioteca sem fronteiras, com acesso facilitado e amplo a um acervo de livros nos formatos \u00e1udio e digital acess\u00edvel Daisy, al\u00e9m de arquivos para impress\u00e3o de publica\u00e7\u00f5es em braille. No site, todos os t\u00edtulos e formatos acess\u00edveis estar\u00e3o dispon\u00edveis &#8230; <a title=\"Dorina Nowill lan\u00e7a biblioteca digital para cegos\" class=\"read-more\" href=\"https:\/\/mundobibliotecario.com.br\/index.php\/2015\/08\/22\/dorina-nowill-lanca-biblioteca-digital-para-cegos\/\" aria-label=\"Read more about Dorina Nowill lan\u00e7a biblioteca digital para cegos\">Ler mais<\/a><\/p>\n","protected":false},"author":1,"featured_media":0,"comment_status":"open","ping_status":"open","sticky":false,"template":"","format":"standard","meta":{"_mi_skip_tracking":false,"_exactmetrics_sitenote_active":false,"_exactmetrics_sitenote_note":"","_exactmetrics_sitenote_category":0,"_jetpack_newsletter_access":"","footnotes":""},"categories":[60],"tags":[846,1247,1248],"class_list":["post-3830","post","type-post","status-publish","format-standard","hentry","category-noticias","tag-acessibilidade","tag-braille","tag-formato-daisy"],"jetpack_featured_media_url":"","jetpack_sharing_enabled":true,"jetpack-related-posts":[{"id":9981,"url":"https:\/\/mundobibliotecario.com.br\/index.php\/2022\/06\/02\/projeto-de-lei-determina-a-obrigatoriedade-de-livros-acessiveis-e-tecnologias-assistidas-nas-bibliotecas-publicas\/","url_meta":{"origin":3830,"position":0},"title":"Projeto de lei determina a obrigatoriedade de livros acess\u00edveis e tecnologias assistidas nas bibliotecas p\u00fablicas","author":"mundobibliotecario","date":"02\/06\/2022","format":false,"excerpt":"O\u00a0 Projeto de Lei 1454\/2022, apresentado pelo deputado Francisco Jr. (PSD\/GO) em 01\/06\/2022, prev\u00ea uma altera\u00e7\u00e3o no art. 7\u00ba da Lei n\u00ba 10.753 (Pol\u00edtica Nacional do Livro). O projeto prop\u00f5e\u00a0a obrigatoriedade da presen\u00e7a de livros acess\u00edveis e tecnologias assistidas nas bibliotecas p\u00fablicas para garantir o acesso \u00e0s obras do acervo\u2026","rel":"","context":"Em &quot;Not\u00edcias&quot;","block_context":{"text":"Not\u00edcias","link":"https:\/\/mundobibliotecario.com.br\/index.php\/category\/noticias\/"},"img":{"alt_text":"","src":"https:\/\/i0.wp.com\/mundobibliotecario.com.br\/wp-content\/uploads\/2022\/06\/braille-g8f7857196_640.jpg?resize=350%2C200&ssl=1","width":350,"height":200},"classes":[]},{"id":3654,"url":"https:\/\/mundobibliotecario.com.br\/index.php\/2014\/11\/23\/snbu-2014-dias-20112014-e-21112014\/","url_meta":{"origin":3830,"position":1},"title":"SNBU 2014: dias 20\/11\/2014 e 21\/11\/2014","author":"mundobibliotecario","date":"23\/11\/2014","format":false,"excerpt":"Sob o tema \"Bibliotecas universit\u00e1rias: intermedia\u00e7\u00e3o e produ\u00e7\u00e3o do conhecimento em tempos de conex\u00f5es digitais\" e eixo tem\u00e1tico \"Tecnologia\", o professor Murilo Bastos da Cunha (UnB) proferiu a confer\u00eancia do quarto dia do SNBU 2014, \"A biblioteca universit\u00e1ria e a gest\u00e3o de dados cient\u00edficos\". Inicialmente o conferencista apresentou o conceito\u2026","rel":"","context":"Em &quot;Eventos&quot;","block_context":{"text":"Eventos","link":"https:\/\/mundobibliotecario.com.br\/index.php\/category\/eventos\/"},"img":{"alt_text":"","src":"","width":0,"height":0},"classes":[]},{"id":3828,"url":"https:\/\/mundobibliotecario.com.br\/index.php\/2015\/08\/21\/apos-rasgar-livro-menino-pede-desculpas-a-biblioteca-em-toronto\/","url_meta":{"origin":3830,"position":2},"title":"Ap\u00f3s rasgar livro, menino pede desculpas a biblioteca em Toronto","author":"mundobibliotecario","date":"21\/08\/2015","format":false,"excerpt":"O pequeno autor de um bilhete de desculpas, encontrado dentro de um livro da Biblioteca P\u00fablica de Toronto, est\u00e1 ganhando muitos elogios nas redes sociais. Dentro de um envelope, endere\u00e7ado apenas a \u201cBiblioteca\u201d, o bilhete dizia: \u201cSinto muito que uma p\u00e1gina rasgou quando ele (o livro) caiu do meu beliche,\u2026","rel":"","context":"Em &quot;Not\u00edcias&quot;","block_context":{"text":"Not\u00edcias","link":"https:\/\/mundobibliotecario.com.br\/index.php\/category\/noticias\/"},"img":{"alt_text":"","src":"","width":0,"height":0},"classes":[]},{"id":9594,"url":"https:\/\/mundobibliotecario.com.br\/index.php\/2021\/11\/06\/projeto-de-fabio-luis-que-propoe-biblioteca-publica-digital-e-aprovado-na-camara\/","url_meta":{"origin":3830,"position":3},"title":"Projeto de Fabio Luis que prop\u00f5e biblioteca p\u00fablica digital \u00e9 aprovado na C\u00e2mara","author":"mundobibliotecario","date":"06\/11\/2021","format":false,"excerpt":"Fabio Luis defende o servi\u00e7o p\u00fablico tecnol\u00f3gico e eficiente \u2013 Foto: Alexandre Pimenta A C\u00e2mara de Vereadores aprovou o projeto elaborado pelo vereador Fabio Luis (Republicanos) que institui a Biblioteca P\u00fablica Digital de Dourados. A iniciativa teve ades\u00e3o de todos os parlamentares da Casa de Leis durante vota\u00e7\u00e3o na sess\u00e3o\u2026","rel":"","context":"Em &quot;Not\u00edcias&quot;","block_context":{"text":"Not\u00edcias","link":"https:\/\/mundobibliotecario.com.br\/index.php\/category\/noticias\/"},"img":{"alt_text":"","src":"https:\/\/i0.wp.com\/mundobibliotecario.com.br\/wp-content\/uploads\/2021\/10\/Fabio-Luis-300x200-1.jpeg?resize=350%2C200&ssl=1","width":350,"height":200},"classes":[]},{"id":5941,"url":"https:\/\/mundobibliotecario.com.br\/index.php\/2020\/07\/21\/diretorio-brasileiro-de-bibliotecas-acessiveis\/","url_meta":{"origin":3830,"position":4},"title":"Diret\u00f3rio Brasileiro de Bibliotecas Acess\u00edveis","author":"mundobibliotecario","date":"21\/07\/2020","format":false,"excerpt":"Cr\u00e9dito: GT Acessibilidade FEBAB O GT Acessibilidade (GT-Acess) da Federa\u00e7\u00e3o Brasileira das Associa\u00e7\u00f5es de Bibliotec\u00e1rios (FEBAB), est\u00e1 organizando o Diret\u00f3rio Brasileiro de Bibliotecas Acess\u00edveis de institui\u00e7\u00f5es p\u00fablicas e privadas, municipais, estaduais ou federais. Este Diret\u00f3rio visa tornar-se uma fonte de refer\u00eancia sobre as bibliotecas brasileiras que disponibilizam: acervos em formato\u2026","rel":"","context":"Em &quot;Not\u00edcias&quot;","block_context":{"text":"Not\u00edcias","link":"https:\/\/mundobibliotecario.com.br\/index.php\/category\/noticias\/"},"img":{"alt_text":"","src":"https:\/\/i0.wp.com\/mundobibliotecario.com.br\/wp-content\/uploads\/2020\/07\/WhatsApp-Image-2020-07-22-at-11.37.33.jpeg?resize=350%2C200&ssl=1","width":350,"height":200},"classes":[]},{"id":3032,"url":"https:\/\/mundobibliotecario.com.br\/index.php\/2013\/03\/19\/livros-digitais-ajudam-a-revigorar-bibliotecas-publicas\/","url_meta":{"origin":3830,"position":5},"title":"Livros digitais ajudam a revigorar bibliotecas p\u00fablicas","author":"mundobibliotecario","date":"19\/03\/2013","format":false,"excerpt":"Em bibliotecas, livros de papel dividem espa\u00e7o agora com os digitais (Foto: Tom Pennington\/Getty Images) Logo ao entrar na Biblioteca P\u00fablica de Nova York, em Nova York, os leitores encontram a frase: \u201cA biblioteca \u00e9 esperan\u00e7a, \u00e9 conhecimento, e \u00e9 poder\u201d. Depois da recep\u00e7\u00e3o, podem andar pelos corredores ou ir\u2026","rel":"","context":"Em &quot;Not\u00edcias&quot;","block_context":{"text":"Not\u00edcias","link":"https:\/\/mundobibliotecario.com.br\/index.php\/category\/noticias\/"},"img":{"alt_text":"","src":"https:\/\/i0.wp.com\/s03.video.glbimg.com\/x240\/2435894.jpg?resize=350%2C200","width":350,"height":200},"classes":[]}],"jetpack_likes_enabled":true,"jetpack_shortlink":"https:\/\/wp.me\/pcbzwa-ZM","_links":{"self":[{"href":"https:\/\/mundobibliotecario.com.br\/index.php\/wp-json\/wp\/v2\/posts\/3830","targetHints":{"allow":["GET"]}}],"collection":[{"href":"https:\/\/mundobibliotecario.com.br\/index.php\/wp-json\/wp\/v2\/posts"}],"about":[{"href":"https:\/\/mundobibliotecario.com.br\/index.php\/wp-json\/wp\/v2\/types\/post"}],"author":[{"embeddable":true,"href":"https:\/\/mundobibliotecario.com.br\/index.php\/wp-json\/wp\/v2\/users\/1"}],"replies":[{"embeddable":true,"href":"https:\/\/mundobibliotecario.com.br\/index.php\/wp-json\/wp\/v2\/comments?post=3830"}],"version-history":[{"count":1,"href":"https:\/\/mundobibliotecario.com.br\/index.php\/wp-json\/wp\/v2\/posts\/3830\/revisions"}],"predecessor-version":[{"id":7177,"href":"https:\/\/mundobibliotecario.com.br\/index.php\/wp-json\/wp\/v2\/posts\/3830\/revisions\/7177"}],"wp:attachment":[{"href":"https:\/\/mundobibliotecario.com.br\/index.php\/wp-json\/wp\/v2\/media?parent=3830"}],"wp:term":[{"taxonomy":"category","embeddable":true,"href":"https:\/\/mundobibliotecario.com.br\/index.php\/wp-json\/wp\/v2\/categories?post=3830"},{"taxonomy":"post_tag","embeddable":true,"href":"https:\/\/mundobibliotecario.com.br\/index.php\/wp-json\/wp\/v2\/tags?post=3830"}],"curies":[{"name":"wp","href":"https:\/\/api.w.org\/{rel}","templated":true}]}}