{"id":3832,"date":"2015-08-23T19:00:42","date_gmt":"2015-08-23T22:00:42","guid":{"rendered":"https:\/\/mundobibliotecario.wordpress.com\/?p=3832"},"modified":"2020-07-21T23:54:18","modified_gmt":"2020-07-22T02:54:18","slug":"livro-bebivel-consegue-filtrar-agua-suja","status":"publish","type":"post","link":"https:\/\/mundobibliotecario.com.br\/index.php\/2015\/08\/23\/livro-bebivel-consegue-filtrar-agua-suja\/","title":{"rendered":"Livro beb\u00edvel consegue filtrar \u00e1gua suja"},"content":{"rendered":"<p>O &#8220;livro beb\u00edvel&#8221; \u00e9 feito de papel tratado e traz informa\u00e7\u00f5es impressas nas p\u00e1ginas sobre como e por que a \u00e1gua deve ser filtrada.<\/p>\n<p>Para filtrar a \u00e1gua adequadamente, as p\u00e1ginas t\u00eam nanopart\u00edculas de prata ou cobre, que matam bact\u00e9rias \u00e0 medida que a \u00e1gua passa pelas p\u00e1ginas.<\/p>\n<p>Os cientistas fizeram testes em 25 fontes de \u00e1gua contaminadas espalhadas por \u00c1frica do Sul, Gana e Bangladesh. Nos testes, o papel conseguiu remover mais de 99% das bact\u00e9rias.<\/p>\n<p>Ap\u00f3s as filtragens, a \u00e1gua ficou com um n\u00edvel de contamina\u00e7\u00e3o parecido ao da \u00e1gua que sai das torneiras nos Estados Unidos, segundo os cientistas. Tamb\u00e9m foram detectados n\u00edveis min\u00fasculos de prata ou cobre na \u00e1gua filtrada, mas dentro do considerado seguro.<\/p>\n<p>Os resultados da experi\u00eancia foram apresentados no 250\u00ba Encontro da Sociedade Americana de Qu\u00edmica, em Boston, nos Estados Unidos.<\/p>\n<p>Teri Dankovich, pesquisadora em p\u00f3s-doutorado da Universidade Carnegie Mellon em Pittsburgh, desenvolveu e testou a tecnologia durante v\u00e1rios anos, trabalhando com a Universidade McGill, no Canad\u00e1, e, depois, com a Universidade da Virg\u00ednia.<\/p>\n<p>Leia mais: Oito inven\u00e7\u00f5es m\u00e9dicas de baixo custo que podem salvar milh\u00f5es de vidas<\/p>\n<p>&#8220;(O livro) \u00c9 voltado \u00e0s comunidades de pa\u00edses em desenvolvimento&#8221;, disse Dankovich \u00e0 BBC, acrescentando que 663 milh\u00f5es de pessoas no mundo todo n\u00e3o t\u00eam acesso a \u00e1gua pot\u00e1vel.<\/p>\n<p>&#8220;Tudo o que voc\u00ea precisa fazer \u00e9 arrancar uma folha, colocar em um suporte para filtro comum e despejar \u00e1gua de rios, riachos, po\u00e7os etc, e, do outro lado, vai sair \u00e1gua limpa &#8211; e bact\u00e9rias mortas tamb\u00e9m.&#8221;<\/p>\n<p>Isso porque as bact\u00e9rias absorvem os \u00edons de prata ou cobre enquanto atravessam o papel.<\/p>\n<p>100 litros<\/p>\n<p>Segundo os testes realizados pela cientista, uma p\u00e1gina pode limpar at\u00e9 100 litros de \u00e1gua. Um livro inteiro pode fornecer \u00e1gua limpa por quatro anos.<\/p>\n<p>A pesquisadora j\u00e1 testou o papel em laborat\u00f3rio usando \u00e1gua contaminada artificialmente e, depois disso, fez exames em campo em pa\u00edses em desenvolvimento, com ONGs como Water is Live e a iDE.<\/p>\n<p>Nos testes em pa\u00edses africanos e em Bangladesh, a contagem de bact\u00e9ria nas amostras de \u00e1gua filtrada caiu em m\u00e9dia mais de 99% e, na maioria das amostras, caiu para zero.<\/p>\n<p>Leia mais: Inventor de filtro que absorve bact\u00e9rias e agrot\u00f3xico recebe pr\u00eamio de inova\u00e7\u00e3o<\/p>\n<p>&#8220;Depois que filtramos a \u00e1gua com o papel, mais do que 90% das amostras n\u00e3o tinham bact\u00e9rias vi\u00e1veis&#8221;, afirmou.<\/p>\n<p>&#8220;\u00c9 muito animador ver que este papel n\u00e3o funciona apenas no laborat\u00f3rio, mas tamb\u00e9m demonstrou sucesso em fontes de \u00e1gua reais que as pessoas est\u00e3o usando.&#8221;<\/p>\n<p>Desafio<\/p>\n<p>Alguns locais de testes se tornaram grandes desafios para o papel criado por Dankovich: por exemplo, um c\u00f3rrego que recebia diretamente esgoto n\u00e3o tratado com alto n\u00edvel de bact\u00e9rias.<\/p>\n<p>&#8220;Mas ficamos muito impressionados com o desempenho do papel, que conseguiu matar quase completamente as bact\u00e9rias naquelas amostras. E elas eram bem nojentas, ent\u00e3o pensamos &#8211; se (o material) conseguir fazer isso, provavelmente vai conseguir fazer muito.&#8221;<\/p>\n<p>Agora, Dankovich espera aumentar a produ\u00e7\u00e3o do papel. Atualmente, a cientista e os estudantes que participam da pesquisa fazem tudo \u00e0 m\u00e3o.<\/p>\n<p>O pr\u00f3ximo passo seria tamb\u00e9m distribuir os livros para que moradores de \u00e1reas problem\u00e1ticas usem os filtros sozinhos.<\/p>\n<p>&#8220;Precisamos colocar isso nas m\u00e3os das pessoas para ver quais ser\u00e3o os efeitos. N\u00e3o d\u00e1 para fazer muito quando voc\u00ea \u00e9 uma cientista trabalhando sozinha&#8221;, afirmou.<\/p>\n<p>Daniele Lantagne, engenheira ambiental da Universidade Tufts, nos Estados Unidos, afirmou que os dados coletados nos testes s\u00e3o promissores.<\/p>\n<p>&#8220;H\u00e1 muito interesse no desenvolvimento de novos produtos para tratamento de \u00e1gua&#8221;, disse a engenheira \u00e0 BBC.<\/p>\n<p>Depois desses dois primeiros est\u00e1gios de testes &#8211; no laborat\u00f3rio e em pa\u00edses da \u00c1frica e \u00c1sia -, a equipe ter\u00e1 de desenvolver um &#8220;projeto de produto que possa ser comercializado&#8221; para um dispositivo no qual as p\u00e1ginas do &#8220;livro beb\u00edvel&#8221; possam ser encaixadas.<\/p>\n<p>Mas, h\u00e1 um problema, segundo Lantagne: o papel parece matar bact\u00e9rias, mas ainda n\u00e3o se sabe se pode matar outros microorganismos perigosos.<\/p>\n<p>&#8220;Quero ver os resultados para protozo\u00e1rios e v\u00edrus. \u00c9 promissor, mas n\u00e3o vai salvar o mundo amanh\u00e3. Eles completaram uma fase importante e h\u00e1 mais (fases) para enfrentar&#8221;, disse.<\/p>\n<p>Para Kyle Doudrick, da Universidade de Notre Dame, no Estado americano de Indiana, \u00e9 importante fazer com que as pessoas compreendam como usar os filtros e com que frequ\u00eancia eles precisam ser trocados. Mas o resultados dos testes s\u00e3o animadores.<\/p>\n<p>&#8220;Em geral, de todas as tecnologias dispon\u00edveis &#8211; filtros de cer\u00e2mica, estereliza\u00e7\u00e3o com raios UV e assim por diante &#8211; esta \u00e9 promissora, pois \u00e9 barata e \u00e9 uma ideia cativante&#8221;, disse.<\/p>\n","protected":false},"excerpt":{"rendered":"<p>O &#8220;livro beb\u00edvel&#8221; \u00e9 feito de papel tratado e traz informa\u00e7\u00f5es impressas nas p\u00e1ginas sobre como e por que a \u00e1gua deve ser filtrada. Para filtrar a \u00e1gua adequadamente, as p\u00e1ginas t\u00eam nanopart\u00edculas de prata ou cobre, que matam bact\u00e9rias \u00e0 medida que a \u00e1gua passa pelas p\u00e1ginas. Os cientistas fizeram testes em 25 fontes &#8230; <a title=\"Livro beb\u00edvel consegue filtrar \u00e1gua suja\" class=\"read-more\" href=\"https:\/\/mundobibliotecario.com.br\/index.php\/2015\/08\/23\/livro-bebivel-consegue-filtrar-agua-suja\/\" aria-label=\"Read more about Livro beb\u00edvel consegue filtrar \u00e1gua suja\">Ler mais<\/a><\/p>\n","protected":false},"author":1,"featured_media":0,"comment_status":"open","ping_status":"open","sticky":false,"template":"","format":"standard","meta":{"_mi_skip_tracking":false,"_exactmetrics_sitenote_active":false,"_exactmetrics_sitenote_note":"","_exactmetrics_sitenote_category":0,"_jetpack_newsletter_access":"","footnotes":""},"categories":[60],"tags":[1249,9],"class_list":["post-3832","post","type-post","status-publish","format-standard","hentry","category-noticias","tag-agua","tag-livro"],"jetpack_featured_media_url":"","jetpack_sharing_enabled":true,"jetpack-related-posts":[{"id":4436,"url":"https:\/\/mundobibliotecario.com.br\/index.php\/2016\/12\/28\/52-bibliotecas-em-52-semanas-51\/","url_meta":{"origin":3832,"position":0},"title":"52 bibliotecas em 52 semanas (51)","author":"mundobibliotecario","date":"28\/12\/2016","format":false,"excerpt":"Rodolfo \u201cCorky\u201d Gonzales Branch, Denver Public Library O colorido da Rodolfo \"Corky\" Gonzales Branch o conceito de\u00a0\"biblioteca como estufa\", com uma parede \"plenum\" de tr\u00eas andares que serve como luz, \u00e1gua e filtro de ar. A parede \"viva\" divide o edif\u00edcio e protege a \u00e1gua, facilita um sistema de ventila\u00e7\u00e3o\u2026","rel":"","context":"Em &quot;Not\u00edcias&quot;","block_context":{"text":"Not\u00edcias","link":"https:\/\/mundobibliotecario.com.br\/index.php\/category\/noticias\/"},"img":{"alt_text":"Rodolfo \u00e2\u0080\u009cCorky\u00e2\u0080\u009d Gonzales Branch, Denver Public Library ","src":"https:\/\/i0.wp.com\/americanlibrariesmagazine.org\/wp-content\/uploads\/2015\/08\/0915-designT.jpg?resize=350%2C200","width":350,"height":200},"classes":[]},{"id":5314,"url":"https:\/\/mundobibliotecario.com.br\/index.php\/2019\/09\/28\/a-aguia-comeca-a-levantar-voo\/","url_meta":{"origin":3832,"position":1},"title":"A Aguia come\u00e7a a levantar voo","author":"mundobibliotecario","date":"28\/09\/2019","format":false,"excerpt":"Decreto para cria\u00e7\u00e3o da ag\u00eancia que substitui SIBi foi publicado, marcando transi\u00e7\u00e3o Por Gabriel Araujo e Ligia Andrade Aguia englobar\u00e1 setores f\u00edsicos e digitais das bibliotecas. Cr\u00e9dito: Gabriel Araujo \u00a0 A pol\u00eamica transforma\u00e7\u00e3o do Sistema Integrado de Bibliotecas (SIBi) em ag\u00eancia come\u00e7ou. O Di\u00e1rio Oficial do Estado publicou em 27\u2026","rel":"","context":"Em &quot;Not\u00edcias&quot;","block_context":{"text":"Not\u00edcias","link":"https:\/\/mundobibliotecario.com.br\/index.php\/category\/noticias\/"},"img":{"alt_text":"","src":"","width":0,"height":0},"classes":[]},{"id":2390,"url":"https:\/\/mundobibliotecario.com.br\/index.php\/2012\/01\/05\/curso-sobre-tecnica-de-pesquisa-de-jurisprudencia\/","url_meta":{"origin":3832,"position":2},"title":"Curso sobre T\u00e9cnica de Pesquisa de Jurisprud\u00eancia","author":"mundobibliotecario","date":"05\/01\/2012","format":false,"excerpt":"Data: 09\/04\/2012 A Escola da AGU Ministro Victor Nunes Leal informa que est\u00e1 previsto a realiza\u00e7\u00e3o do Curso sobre T\u00e9cnica de Pesquisa de Jurisprud\u00eancia. Data prevista: abril de 2012 Hor\u00e1rio: a definir Local: Audit\u00f3rio da Escola da AGU - Ed. Sede II - Setor de Ind\u00fastrias Gr\u00e1ficas - Quadra 6\u2026","rel":"","context":"Em &quot;Curso&quot;","block_context":{"text":"Curso","link":"https:\/\/mundobibliotecario.com.br\/index.php\/category\/curso\/"},"img":{"alt_text":"","src":"","width":0,"height":0},"classes":[]},{"id":2386,"url":"https:\/\/mundobibliotecario.com.br\/index.php\/2012\/01\/05\/curso-sobre-indexacao-de-informacoes-juridicas\/","url_meta":{"origin":3832,"position":3},"title":"Curso sobre Indexa\u00e7\u00e3o de Informa\u00e7\u00f5es Jur\u00eddicas","author":"mundobibliotecario","date":"05\/01\/2012","format":false,"excerpt":"Data: 19\/03\/2012 A Escola da AGU Ministro Victor Nunes Leal informa que est\u00e1 previsto a realiza\u00e7\u00e3o do Curso sobre Indexa\u00e7\u00e3o de Informa\u00e7\u00f5es Jur\u00eddicas. Data prevista: mar\u00e7o de 2012 Hor\u00e1rio: a definir Local: Audit\u00f3rio da Escola da AGU - Ed. Sede II - Setor de Ind\u00fastrias Gr\u00e1ficas - Quadra 6 -\u2026","rel":"","context":"Em &quot;Curso&quot;","block_context":{"text":"Curso","link":"https:\/\/mundobibliotecario.com.br\/index.php\/category\/curso\/"},"img":{"alt_text":"","src":"","width":0,"height":0},"classes":[]},{"id":3857,"url":"https:\/\/mundobibliotecario.com.br\/index.php\/2015\/08\/31\/como-a-biblioteca-de-bagda-se-prepara-contra-o-estado-islamico\/","url_meta":{"origin":3832,"position":4},"title":"Como a Biblioteca de Bagd\u00e1 se prepara contra o Estado Isl\u00e2mico","author":"mundobibliotecario","date":"31\/08\/2015","format":false,"excerpt":"Jornal i - 26\/08\/2015 As prateleiras mal iluminadas e escurecidas pelo p\u00f3 da Biblioteca Nacional de Bagdade escondem um tesouro de pap\u00e9is enrugados que cont\u00eam cr\u00f3nicas verdadeiras de sult\u00f5es e reis, imperialistas e socialistas, ocupa\u00e7\u00e3o e liberta\u00e7\u00e3o, guerra e paz. S\u00e3o as cr\u00f3nicas originais da rica e tumultuosa hist\u00f3ria do\u2026","rel":"","context":"Em &quot;Not\u00edcias&quot;","block_context":{"text":"Not\u00edcias","link":"https:\/\/mundobibliotecario.com.br\/index.php\/category\/noticias\/"},"img":{"alt_text":"","src":"","width":0,"height":0},"classes":[]},{"id":2810,"url":"https:\/\/mundobibliotecario.com.br\/index.php\/2013\/01\/24\/luminaria-em-forma-de-livro-agrega-charme-a-iluminacao\/","url_meta":{"origin":3832,"position":5},"title":"Lumin\u00e1ria em forma de livro agrega charme \u00e0 ilumina\u00e7\u00e3o","author":"mundobibliotecario","date":"24\/01\/2013","format":false,"excerpt":"Que tal dar um upgrade nas lumin\u00e1rias e substitu\u00ed-las por um livro que ilumina? A ideia \u00e9 do designer Max Gunawan e foi batizada de Lumio. Em formato de um livro e bastante compacto, o Lumio tem funcionamento bastante intuitivo. Basta abri-lo para que as p\u00e1ginas iluminem o ambiente. A\u2026","rel":"","context":"Em &quot;Not\u00edcias&quot;","block_context":{"text":"Not\u00edcias","link":"https:\/\/mundobibliotecario.com.br\/index.php\/category\/noticias\/"},"img":{"alt_text":"","src":"","width":0,"height":0},"classes":[]}],"jetpack_likes_enabled":true,"jetpack_shortlink":"https:\/\/wp.me\/pcbzwa-ZO","_links":{"self":[{"href":"https:\/\/mundobibliotecario.com.br\/index.php\/wp-json\/wp\/v2\/posts\/3832","targetHints":{"allow":["GET"]}}],"collection":[{"href":"https:\/\/mundobibliotecario.com.br\/index.php\/wp-json\/wp\/v2\/posts"}],"about":[{"href":"https:\/\/mundobibliotecario.com.br\/index.php\/wp-json\/wp\/v2\/types\/post"}],"author":[{"embeddable":true,"href":"https:\/\/mundobibliotecario.com.br\/index.php\/wp-json\/wp\/v2\/users\/1"}],"replies":[{"embeddable":true,"href":"https:\/\/mundobibliotecario.com.br\/index.php\/wp-json\/wp\/v2\/comments?post=3832"}],"version-history":[{"count":1,"href":"https:\/\/mundobibliotecario.com.br\/index.php\/wp-json\/wp\/v2\/posts\/3832\/revisions"}],"predecessor-version":[{"id":7178,"href":"https:\/\/mundobibliotecario.com.br\/index.php\/wp-json\/wp\/v2\/posts\/3832\/revisions\/7178"}],"wp:attachment":[{"href":"https:\/\/mundobibliotecario.com.br\/index.php\/wp-json\/wp\/v2\/media?parent=3832"}],"wp:term":[{"taxonomy":"category","embeddable":true,"href":"https:\/\/mundobibliotecario.com.br\/index.php\/wp-json\/wp\/v2\/categories?post=3832"},{"taxonomy":"post_tag","embeddable":true,"href":"https:\/\/mundobibliotecario.com.br\/index.php\/wp-json\/wp\/v2\/tags?post=3832"}],"curies":[{"name":"wp","href":"https:\/\/api.w.org\/{rel}","templated":true}]}}