{"id":3839,"date":"2015-08-26T20:00:51","date_gmt":"2015-08-26T23:00:51","guid":{"rendered":"https:\/\/mundobibliotecario.wordpress.com\/?p=3839"},"modified":"2015-08-26T20:00:51","modified_gmt":"2015-08-26T23:00:51","slug":"a-expansao-das-bibliotecas-digitais-e-virtuais","status":"publish","type":"post","link":"https:\/\/mundobibliotecario.com.br\/index.php\/2015\/08\/26\/a-expansao-das-bibliotecas-digitais-e-virtuais\/","title":{"rendered":"A expans\u00e3o das bibliotecas digitais e virtuais"},"content":{"rendered":"<div class=\"legend\"><a class=\"link_img\" style=\"margin:0;padding:0;border:none;text-decoration:none;cursor:zoom-in;\" href=\"http:\/\/agencia.fapesp.br\/agencia-novo\/imagens\/noticia\/21753.jpg\"><img decoding=\"async\" src=\"http:\/\/agencia.fapesp.br\/agencia-novo\/lib\/timthumb.php?src=\/agencia-novo\/Control\/..\/imagens\/noticia\/21753.jpg&amp;w=395\" alt=\"\" \/><\/a><\/div>\n<div class=\"legend\">Rosaly Favero Krzyzanowski, coordenadora da BV-FAPESP, em palestra durante o evento (<i>foto: Leandro Negro \/ Ag.FAPESP<\/i>)<\/div>\n<h4 class=\"h4\">25 de agosto de 2015<\/h4>\n<p><b>Elton Alisson<\/b> | <b>Ag\u00eancia FAPESP<\/b> \u2013 O n\u00famero de bibliotecas digitais e virtuais tem aumentado\u00a0nos \u00faltimos anos.\u00a0Uma das raz\u00f5es \u00e9 o surgimento de programas gratuitos, como o DSpace, o Greenstone e o Fedora, que facilitam a constru\u00e7\u00e3o desses reposit\u00f3rios de informa\u00e7\u00f5es na internet.<\/p>\n<p>\u201cPor conta disso, diversas institui\u00e7\u00f5es, tanto do setor p\u00fablico como privado, est\u00e3o criando bibliotecas digitais em diferentes \u00e1reas, tais como educa\u00e7\u00e3o, cultura e ci\u00eancia&#8221;, disse Murilo Bastos Cunha, professor do Departamento de Ci\u00eancia da Informa\u00e7\u00e3o e Documenta\u00e7\u00e3o da Universidade de Bras\u00edlia (UnB), durante palestra em evento comemorativo dos dez anos da\u00a0Biblioteca Virtual (<b><a href=\"http:\/\/www.bv.fapesp.br\/pt\/\">BV<\/a><\/b>) da FAPESP,\u00a0realizado no dia 21 de agosto de 2015 na FAPESP.<\/p>\n<p>As bibliotecas digitais come\u00e7aram a ter maior desenvolvimento a partir de 1996, quando iniciou a fase comercial da internet no pa\u00eds.\u00a0Nesse per\u00edodo, bibliotecas tradicionais, que at\u00e9 ent\u00e3o estavam muito focadas na preserva\u00e7\u00e3o de seus acervos e na provis\u00e3o de acesso f\u00edsico de publica\u00e7\u00f5es impressas, passaram a desenvolver sistemas de cat\u00e1logo automatizado, de acesso p\u00fablico.<\/p>\n<p>\u201cEsses sistemas de cat\u00e1logo automatizado possibilitaram que os acervos das bibliotecas, que at\u00e9 ent\u00e3o estavam confinados em um espa\u00e7o f\u00edsico restrito, pudessem ser conhecidos por um n\u00famero muito maior de pessoas em n\u00edvel nacional e internacional\u201d, disse Cunha.<\/p>\n<p>Uma das vantagens das bibliotecas digitais, na avalia\u00e7\u00e3o do pesquisador, \u00e9 que elas possibilitam aos usu\u00e1rios n\u00e3o s\u00f3 ter acesso, como trabalhar diretamente com as vers\u00f5es eletr\u00f4nicas de documentos completos, de qualquer lugar e a qualquer tempo.\u00a0Al\u00e9m disso, permitem maior agilidade no interc\u00e2mbio de informa\u00e7\u00f5es com outras bases de dados.<\/p>\n<p>\u201cMediante metadados e protocolos de interc\u00e2mbio de informa\u00e7\u00e3o, as bibliotecas digitais podem compartilhar facilmente dados contidos em seus registros e melhorar sua operabilidade\u201d, disse Cunha.<\/p>\n<p>Desde 2009, a BV-FAPESP tem adotado uma s\u00e9rie de medidas para aumentar a interoperabilidade com sistemas internos e externos \u00e0 Funda\u00e7\u00e3o.\u00a0Uma das medidas foi a importa\u00e7\u00e3o de dados referenciais de artigos cient\u00edficos resultantes de aux\u00edlios e bolsas concedidas pela FAPESP, publicados em peri\u00f3dicos cient\u00edficos indexados nas bases de dados da Web of Science e do SciELO, al\u00e9m de teses e disserta\u00e7\u00f5es provenientes de bibliotecas digitais das tr\u00eas universidades p\u00fablicas estaduais paulistas: a Universidade de S\u00e3o Paulo (USP), a Universidade Estadual de Campinas (Unicamp) e a Universidade Estadual Paulista (Unesp).<\/p>\n<p>Al\u00e9m disso, foram desenvolvidos diversos recursos para aumentar a funcionalidade da biblioteca virtual, como perfis dos pesquisadores que t\u00eam ou tiveram projetos de pesquisa apoiados pela FAPESP.<\/p>\n<p>A p\u00e1gina re\u00fane <i>links<\/i> para o curr\u00edculo Lattes, My Citation e ResearchID do pesquisador, quando dispon\u00edvel, al\u00e9m de palavras-chave representando suas linhas de pesquisa e suas publica\u00e7\u00f5es cient\u00edficas apoiadas pela Funda\u00e7\u00e3o, desde que citado o agradecimento \u00e0 FAPESP e o n\u00famero do processo no artigo cient\u00edfico publicado.<\/p>\n<p>\u201cA BV-FAPESP, inicialmente mais preocupada com a indexa\u00e7\u00e3o da literatura cient\u00edfica, passou a ser nos \u00faltimos anos um sistema de informa\u00e7\u00e3o referencial de acesso p\u00fablico sobre os aux\u00edlios e bolsas concedidos pela FAPESP, incluindo as refer\u00eancias dos resultados das pesquisas realizadas\u201d, disse Rosaly Favero Krzyzanowski, coordenadora da BV, em palestra durante o evento.<\/p>\n<p>\u201cCom a implanta\u00e7\u00e3o dessa s\u00e9rie de melhorias, pudemos observar que, a partir de 2009, houve um aumento de 896% em rela\u00e7\u00e3o a 2008 no n\u00famero de visitas \u00e0 BV-FAPESP, que vem crescendo paulatinamente e hoje atinge a marca de mais de 4 milh\u00f5es de acessos anuais\u201d, detalhou.<\/p>\n<p>A BV-FAPESP conta atualmente com 200 mil registros de Aux\u00edlios \u00e0 Pesquisa, Bolsas no Pa\u00eds e Bolsas no Exterior concedidos pela FAPESP, mais de 58 mil registros de publica\u00e7\u00f5es cient\u00edficas resultantes desse apoio e 18 mil registros de publica\u00e7\u00f5es acad\u00eamicas (teses e disserta\u00e7\u00f5es), desde 1992.<\/p>\n<p>Os cerca de 40 mil registros relativos ao per\u00edodo 1962-1991 j\u00e1 foram digitalizados e est\u00e3o sendo padronizados para integrar o acervo da BV-FAPESP a partir do final do ano.<\/p>\n<p>A BV-FAPESP, como explica Krzyzanowski, tem informa\u00e7\u00f5es referenciais e links para textos completos de artigos cient\u00edficos publicados em revistas eletr\u00f4nicas, ou indexados em reposit\u00f3rios de produ\u00e7\u00e3o intelectual, diferentemente de bibliotecas digitais ou de reposit\u00f3rios, que cont\u00eam textos completos.<\/p>\n<p><b>Refer\u00eancia importante<\/b><\/p>\n<p>\u201cA BV-FAPESP d\u00e1 uma valiosa contribui\u00e7\u00e3o para ampliar o acesso ao conhecimento cient\u00edfico e tecnol\u00f3gico produzido em S\u00e3o Paulo, tanto em n\u00edvel nacional como internacional, por meio da divulga\u00e7\u00e3o das pesquisas financiadas pela FAPESP e, al\u00e9m disso, para preservar e disseminar a mem\u00f3ria da Funda\u00e7\u00e3o\u201d, disse Celso Lafer, presidente da FAPESP, na abertura do evento.<\/p>\n<p>O diretor cient\u00edfico da FAPESP, Carlos Henrique de Brito Cruz, destacou que, al\u00e9m de auxiliar a comunicar para o contribuinte paulista e para o mundo as atividades da Funda\u00e7\u00e3o, usando as ferramentas de internet, a BV-FAPESP tamb\u00e9m \u00e9 um instrumento important\u00edssimo para o pr\u00f3prio trabalho da institui\u00e7\u00e3o.<\/p>\n<p>\u201cA BV-FAPESP \u00e9 muito utilizada pela diretoria cient\u00edfica e pelos assessores das coordena\u00e7\u00f5es de \u00e1rea da FAPESP para analisar os projetos que requerem apoio da Funda\u00e7\u00e3o\u201d, afirmou.<\/p>\n<p>\u201cAo analisar um projeto, \u00e9 poss\u00edvel saber por meio da BV-FAPESP se o proponente j\u00e1 teve outros projetos apoiados, por exemplo\u201d, disse Brito Cruz.<\/p>\n<p>Tamb\u00e9m participaram do evento o diretor administrativo da FAPESP, Joaquim Jos\u00e9 de Camargo Engler, e Carlos Vogt, ex-presidente da Funda\u00e7\u00e3o e atual presidente da Universidade Virtual do Estado de S\u00e3o Paulo (Univesp).<\/p>\n<p>Dispon\u00edvel em: &lt;<a href=\"http:\/\/agencia.fapesp.br\/a_expansao_das_bibliotecas_digitais_e_virtuais\/21753\/\">http:\/\/agencia.fapesp.br\/a_expansao_das_bibliotecas_digitais_e_virtuais\/21753\/<\/a>&gt;. Acesso em: 26 ago. 2015.<\/p>\n","protected":false},"excerpt":{"rendered":"<p>Rosaly Favero Krzyzanowski, coordenadora da BV-FAPESP, em palestra durante o evento (foto: Leandro Negro \/ Ag.FAPESP) 25 de agosto de 2015 Elton Alisson | Ag\u00eancia FAPESP \u2013 O n\u00famero de bibliotecas digitais e virtuais tem aumentado\u00a0nos \u00faltimos anos.\u00a0Uma das raz\u00f5es \u00e9 o surgimento de programas gratuitos, como o DSpace, o Greenstone e o Fedora, que &#8230; <a title=\"A expans\u00e3o das bibliotecas digitais e virtuais\" class=\"read-more\" href=\"https:\/\/mundobibliotecario.com.br\/index.php\/2015\/08\/26\/a-expansao-das-bibliotecas-digitais-e-virtuais\/\" aria-label=\"Read more about A expans\u00e3o das bibliotecas digitais e virtuais\">Ler mais<\/a><\/p>\n","protected":false},"author":1,"featured_media":0,"comment_status":"open","ping_status":"open","sticky":false,"template":"","format":"standard","meta":{"_mi_skip_tracking":false,"_exactmetrics_sitenote_active":false,"_exactmetrics_sitenote_note":"","_exactmetrics_sitenote_category":0,"_jetpack_newsletter_access":"","footnotes":""},"categories":[60],"tags":[129,1250,683],"class_list":["post-3839","post","type-post","status-publish","format-standard","hentry","category-noticias","tag-biblioteca-virtual","tag-bv-fapesp","tag-fapesp"],"jetpack_featured_media_url":"","jetpack_sharing_enabled":true,"jetpack-related-posts":[{"id":5336,"url":"https:\/\/mundobibliotecario.com.br\/index.php\/2019\/10\/09\/bolsa-fapesp-de-treinamento-tecnico-em-ciencia-da-informacao\/","url_meta":{"origin":3839,"position":0},"title":"Bolsa FAPESP de treinamento t\u00e9cnico em ci\u00eancia da informa\u00e7\u00e3o","author":"mundobibliotecario","date":"09\/10\/2019","format":false,"excerpt":"Bolsista dar\u00e1 apoio \u00e0 implanta\u00e7\u00e3o de plataformas baseadas em software livre para permitir o uso de reposit\u00f3rios digitais na Unifesp (imagem: Pixabay) \u00a0 Ag\u00eancia FAPESP \u2013 Uma vaga de treinamento t\u00e9cnico n\u00edvel tr\u00eas (TT-3) com bolsa da FAPESP est\u00e1 dispon\u00edvel para o projeto \u201cA universidade do futuro e o futuro\u2026","rel":"","context":"Em &quot;Not\u00edcias&quot;","block_context":{"text":"Not\u00edcias","link":"https:\/\/mundobibliotecario.com.br\/index.php\/category\/noticias\/"},"img":{"alt_text":"","src":"","width":0,"height":0},"classes":[]},{"id":3649,"url":"https:\/\/mundobibliotecario.com.br\/index.php\/2014\/11\/18\/snbu-2014-dia-18112014\/","url_meta":{"origin":3839,"position":1},"title":"SNBU 2014: dia 18\/11\/2014","author":"mundobibliotecario","date":"18\/11\/2014","format":false,"excerpt":"\"Pol\u00edticas de informa\u00e7\u00e3o e autonomia cient\u00edfica: quest\u00f5es para reflex\u00e3o\". Esse foi o tema da manh\u00e3 do 3\u00ba dia do SNBU 2014. Sob o eixo tem\u00e1tico \"Leis de Acesso P\u00fablico \u00e0 Informa\u00e7\u00e3o e Gest\u00e3o de Bibliotecas Universit\u00e1rias\", Marie Pellen (CNRS) apresentou a confer\u00eancia \"OpenEdition: um portal para as ci\u00eancias sociais e\u2026","rel":"","context":"Em &quot;Eventos&quot;","block_context":{"text":"Eventos","link":"https:\/\/mundobibliotecario.com.br\/index.php\/category\/eventos\/"},"img":{"alt_text":"","src":"","width":0,"height":0},"classes":[]},{"id":549,"url":"https:\/\/mundobibliotecario.com.br\/index.php\/2009\/04\/24\/revista-usp-chega-aos-20-anos\/","url_meta":{"origin":3839,"position":2},"title":"Revista USP chega aos 20 anos","author":"mundobibliotecario","date":"24\/04\/2009","format":false,"excerpt":"8\/4\/2009 Ag\u00eancia FAPESP \u2013 A nova edi\u00e7\u00e3o da Revista USP, de n\u00famero 80, marca os 20 anos da publica\u00e7\u00e3o da Universidade de S\u00e3o Paulo. O tema \u00e9 \u201cBibliotecas Digitais\/Bibliotecas Virtuais\u201d. A nova biblioteca: o papel e o digital, de Eliana de Azevedo Marques, do Sistema Integrado de Bibliotecas da USP,\u2026","rel":"","context":"Em &quot;Not\u00edcias&quot;","block_context":{"text":"Not\u00edcias","link":"https:\/\/mundobibliotecario.com.br\/index.php\/category\/noticias\/"},"img":{"alt_text":"","src":"","width":0,"height":0},"classes":[]},{"id":2677,"url":"https:\/\/mundobibliotecario.com.br\/index.php\/2012\/07\/28\/fapesp-e-thomson-reuters-anunciam-acordo-para-integracao-de-bases-de-informacao-cientifica\/","url_meta":{"origin":3839,"position":3},"title":"FAPESP e Thomson Reuters anunciam acordo para integra\u00e7\u00e3o de bases de informa\u00e7\u00e3o cient\u00edfica","author":"mundobibliotecario","date":"28\/07\/2012","format":false,"excerpt":"27\/07\/2012 Ag\u00eancia FAPESP \u2013 A FAPESP e a divis\u00e3o de propriedade intelectual e ci\u00eancia da Thomson Reuters anunciaram, no dia 25 de julho, um acordo para integrar a base de dados do Programa Scientific Electronic Library Online (SciELO) \u00e0 Web of Knowledge, a mais abrangente base internacional de informa\u00e7\u00f5es cient\u00edficas.\u2026","rel":"","context":"Em &quot;Not\u00edcias&quot;","block_context":{"text":"Not\u00edcias","link":"https:\/\/mundobibliotecario.com.br\/index.php\/category\/noticias\/"},"img":{"alt_text":"","src":"","width":0,"height":0},"classes":[]},{"id":3268,"url":"https:\/\/mundobibliotecario.com.br\/index.php\/2013\/10\/15\/i-seminario-em-humanidades-digitais-no-brasil\/","url_meta":{"origin":3839,"position":4},"title":"I Semin\u00e1rio em Humanidades Digitais no Brasil","author":"mundobibliotecario","date":"15\/10\/2013","format":false,"excerpt":"Contribui\u00e7\u00e3o de Daniela Pires. *** O I Semin\u00e1rio em Humanidades Digitais no Brasil prop\u00f5e uma reflex\u00e3o em torno da rela\u00e7\u00e3o entre as humanidades e as tecnologias digitais na atualidade, lan\u00e7ando o debate sobre as \u201cHumanidades Digitais\u201d na comunidade de pesquisas brasileira. O Semin\u00e1rio conta com o apoio da Alliance of\u2026","rel":"","context":"Em &quot;Eventos&quot;","block_context":{"text":"Eventos","link":"https:\/\/mundobibliotecario.com.br\/index.php\/category\/eventos\/"},"img":{"alt_text":"","src":"","width":0,"height":0},"classes":[]},{"id":3611,"url":"https:\/\/mundobibliotecario.com.br\/index.php\/2014\/10\/11\/fapesp-publica-casos-de-violacao-de-boas-praticas-cientificas\/","url_meta":{"origin":3839,"position":5},"title":"FAPESP publica casos de viola\u00e7\u00e3o de boas pr\u00e1ticas cient\u00edficas","author":"mundobibliotecario","date":"11\/10\/2014","format":false,"excerpt":"Ag\u00eancia FAPESP\u00a0\u2013 A FAPESP inicia, a partir desta ter\u00e7a-feira (07\/10), a divulga\u00e7\u00e3o dos sum\u00e1rios de casos de investiga\u00e7\u00f5es que conduziu ou supervisionou e que resultaram na constata\u00e7\u00e3o da ocorr\u00eancia de viola\u00e7\u00e3o de boas pr\u00e1ticas cient\u00edficas A divulga\u00e7\u00e3o ser\u00e1 feita no site de Boas Pr\u00e1ticas Cient\u00edficas, no portal da FAPESP, em\u00a0www.fapesp.br\/boaspraticas.\u2026","rel":"","context":"Em &quot;Not\u00edcias&quot;","block_context":{"text":"Not\u00edcias","link":"https:\/\/mundobibliotecario.com.br\/index.php\/category\/noticias\/"},"img":{"alt_text":"","src":"","width":0,"height":0},"classes":[]}],"jetpack_likes_enabled":true,"jetpack_shortlink":"https:\/\/wp.me\/pcbzwa-ZV","_links":{"self":[{"href":"https:\/\/mundobibliotecario.com.br\/index.php\/wp-json\/wp\/v2\/posts\/3839","targetHints":{"allow":["GET"]}}],"collection":[{"href":"https:\/\/mundobibliotecario.com.br\/index.php\/wp-json\/wp\/v2\/posts"}],"about":[{"href":"https:\/\/mundobibliotecario.com.br\/index.php\/wp-json\/wp\/v2\/types\/post"}],"author":[{"embeddable":true,"href":"https:\/\/mundobibliotecario.com.br\/index.php\/wp-json\/wp\/v2\/users\/1"}],"replies":[{"embeddable":true,"href":"https:\/\/mundobibliotecario.com.br\/index.php\/wp-json\/wp\/v2\/comments?post=3839"}],"version-history":[{"count":0,"href":"https:\/\/mundobibliotecario.com.br\/index.php\/wp-json\/wp\/v2\/posts\/3839\/revisions"}],"wp:attachment":[{"href":"https:\/\/mundobibliotecario.com.br\/index.php\/wp-json\/wp\/v2\/media?parent=3839"}],"wp:term":[{"taxonomy":"category","embeddable":true,"href":"https:\/\/mundobibliotecario.com.br\/index.php\/wp-json\/wp\/v2\/categories?post=3839"},{"taxonomy":"post_tag","embeddable":true,"href":"https:\/\/mundobibliotecario.com.br\/index.php\/wp-json\/wp\/v2\/tags?post=3839"}],"curies":[{"name":"wp","href":"https:\/\/api.w.org\/{rel}","templated":true}]}}