{"id":3842,"date":"2015-08-27T10:00:17","date_gmt":"2015-08-27T13:00:17","guid":{"rendered":"https:\/\/mundobibliotecario.wordpress.com\/?p=3842"},"modified":"2015-08-27T10:00:17","modified_gmt":"2015-08-27T13:00:17","slug":"painel-biblioteconomia-em-sc-este-ano-em-joinville","status":"publish","type":"post","link":"https:\/\/mundobibliotecario.com.br\/index.php\/2015\/08\/27\/painel-biblioteconomia-em-sc-este-ano-em-joinville\/","title":{"rendered":"Painel Biblioteconomia em SC este ano em Joinville!"},"content":{"rendered":"<p>Contribui\u00e7\u00e3o de Rafaela\u00a0Ghacham Desiderato<\/p>\n<p>***<\/p>\n<p>Novamente levaremos uma nova edi\u00e7\u00e3o do Painel Biblioteconomia em Santa Catarina para uma cidade diferente de Florian\u00f3polis. Apesar da capital reunir as duas escolas de Biblioteconomia no estado e grande parte dos profissionais, em 2014 a Associa\u00e7\u00e3o Catarinense de Bibliotec\u00e1rios cogitou a hip\u00f3tese de levar o seu maior evento para Lages.<\/p>\n<p>A iniciativa deu t\u00e3o certo que resolvemos repetir e Joinville \u00e9 quem receber\u00e1 a 33a edi\u00e7\u00e3o do Painel, nos dias 13 e 14 de novembro. O tema deste ano \u00e9 \u201cAl\u00e9m das paredes das bibliotecas: evolu\u00e7\u00e3o da atua\u00e7\u00e3o bibliotec\u00e1ria nos \u00faltimos 40 anos\u201d. Um tema bastante relevante para o ano de 2015, quando a ACB completa seus 40 anos!<\/p>\n<p>Participe, submeta seu trabalho, acompanhe as demais not\u00edcias aqui na p\u00e1gina do evento! Vem com a gente!<\/p>\n<p>Dispon\u00edvel em: &lt;<a href=\"https:\/\/33painelbiblioteconomia.wordpress.com\/2015\/08\/14\/painel-biblioteconomia-em-sc-este-ano-em-joinville\/\">https:\/\/33painelbiblioteconomia.wordpress.com\/2015\/08\/14\/painel-biblioteconomia-em-sc-este-ano-em-joinville\/<\/a>&gt;. Acesso em: 25 ago. 2015.<\/p>\n","protected":false},"excerpt":{"rendered":"<p>Contribui\u00e7\u00e3o de Rafaela\u00a0Ghacham Desiderato *** Novamente levaremos uma nova edi\u00e7\u00e3o do Painel Biblioteconomia em Santa Catarina para uma cidade diferente de Florian\u00f3polis. Apesar da capital reunir as duas escolas de Biblioteconomia no estado e grande parte dos profissionais, em 2014 a Associa\u00e7\u00e3o Catarinense de Bibliotec\u00e1rios cogitou a hip\u00f3tese de levar o seu maior evento para &#8230; <a title=\"Painel Biblioteconomia em SC este ano em Joinville!\" class=\"read-more\" href=\"https:\/\/mundobibliotecario.com.br\/index.php\/2015\/08\/27\/painel-biblioteconomia-em-sc-este-ano-em-joinville\/\" aria-label=\"Read more about Painel Biblioteconomia em SC este ano em Joinville!\">Ler mais<\/a><\/p>\n","protected":false},"author":1,"featured_media":0,"comment_status":"open","ping_status":"open","sticky":false,"template":"","format":"standard","meta":{"_mi_skip_tracking":false,"_exactmetrics_sitenote_active":false,"_exactmetrics_sitenote_note":"","_exactmetrics_sitenote_category":0,"_jetpack_newsletter_access":"","footnotes":""},"categories":[27],"tags":[1251],"class_list":["post-3842","post","type-post","status-publish","format-standard","hentry","category-eventos","tag-painel-biblioteconomia"],"jetpack_featured_media_url":"","jetpack_sharing_enabled":true,"jetpack-related-posts":[{"id":5734,"url":"https:\/\/mundobibliotecario.com.br\/index.php\/2020\/07\/20\/painel-funesc-debate-a-biblioteca-publica-antes-e-depois-da-pandemia\/","url_meta":{"origin":3842,"position":0},"title":"Painel Funesc debate \u2018A Biblioteca P\u00fablica antes e depois da pandemia","author":"mundobibliotecario","date":"20\/07\/2020","format":false,"excerpt":"Para a bibliotec\u00e1ria Cybelle Macedo, levar\u00e1 um tempo at\u00e9 que as bibliotecas voltem a ser pontos de converg\u00eancia A Funda\u00e7\u00e3o Espa\u00e7o Cultural da Para\u00edba (Funesc) realiza, nesta ter\u00e7a-feira (21), a segunda edi\u00e7\u00e3o do \u2018Painel Funesc\u2019, a partir das 19h. O tema em debate vai ser \u2018A Biblioteca P\u00fablica antes e\u2026","rel":"","context":"Em &quot;Not\u00edcias&quot;","block_context":{"text":"Not\u00edcias","link":"https:\/\/mundobibliotecario.com.br\/index.php\/category\/noticias\/"},"img":{"alt_text":"","src":"","width":0,"height":0},"classes":[]},{"id":4824,"url":"https:\/\/mundobibliotecario.com.br\/index.php\/2018\/07\/13\/especial-10-anos-os-10-do-mundo-bibliotecario\/","url_meta":{"origin":3842,"position":1},"title":"[Especial 10 anos] &#8211; Os 10+ do Mundo Bibliotec\u00e1rio","author":"mundobibliotecario","date":"13\/07\/2018","format":false,"excerpt":"N\u00e3o \u00e9 todo dia que um blog comemora 10 anos. O tempo passou e esse dia chegou para o Mundo Bibliotec\u00e1rio! Comecei o blog despretensiosamente em 13 de julho de 2008, logo no primeiro ano da gradua\u00e7\u00e3o. E gra\u00e7as a voc\u00ea, leitor(a), ele continua! Ao longo do tempo muitas not\u00edcias\u2026","rel":"","context":"Em &quot;Not\u00edcias&quot;","block_context":{"text":"Not\u00edcias","link":"https:\/\/mundobibliotecario.com.br\/index.php\/category\/noticias\/"},"img":{"alt_text":"","src":"https:\/\/mundobibliotecario.files.wordpress.com\/2016\/01\/logo_mundobiblio_030116.jpg?w=350&h=200&crop=1","width":350,"height":200},"classes":[]},{"id":974,"url":"https:\/\/mundobibliotecario.com.br\/index.php\/2009\/11\/08\/biblioteconomia-evento-comemora-os-50-anos-do-curso-em-sao-carlos\/","url_meta":{"origin":3842,"position":2},"title":"Biblioteconomia &#8211; Evento comemora os 50 anos do curso em S\u00e3o Carlos","author":"mundobibliotecario","date":"08\/11\/2009","format":false,"excerpt":"06\/11\/2009 - 14:49 Entre os dias 9 e 14 de novembro, a UFSCar realiza a IV Semana de Biblioteconomia e Ci\u00eancia da Informa\u00e7\u00e3o. O evento \u00e9 organizado por alunos e pela coordena\u00e7\u00e3o do curso de Biblioteconomia da UFSCar e conta com o apoio do Departamento de Ci\u00eancia da Informa\u00e7\u00e3o (DCI)\u2026","rel":"","context":"Em &quot;Eventos&quot;","block_context":{"text":"Eventos","link":"https:\/\/mundobibliotecario.com.br\/index.php\/category\/eventos\/"},"img":{"alt_text":"","src":"","width":0,"height":0},"classes":[]},{"id":837,"url":"https:\/\/mundobibliotecario.com.br\/index.php\/2009\/08\/29\/x-erebd-seco\/","url_meta":{"origin":3842,"position":3},"title":"X EREBD SE\/CO","author":"mundobibliotecario","date":"29\/08\/2009","format":false,"excerpt":"Tema: \"Administra\u00e7\u00e3o da Informa\u00e7\u00e3o: Fundamentos e Pr\u00e1ticas para uma nova Gest\u00e3o do Conhecimento\" \u00a0 Dia 30 de Outubro ao dia 02 de Novembro de 2009 na Faculdade de Comunica\u00e7\u00e3o e Biblioteconomia da Universidade Federal de Goi\u00e1s - Campus II Samamabaia O X EREBD SE\/CO \u00e9 um evento anual, presente no\u2026","rel":"","context":"Em &quot;Eventos&quot;","block_context":{"text":"Eventos","link":"https:\/\/mundobibliotecario.com.br\/index.php\/category\/eventos\/"},"img":{"alt_text":"","src":"","width":0,"height":0},"classes":[]},{"id":1469,"url":"https:\/\/mundobibliotecario.com.br\/index.php\/2010\/09\/24\/v-semana-de-biblioteconomia-da-ecausp\/","url_meta":{"origin":3842,"position":4},"title":"V Semana de Biblioteconomia da ECA\/USP","author":"mundobibliotecario","date":"24\/09\/2010","format":false,"excerpt":"V Semana de Biblioteconomia da Escola de Comunica\u00e7\u00f5es e Artes (ECA) da Universidade de S\u00e3o Paulo (USP) De 27\/09 a 01\/10 A Semana de Biblioteconomia da Escola de Comunica\u00e7\u00f5es e Artes (ECA) da Universidade de S\u00e3o Paulo (USP) \u00e9 em evento acad\u00eamico que objetiva estimular e promover o esp\u00edrito cr\u00edtico\u2026","rel":"","context":"Em &quot;Eventos&quot;","block_context":{"text":"Eventos","link":"https:\/\/mundobibliotecario.com.br\/index.php\/category\/eventos\/"},"img":{"alt_text":"","src":"","width":0,"height":0},"classes":[]},{"id":2343,"url":"https:\/\/mundobibliotecario.com.br\/index.php\/2011\/11\/29\/9o-encontro-de-tecnicos-em-biblioteconomia-do-senac-sao-paulo\/","url_meta":{"origin":3842,"position":5},"title":"9\u00ba Encontro de T\u00e9cnicos em Biblioteconomia do Senac S\u00e3o Paulo","author":"mundobibliotecario","date":"29\/11\/2011","format":false,"excerpt":"O 9\u00ba Encontro de T\u00e9cnicos em Biblioteconomia | BIBLIOTECAS PARA TODOS \u00e9 uma oportunidade de atualiza\u00e7\u00e3o profissional que tamb\u00e9m oferece a possibilidade de reflex\u00e3o e um momento de encontro social. A 9\u00aa Edi\u00e7\u00e3o ter\u00e1 como tema central \"Biblioteca para todos\" e\u00a0 abordar\u00e1 assuntos como o design da informa\u00e7\u00e3o e redes\u2026","rel":"","context":"Em &quot;Eventos&quot;","block_context":{"text":"Eventos","link":"https:\/\/mundobibliotecario.com.br\/index.php\/category\/eventos\/"},"img":{"alt_text":"","src":"","width":0,"height":0},"classes":[]}],"jetpack_likes_enabled":true,"jetpack_shortlink":"https:\/\/wp.me\/pcbzwa-ZY","_links":{"self":[{"href":"https:\/\/mundobibliotecario.com.br\/index.php\/wp-json\/wp\/v2\/posts\/3842","targetHints":{"allow":["GET"]}}],"collection":[{"href":"https:\/\/mundobibliotecario.com.br\/index.php\/wp-json\/wp\/v2\/posts"}],"about":[{"href":"https:\/\/mundobibliotecario.com.br\/index.php\/wp-json\/wp\/v2\/types\/post"}],"author":[{"embeddable":true,"href":"https:\/\/mundobibliotecario.com.br\/index.php\/wp-json\/wp\/v2\/users\/1"}],"replies":[{"embeddable":true,"href":"https:\/\/mundobibliotecario.com.br\/index.php\/wp-json\/wp\/v2\/comments?post=3842"}],"version-history":[{"count":0,"href":"https:\/\/mundobibliotecario.com.br\/index.php\/wp-json\/wp\/v2\/posts\/3842\/revisions"}],"wp:attachment":[{"href":"https:\/\/mundobibliotecario.com.br\/index.php\/wp-json\/wp\/v2\/media?parent=3842"}],"wp:term":[{"taxonomy":"category","embeddable":true,"href":"https:\/\/mundobibliotecario.com.br\/index.php\/wp-json\/wp\/v2\/categories?post=3842"},{"taxonomy":"post_tag","embeddable":true,"href":"https:\/\/mundobibliotecario.com.br\/index.php\/wp-json\/wp\/v2\/tags?post=3842"}],"curies":[{"name":"wp","href":"https:\/\/api.w.org\/{rel}","templated":true}]}}