{"id":3854,"date":"2015-08-30T21:00:47","date_gmt":"2015-08-31T00:00:47","guid":{"rendered":"https:\/\/mundobibliotecario.wordpress.com\/?p=3854"},"modified":"2020-07-21T23:25:19","modified_gmt":"2020-07-22T02:25:19","slug":"qual-o-valor-do-conhecimento","status":"publish","type":"post","link":"https:\/\/mundobibliotecario.com.br\/index.php\/2015\/08\/30\/qual-o-valor-do-conhecimento\/","title":{"rendered":"Qual o valor do conhecimento?"},"content":{"rendered":"<p><span class=\"submitted\">Enviado por SBGC em Qua, 12\/08\/2015 &#8211; 17:28<\/span><\/p>\n<div class=\"article-body\" dir=\"ltr\">\n<div class=\"article-meta\">O conhecimento s\u00f3 tem valor se a organiza\u00e7\u00e3o for h\u00e1bil o suficiente para entreg\u00e1-lo a quem precisa e na hora que precisa. A frase chega ser at\u00e9 um clich\u00e9. O dif\u00edcil \u00e9 saber quem exatamente precisa. Por outro lado, sabemos que a solu\u00e7\u00e3o para grande parte dos problemas muitas vezes est\u00e1 dentro de casa, basta criar as condi\u00e7\u00f5es adequadas\u00a0para encontr\u00e1-lo.<\/div>\n<div class=\"article-body\" dir=\"ltr\">\n<p>Se a sua empresa tem uma\u00a0cultura voltada ao conhecimento, seja ela\u00a0focada na transfer\u00eancia ou no compartilhamento, ela tem um\u00a0fator chave para proporcionar vantagem competitiva real, bem como criar diferenciais dif\u00edceis de serem copiados pelos concorrentes.<\/p>\n<p>Por exemplo, se a \u00a0empresa focar na transfer\u00eancia do conhecimento, ela ir\u00e1 capacitar os seus profissionais mais rapidamente e garantir que conhecimentos cr\u00edticos sejam mantidos. A empresa tamb\u00e9m poder\u00e1\u00a0aumentar as chances de proporcionar &#8220;colis\u00f5es entre palpites&#8221;(1) e fomentar a cria\u00e7\u00e3o\u00a0solu\u00e7\u00f5es mais inovadoras.<\/p>\n<p><strong>Mas por que isso importa tanto agora?<\/strong><\/p>\n<p>O\u00a0conhecimento \u00e9 o principal ativo n\u00e3o financeiro de uma organiza\u00e7\u00e3o. Musa(2) comparou os dados da d\u00e9cada de 1960 e dos anos 2000. Na d\u00e9cada de 1960 o valor de uma organiza\u00e7\u00e3o era constitu\u00eddo 90% pelo valor de seus ativos tang\u00edveis e apenas 10% por seus intang\u00edveis. Em 2006, o valor das 500 organiza\u00e7\u00f5es do S&amp;P 500 (500 principais organiza\u00e7\u00f5es de capital aberto do mundo) era constitu\u00eddo, em m\u00e9dia, por apenas 20% de ativos tang\u00edveis e 80% de intang\u00edveis.<\/p>\n<p>&nbsp;<\/p>\n<\/div>\n<p>Invista nos seus intang\u00edveis; invista em uma cultura de focada no conhecimento. S\u00f3\u00a0n\u00e3o cometa o erro de colocar todos os ovos na cesta da TI. Focar apenas na cria\u00e7\u00e3o de reposit\u00f3rios, bases de dados, sites e afins provavelmente n\u00e3o trar\u00e1 os resultados esperados. A raz\u00e3o \u00e9 simples: o conhecimento faz parte do ser humano e precisa da intera\u00e7\u00e3o e\u00a0de um contexto para alavancar o seu valor. Informa\u00e7\u00f5es contidas em bases de dados\u00a0s\u00e3o apenas informa\u00e7\u00f5es.<\/p>\n<p>Se as pr\u00e1ticas de conhecimento\u00a0ainda n\u00e3o est\u00e3o incorporadas \u00e0 cultura da sua empresa, talvez esteja na hora\u00a0repensar o que se espera para o seu futuro. Afinal de contas,\u00a0se voc\u00ea n\u00e3o fizer, a concorr\u00eancia far\u00e1.<\/p>\n<p>(1) Johnson, Steven; 2010. De onde vem as boas ideias. Ed. Zahar.<br \/>\n(2) Musa, E. V.; 2006. Ativos tang\u00edveis e intang\u00edveis.<a href=\"http:\/\/www.fluxosolutions.com.br\/newsletter-9\/ativos-tangiveis-e-intangiveis\" target=\"_blank\" rel=\"nofollow noopener noreferrer\">http:\/\/www.fluxosolutions.com.br\/newsletter-9\/ativos-tangiveis-e-intangiveis<\/a>.<\/p>\n<p>&nbsp;<\/p>\n<p>Dispon\u00edvel em: &lt;http:\/\/www.sbgc.org.br\/sbgc\/blog\/qual-valor-do-conhecimento#.Vd6SG3zLGpk.twitter&gt;. Acesso em: 27 ago. 2015.<\/p>\n<\/div>\n","protected":false},"excerpt":{"rendered":"<p>Enviado por SBGC em Qua, 12\/08\/2015 &#8211; 17:28 O conhecimento s\u00f3 tem valor se a organiza\u00e7\u00e3o for h\u00e1bil o suficiente para entreg\u00e1-lo a quem precisa e na hora que precisa. A frase chega ser at\u00e9 um clich\u00e9. O dif\u00edcil \u00e9 saber quem exatamente precisa. Por outro lado, sabemos que a solu\u00e7\u00e3o para grande parte dos &#8230; <a title=\"Qual o valor do conhecimento?\" class=\"read-more\" href=\"https:\/\/mundobibliotecario.com.br\/index.php\/2015\/08\/30\/qual-o-valor-do-conhecimento\/\" aria-label=\"Read more about Qual o valor do conhecimento?\">Ler mais<\/a><\/p>\n","protected":false},"author":1,"featured_media":0,"comment_status":"open","ping_status":"open","sticky":false,"template":"","format":"standard","meta":{"_mi_skip_tracking":false,"_exactmetrics_sitenote_active":false,"_exactmetrics_sitenote_note":"","_exactmetrics_sitenote_category":0,"_jetpack_newsletter_access":"","footnotes":""},"categories":[60],"tags":[101],"class_list":["post-3854","post","type-post","status-publish","format-standard","hentry","category-noticias","tag-gestao-do-conhecimento"],"jetpack_featured_media_url":"","jetpack_sharing_enabled":true,"jetpack-related-posts":[{"id":596,"url":"https:\/\/mundobibliotecario.com.br\/index.php\/2009\/05\/12\/inteligencia-computacional-aplicada-eficiencia-e-valor\/","url_meta":{"origin":3854,"position":0},"title":"Intelig\u00eancia computacional aplicada, efici\u00eancia e valor","author":"mundobibliotecario","date":"12\/05\/2009","format":false,"excerpt":"GAZETA MERCANTIL, 16.04.09, p. A3 - Opini\u00e3o 16 de Abril de 2009 - J\u00e1 h\u00e1 algum tempo se alardeia a mudan\u00e7a da Era Industrial para a Era do Conhecimento, mas ainda estamos no meio desse processo. A partir do advento de tecnologias como o computador pessoal e a internet, nos\u2026","rel":"","context":"Em &quot;Not\u00edcias&quot;","block_context":{"text":"Not\u00edcias","link":"https:\/\/mundobibliotecario.com.br\/index.php\/category\/noticias\/"},"img":{"alt_text":"","src":"","width":0,"height":0},"classes":[]},{"id":9006,"url":"https:\/\/mundobibliotecario.com.br\/index.php\/2021\/06\/15\/conheca-a-impressionante-livraria-infinita\/","url_meta":{"origin":3854,"position":1},"title":"Conhe\u00e7a a impressionante &#8220;livraria infinita&#8221;","author":"mundobibliotecario","date":"15\/06\/2021","format":false,"excerpt":"A Dujiangyan Zhongshuge, uma livraria localizada em Dujiangyan, China, oferece uma experi\u00eancia \u00fanica aos seus visitantes. O local com espelhos estrategicamente posicionados transmite aos leitores a ideia de que a livraria \u00e9 um para\u00edso infinito. Usando elementos\u00a0como escadas em espiral, arcos curvos e espelhos no teto, os designers desta livraria\u2026","rel":"","context":"Em &quot;Not\u00edcias&quot;","block_context":{"text":"Not\u00edcias","link":"https:\/\/mundobibliotecario.com.br\/index.php\/category\/noticias\/"},"img":{"alt_text":"","src":"https:\/\/i0.wp.com\/mundobibliotecario.com.br\/wp-content\/uploads\/2021\/06\/Dujiangyan-Zhongshuge4-768x503-1.jpeg?resize=350%2C200&ssl=1","width":350,"height":200},"classes":[]},{"id":1962,"url":"https:\/\/mundobibliotecario.com.br\/index.php\/2011\/04\/19\/taxonomia-do-planejamento-a-implantacao\/","url_meta":{"origin":3854,"position":2},"title":"Taxonomia &#8211; do planejamento \u00e0 implanta\u00e7\u00e3o","author":"mundobibliotecario","date":"19\/04\/2011","format":false,"excerpt":"O curso Taxonomia, do planejamento \u00e0 implanta\u00e7\u00e3o \u00e9 um programa de capacita\u00e7\u00e3o modular criado para desenvolver as suas compet\u00eancias e permitir que voc\u00ea domine a teoria, o planejamento e a constru\u00e7\u00e3o de uma taxonomia na pr\u00e1tica. No Taxonomia, do planejamento a implanta\u00e7\u00e3o voc\u00ea ir\u00e1: \u2022 Conhecer o que \u00e9 uma\u2026","rel":"","context":"Em &quot;Curso&quot;","block_context":{"text":"Curso","link":"https:\/\/mundobibliotecario.com.br\/index.php\/category\/curso\/"},"img":{"alt_text":"","src":"","width":0,"height":0},"classes":[]},{"id":5390,"url":"https:\/\/mundobibliotecario.com.br\/index.php\/2019\/12\/30\/estudo-de-usuarios-na-web-conheca-duas-tecnicas-que-o-curso-de-biblioteconomia-nao-ensina\/","url_meta":{"origin":3854,"position":3},"title":"Estudo de usu\u00e1rios na web: conhe\u00e7a duas t\u00e9cnicas que o curso de Biblioteconomia n\u00e3o ensina","author":"mundobibliotecario","date":"30\/12\/2019","format":false,"excerpt":"Se voc\u00ea \u00e9 o respons\u00e1vel pelo gerenciamento das redes sociais da biblioteca, provavelmente j\u00e1 deve ter visto gr\u00e1ficos e n\u00fameros fornecidas pelas pr\u00f3prias redes. Eles variam desde a quantidade de compartilhamentos, curtidas, informa\u00e7\u00f5es demogr\u00e1ficas e outras. \u00c9 preciso ir al\u00e9m desses dados e entender como eles podem ser aplicados na\u2026","rel":"","context":"Em &quot;Not\u00edcias&quot;","block_context":{"text":"Not\u00edcias","link":"https:\/\/mundobibliotecario.com.br\/index.php\/category\/noticias\/"},"img":{"alt_text":"","src":"https:\/\/i0.wp.com\/mundobibliotecario.com.br\/wp-content\/uploads\/2020\/01\/instagram.png?resize=350%2C200&ssl=1","width":350,"height":200},"classes":[]},{"id":2850,"url":"https:\/\/mundobibliotecario.com.br\/index.php\/2013\/02\/01\/gestao-de-conhecimento-em-sociedades-de-advogados\/","url_meta":{"origin":3854,"position":4},"title":"Gest\u00e3o de conhecimento em sociedades de advogados","author":"mundobibliotecario","date":"01\/02\/2013","format":false,"excerpt":"Por Ana Neves 28 Janeiro 2013 | 13:26 Na passada semana estive no IT4Legal Forum. Trata-se de um evento anual organizado pelo IT4Legal , \u201cum grupo informal dedicado \u00e0 partilha e divulga\u00e7\u00e3o de informa\u00e7\u00e3o acerca de sistemas de informa\u00e7\u00e3o nas sociedades de advogados\u201c. Na ocasi\u00e3o tive oportunidade de fazer uma\u2026","rel":"","context":"Em &quot;Not\u00edcias&quot;","block_context":{"text":"Not\u00edcias","link":"https:\/\/mundobibliotecario.com.br\/index.php\/category\/noticias\/"},"img":{"alt_text":"","src":"","width":0,"height":0},"classes":[]},{"id":3947,"url":"https:\/\/mundobibliotecario.com.br\/index.php\/2015\/09\/20\/aplicativo-criado-por-cearenses-promove-venda-troca-e-ate-doacao-de-livros\/","url_meta":{"origin":3854,"position":5},"title":"Aplicativo criado por cearenses promove venda, troca e at\u00e9 doa\u00e7\u00e3o de livros","author":"mundobibliotecario","date":"20\/09\/2015","format":false,"excerpt":"\u00a0Sabe aquele momento no qual voc\u00ea precisa adquirir algum material escolar para o seu filho? Aquele livro da faculdade que est\u00e1 custando um bra\u00e7o e uma perna? \u00c9 muito chato ter que correr para encontrar aquele livro que voc\u00ea precisa, e por vezes,\u00a0acabar n\u00e3o encontrando. At\u00e9 existem feiras que promovem\u2026","rel":"","context":"Em &quot;Not\u00edcias&quot;","block_context":{"text":"Not\u00edcias","link":"https:\/\/mundobibliotecario.com.br\/index.php\/category\/noticias\/"},"img":{"alt_text":"","src":"https:\/\/i0.wp.com\/img.youtube.com\/vi\/sb9rJGV9cWE\/0.jpg?resize=350%2C200","width":350,"height":200},"classes":[]}],"jetpack_likes_enabled":true,"jetpack_shortlink":"https:\/\/wp.me\/pcbzwa-10a","_links":{"self":[{"href":"https:\/\/mundobibliotecario.com.br\/index.php\/wp-json\/wp\/v2\/posts\/3854","targetHints":{"allow":["GET"]}}],"collection":[{"href":"https:\/\/mundobibliotecario.com.br\/index.php\/wp-json\/wp\/v2\/posts"}],"about":[{"href":"https:\/\/mundobibliotecario.com.br\/index.php\/wp-json\/wp\/v2\/types\/post"}],"author":[{"embeddable":true,"href":"https:\/\/mundobibliotecario.com.br\/index.php\/wp-json\/wp\/v2\/users\/1"}],"replies":[{"embeddable":true,"href":"https:\/\/mundobibliotecario.com.br\/index.php\/wp-json\/wp\/v2\/comments?post=3854"}],"version-history":[{"count":3,"href":"https:\/\/mundobibliotecario.com.br\/index.php\/wp-json\/wp\/v2\/posts\/3854\/revisions"}],"predecessor-version":[{"id":6629,"href":"https:\/\/mundobibliotecario.com.br\/index.php\/wp-json\/wp\/v2\/posts\/3854\/revisions\/6629"}],"wp:attachment":[{"href":"https:\/\/mundobibliotecario.com.br\/index.php\/wp-json\/wp\/v2\/media?parent=3854"}],"wp:term":[{"taxonomy":"category","embeddable":true,"href":"https:\/\/mundobibliotecario.com.br\/index.php\/wp-json\/wp\/v2\/categories?post=3854"},{"taxonomy":"post_tag","embeddable":true,"href":"https:\/\/mundobibliotecario.com.br\/index.php\/wp-json\/wp\/v2\/tags?post=3854"}],"curies":[{"name":"wp","href":"https:\/\/api.w.org\/{rel}","templated":true}]}}