{"id":3877,"date":"2015-09-04T18:00:41","date_gmt":"2015-09-04T21:00:41","guid":{"rendered":"https:\/\/mundobibliotecario.wordpress.com\/?p=3877"},"modified":"2015-09-04T18:00:41","modified_gmt":"2015-09-04T21:00:41","slug":"vamos-pensar-juntos-uma-nova-biblioteconomia","status":"publish","type":"post","link":"https:\/\/mundobibliotecario.com.br\/index.php\/2015\/09\/04\/vamos-pensar-juntos-uma-nova-biblioteconomia\/","title":{"rendered":"Vamos pensar juntos uma nova Biblioteconomia?"},"content":{"rendered":"<p>Compartilhado do <a href=\"https:\/\/www.facebook.com\/febab.federacao?fref=ts\">Facebook da FEBAB<\/a>.<\/p>\n<p>***<\/p>\n<p>O primeiro cap\u00edtulo traduzido do livro de David Lankes j\u00e1 encontra-se dispon\u00edvel no link: <a href=\"http:\/\/goo.gl\/TA2lkA\" target=\"_blank\" rel=\"nofollow\">http:\/\/goo.gl\/TA2lkA<\/a><br \/>\nPara entender a proposta, sugerimos visitar primeiro este link:<a href=\"http:\/\/l.facebook.com\/l.php?u=http%3A%2F%2Fgoo.gl%2FUKTgDh&amp;h=JAQHDx-1FAQHbiJ_X706vOPSU9gjOWk6AjZamiKFQtwzqKQ&amp;enc=AZMFpXG40u0ZJtC1zl45g0_cqTpRVKFWDchCD3T9uR7rO9UTj3S9meqDVFuv82CW14h6jy7KJ5vzWCuPWd6M6aw09WYVoVntz-i7j6pnkAiRLMUY5c_GsLL2RWOPEHUOFnYz_2QZ1-Js9f9RmPuu5NbxlwQ2R0_uZELbL1pGMbdKMLHR6K0YhKGvNGJtBxxFVJI5dHJS51viwowtVx2vSNSQ&amp;s=1\" target=\"_blank\" rel=\"nofollow\">http:\/\/goo.gl\/UKTgDh<\/a><\/p>\n<div class=\"text_exposed_show\">\n<p>Compartilhe suas impress\u00f5es! Boa leitura!<\/p>\n<\/div>\n","protected":false},"excerpt":{"rendered":"<p>Compartilhado do Facebook da FEBAB. *** O primeiro cap\u00edtulo traduzido do livro de David Lankes j\u00e1 encontra-se dispon\u00edvel no link: http:\/\/goo.gl\/TA2lkA Para entender a proposta, sugerimos visitar primeiro este link:http:\/\/goo.gl\/UKTgDh Compartilhe suas impress\u00f5es! Boa leitura!<\/p>\n","protected":false},"author":1,"featured_media":0,"comment_status":"open","ping_status":"open","sticky":false,"template":"","format":"standard","meta":{"_mi_skip_tracking":false,"_exactmetrics_sitenote_active":false,"_exactmetrics_sitenote_note":"","_exactmetrics_sitenote_category":0,"_jetpack_newsletter_access":"","footnotes":""},"categories":[60],"tags":[1262,1263],"class_list":["post-3877","post","type-post","status-publish","format-standard","hentry","category-noticias","tag-david-lankes","tag-nova-biblioteconomia"],"jetpack_featured_media_url":"","jetpack_sharing_enabled":true,"jetpack-related-posts":[{"id":3921,"url":"https:\/\/mundobibliotecario.com.br\/index.php\/2015\/09\/12\/vamos-pensar-juntos-uma-nova-biblioteconomia-2\/","url_meta":{"origin":3877,"position":0},"title":"Vamos pensar juntos uma nova Biblioteconomia? (2)","author":"mundobibliotecario","date":"12\/09\/2015","format":false,"excerpt":"Compartilhado do Facebook da FEBAB. *** Vamos pensar juntos uma nova Biblioteconomia? O segundo cap\u00edtulo j\u00e1 est\u00e1 dispon\u00edvel para leitura e aberto para suas opini\u00f5es. Bibliotecas em tempos de crise, trabalho coletivo, criatividade, servi\u00e7os pontuais \u00e0s comunidades... tudo isso e mais um pouco!","rel":"","context":"Em &quot;Not\u00edcias&quot;","block_context":{"text":"Not\u00edcias","link":"https:\/\/mundobibliotecario.com.br\/index.php\/category\/noticias\/"},"img":{"alt_text":"","src":"","width":0,"height":0},"classes":[]},{"id":3991,"url":"https:\/\/mundobibliotecario.com.br\/index.php\/2015\/10\/11\/bibliotecas-estao-obsoletas\/","url_meta":{"origin":3877,"position":1},"title":"Bibliotecas est\u00e3o obsoletas","author":"mundobibliotecario","date":"11\/10\/2015","format":false,"excerpt":"Pegando carona nas ideias de David Lankes, encontrei este interessante texto em que ele debate a obsolesc\u00eancia das bibliotecas: Libraries are obsoletes.","rel":"","context":"Em &quot;Reflex\u00f5es&quot;","block_context":{"text":"Reflex\u00f5es","link":"https:\/\/mundobibliotecario.com.br\/index.php\/category\/reflexoes\/"},"img":{"alt_text":"","src":"","width":0,"height":0},"classes":[]},{"id":3535,"url":"https:\/\/mundobibliotecario.com.br\/index.php\/2014\/07\/13\/como-checar-o-conteudo-divulgado-em-redes-sociais\/","url_meta":{"origin":3877,"position":2},"title":"Como checar o conte\u00fado divulgado em redes sociais","author":"mundobibliotecario","date":"13\/07\/2014","format":false,"excerpt":"Os bibliotec\u00e1rios costumam falar que trabalham com informa\u00e7\u00e3o, conhecimento e, mais recentemente, com conte\u00fado. Ent\u00e3o porque n\u00e3o dar um conferida neste manual? Ou, melhor ainda, porque n\u00e3o pensarmos juntos em elaborar um manual pr\u00f3prio para nossa profiss\u00e3o? Afinal, como os jornalistas, devemos estar atento \u00e0s fontes de informa\u00e7\u00e3o e, claro,\u2026","rel":"","context":"Em &quot;Not\u00edcias&quot;","block_context":{"text":"Not\u00edcias","link":"https:\/\/mundobibliotecario.com.br\/index.php\/category\/noticias\/"},"img":{"alt_text":"","src":"","width":0,"height":0},"classes":[]},{"id":3710,"url":"https:\/\/mundobibliotecario.com.br\/index.php\/2015\/04\/16\/botao-do-google-academico-extensao-chrome\/","url_meta":{"origin":3877,"position":3},"title":"Bot\u00e3o do Google Acad\u00eamico &#8211; Extens\u00e3o Chrome","author":"mundobibliotecario","date":"16\/04\/2015","format":false,"excerpt":"Google lan\u00e7ou sua pr\u00f3pria extens\u00e3o chrome para encurtar o caminho entre navega\u00e7\u00e3o\/leitura e busca no Google Acad\u00eamico. A extens\u00e3o, que leva o nome de \"Bot\u00e3o do Google Acad\u00eamico\" funciona assim: durante a navega\u00e7\u00e3o em p\u00e1gina que contenha dados referenciais (nem todas as p\u00e1ginas) ou ap\u00f3s selecionar um termo\/t\u00edtulo em uma\u2026","rel":"","context":"Em &quot;Not\u00edcias&quot;","block_context":{"text":"Not\u00edcias","link":"https:\/\/mundobibliotecario.com.br\/index.php\/category\/noticias\/"},"img":{"alt_text":"","src":"","width":0,"height":0},"classes":[]},{"id":4808,"url":"https:\/\/mundobibliotecario.com.br\/index.php\/2018\/06\/25\/consulta-nacional-2o-projeto-de-revisao-da-abnt-nbr-6023\/","url_meta":{"origin":3877,"position":4},"title":"Consulta Nacional &#8211; 2\u00ba Projeto de Revis\u00e3o da ABNT NBR 6023","author":"mundobibliotecario","date":"25\/06\/2018","format":false,"excerpt":"Fonte da imagem:\u00a0https:\/\/commons.wikimedia.org\/wiki\/File:Abnt3.jpg \u00a0 A ABNT abriu consulta p\u00fablica para a revis\u00e3o da norma de refer\u00eancia bibliogr\u00e1fica, a NBR 6023, at\u00e9 o dia 16\/07\/18. Est\u00e1 em Consulta Nacional o 2\u00ba Projeto de Revis\u00e3o da ABNT NBR 6023 \u2013 Informa\u00e7\u00e3o e documenta\u00e7\u00e3o \u2013 Refer\u00eancias \u2013 Elabora\u00e7\u00e3o, do ABNT\/CB-014 \u2013 Informa\u00e7\u00e3o e\u2026","rel":"","context":"Em &quot;Not\u00edcias&quot;","block_context":{"text":"Not\u00edcias","link":"https:\/\/mundobibliotecario.com.br\/index.php\/category\/noticias\/"},"img":{"alt_text":"","src":"","width":0,"height":0},"classes":[]},{"id":1418,"url":"https:\/\/mundobibliotecario.com.br\/index.php\/2010\/08\/18\/concursos-6\/","url_meta":{"origin":3877,"position":5},"title":"Concursos","author":"mundobibliotecario","date":"18\/08\/2010","format":false,"excerpt":"PROCESSO SELETIVO SEBRAE NACIONAL N\u00b0 02\/2010 01 vaga Sal\u00e1rio: R$ 3.988,77 link: http:\/\/www.cespe.unb.br\/concursos\/sebrae022010 CRC SC Cadastro Reserva Sal\u00e1rio: R$ 1.815,95 link: http:\/\/concursocrcsc.fepese.org.br\/ edital da aeron\u00e1utica que tem vagas para formados em Arquivologia e Biblioteconomia.","rel":"","context":"Em &quot;Concurso&quot;","block_context":{"text":"Concurso","link":"https:\/\/mundobibliotecario.com.br\/index.php\/category\/concurso\/"},"img":{"alt_text":"","src":"","width":0,"height":0},"classes":[]}],"jetpack_likes_enabled":true,"jetpack_shortlink":"https:\/\/wp.me\/pcbzwa-10x","_links":{"self":[{"href":"https:\/\/mundobibliotecario.com.br\/index.php\/wp-json\/wp\/v2\/posts\/3877","targetHints":{"allow":["GET"]}}],"collection":[{"href":"https:\/\/mundobibliotecario.com.br\/index.php\/wp-json\/wp\/v2\/posts"}],"about":[{"href":"https:\/\/mundobibliotecario.com.br\/index.php\/wp-json\/wp\/v2\/types\/post"}],"author":[{"embeddable":true,"href":"https:\/\/mundobibliotecario.com.br\/index.php\/wp-json\/wp\/v2\/users\/1"}],"replies":[{"embeddable":true,"href":"https:\/\/mundobibliotecario.com.br\/index.php\/wp-json\/wp\/v2\/comments?post=3877"}],"version-history":[{"count":0,"href":"https:\/\/mundobibliotecario.com.br\/index.php\/wp-json\/wp\/v2\/posts\/3877\/revisions"}],"wp:attachment":[{"href":"https:\/\/mundobibliotecario.com.br\/index.php\/wp-json\/wp\/v2\/media?parent=3877"}],"wp:term":[{"taxonomy":"category","embeddable":true,"href":"https:\/\/mundobibliotecario.com.br\/index.php\/wp-json\/wp\/v2\/categories?post=3877"},{"taxonomy":"post_tag","embeddable":true,"href":"https:\/\/mundobibliotecario.com.br\/index.php\/wp-json\/wp\/v2\/tags?post=3877"}],"curies":[{"name":"wp","href":"https:\/\/api.w.org\/{rel}","templated":true}]}}