{"id":3889,"date":"2015-10-01T18:00:00","date_gmt":"2015-10-01T21:00:00","guid":{"rendered":"https:\/\/mundobibliotecario.wordpress.com\/?p=3889"},"modified":"2020-07-21T23:54:54","modified_gmt":"2020-07-22T02:54:54","slug":"roda-de-conversa-sobre-para-alem-do-trabalho-vivendo-em-biblioteca","status":"publish","type":"post","link":"https:\/\/mundobibliotecario.com.br\/index.php\/2015\/10\/01\/roda-de-conversa-sobre-para-alem-do-trabalho-vivendo-em-biblioteca\/","title":{"rendered":"Roda de Conversa sobre: \u201cPara al\u00e9m do trabalho: vivendo em biblioteca\u201d"},"content":{"rendered":"<p>Roda de Conversa sobre: \u201cPara al\u00e9m do trabalho: vivendo em biblioteca\u201d<\/p>\n<p>07out2015 (quarta) 9h00-10h00 GRATUITA<\/p>\n<p>&nbsp;<\/p>\n<p>Viver implica em CONnviver e muito de nosso conv\u00edvio acontece no nosso trabalho. Em geral, bibliotecas s\u00e3o institui\u00e7\u00f5es ligadas ao servi\u00e7o p\u00fablico onde n\u00e3o h\u00e1 cultura de demiss\u00e3o. Ent\u00e3o quando decidimos trabalhar em uma biblioteca podemos \u201ccasar\u201d com ela e com \u201cos outros\u201d que fizeram a mesma escolha. Mas, lembrando Sartre, quando estamos juntos, entre quatro paredes, por um longo tempo, os \u201coutros\u201d s\u00e3o o inferno. Precisa ser assim? Propomos uma reflex\u00e3o sobre estrat\u00e9gias que podem contribuir para a forma\u00e7\u00e3o de ambientes amistosos, saud\u00e1veis e criativos em bibliotecas.<br \/>\n&gt; Voc\u00ea conhece alguma biblioteca em que colegas de trabalho tiram f\u00e9rias juntos e viajam juntos, com suas fam\u00edlias???<br \/>\n&gt; Voc\u00ea conhece alguma biblioteca em que os aposentados vem trabalhar voluntariamente, no balc\u00e3o principalmente, para que todos os que est\u00e3o na ativa possam participar de um evento de capacita\u00e7\u00e3o em hor\u00e1rio de trabalho?<br \/>\n&gt; Voc\u00ea conhece alguma biblioteca em que todos os colegas festejam seus anivers\u00e1rios no ambiente de trabalho e que, portanto, as festas s\u00e3o frequentes e muito bem festejadas? Onde at\u00e9 os aposentados comparecem?<br \/>\nEsta biblioteca existe!!! Vamos conversar sobre causas e efeitos destes e outros comportamentos similares? E quando os comportamentos s\u00e3o antag\u00f4nicos a estes, por qu\u00ea o s\u00e3o?<\/p>\n","protected":false},"excerpt":{"rendered":"<p>Roda de Conversa sobre: \u201cPara al\u00e9m do trabalho: vivendo em biblioteca\u201d 07out2015 (quarta) 9h00-10h00 GRATUITA &nbsp; Viver implica em CONnviver e muito de nosso conv\u00edvio acontece no nosso trabalho. Em geral, bibliotecas s\u00e3o institui\u00e7\u00f5es ligadas ao servi\u00e7o p\u00fablico onde n\u00e3o h\u00e1 cultura de demiss\u00e3o. Ent\u00e3o quando decidimos trabalhar em uma biblioteca podemos \u201ccasar\u201d com ela &#8230; <a title=\"Roda de Conversa sobre: \u201cPara al\u00e9m do trabalho: vivendo em biblioteca\u201d\" class=\"read-more\" href=\"https:\/\/mundobibliotecario.com.br\/index.php\/2015\/10\/01\/roda-de-conversa-sobre-para-alem-do-trabalho-vivendo-em-biblioteca\/\" aria-label=\"Read more about Roda de Conversa sobre: \u201cPara al\u00e9m do trabalho: vivendo em biblioteca\u201d\">Ler mais<\/a><\/p>\n","protected":false},"author":1,"featured_media":0,"comment_status":"open","ping_status":"open","sticky":false,"template":"","format":"standard","meta":{"_mi_skip_tracking":false,"_exactmetrics_sitenote_active":false,"_exactmetrics_sitenote_note":"","_exactmetrics_sitenote_category":0,"_jetpack_newsletter_access":"","footnotes":""},"categories":[27],"tags":[1284,2,1285],"class_list":["post-3889","post","type-post","status-publish","format-standard","hentry","category-eventos","tag-ambiente-de-trabalho","tag-biblioteca","tag-convivencia"],"jetpack_featured_media_url":"","jetpack_sharing_enabled":true,"jetpack-related-posts":[{"id":4376,"url":"https:\/\/mundobibliotecario.com.br\/index.php\/2016\/10\/24\/bibliotecaria-e-contadora-de-historias\/","url_meta":{"origin":3889,"position":0},"title":"Bibliotec\u00e1ria E contadora de hist\u00f3rias!","author":"mundobibliotecario","date":"24\/10\/2016","format":false,"excerpt":"O Mundo Bibliotec\u00e1rio lan\u00e7ou uma s\u00e9rie de posts com bibliotec\u00e1rios envolvidos em experi\u00eancias profissionais\u00a0diferentes em ambientes que n\u00e3o somente bibliotecas (confira o primeiro post da s\u00e9rie:\u00a0Bibliotec\u00e1rio ol\u00edmpico!). Desta vez,\u00a0Aline Botelho, bibliotec\u00e1ria e contadora de hist\u00f3rias, enviou seu depoimento\u00a0no qual fala de sua rica experi\u00eancia com o trabalho de conta\u00e7\u00e3o. Confira!\u2026","rel":"","context":"Em &quot;Not\u00edcias&quot;","block_context":{"text":"Not\u00edcias","link":"https:\/\/mundobibliotecario.com.br\/index.php\/category\/noticias\/"},"img":{"alt_text":"","src":"","width":0,"height":0},"classes":[]},{"id":2862,"url":"https:\/\/mundobibliotecario.com.br\/index.php\/2013\/02\/08\/a-biblioteca-pensada-como-um-espaco-vivo\/","url_meta":{"origin":3889,"position":1},"title":"A biblioteca pensada como um espa\u00e7o vivo","author":"mundobibliotecario","date":"08\/02\/2013","format":false,"excerpt":"Confira entrevista de Rog\u00e9rio Pereira \u00e0 Gazeta de Alagoas 12\/11\/2012 Para o gestor, a institui\u00e7\u00e3o deve acompanhar seu tempo \u2013 e viver em transforma\u00e7\u00e3o Carla Castellotti O jornalista Rog\u00e9rio Pereira, 39, guarda boas lembran\u00e7as da biblioteca que frequentava quando crian\u00e7a. Aos 13 anos, o ainda garoto j\u00e1 trabalhava como office\u2026","rel":"","context":"Em &quot;Not\u00edcias&quot;","block_context":{"text":"Not\u00edcias","link":"https:\/\/mundobibliotecario.com.br\/index.php\/category\/noticias\/"},"img":{"alt_text":"","src":"","width":0,"height":0},"classes":[]},{"id":5449,"url":"https:\/\/mundobibliotecario.com.br\/index.php\/2020\/01\/05\/rede-sesc-de-bibliotecas-vai-trabalhar-conceito-de-leituras-elasticas\/","url_meta":{"origin":3889,"position":2},"title":"Rede Sesc de Bibliotecas vai trabalhar conceito de leituras el\u00e1sticas","author":"mundobibliotecario","date":"05\/01\/2020","format":false,"excerpt":"Trabalho \u00e9 sobre a abordagem l\u00fadica em que se pode misturar livros com outras plataformas Ideia \u00e9 refor\u00e7ar o valor de promo\u00e7\u00e3o de leitura para al\u00e9m do livro. Cr\u00e9dito da foto: Pixabay Com um total de 386 unidades atualmente em funcionamento em todo o pa\u00eds, sendo 329 bibliotecas fixas e\u2026","rel":"","context":"Em &quot;Not\u00edcias&quot;","block_context":{"text":"Not\u00edcias","link":"https:\/\/mundobibliotecario.com.br\/index.php\/category\/noticias\/"},"img":{"alt_text":"","src":"","width":0,"height":0},"classes":[]},{"id":7955,"url":"https:\/\/mundobibliotecario.com.br\/index.php\/2020\/12\/04\/juntos-mais-fortes-bibliotecas-enfocam-os-objetivos-de-desenvolvimento-sustentavel-da-onu\/","url_meta":{"origin":3889,"position":3},"title":"Juntos mais fortes: Bibliotecas enfocam os Objetivos de Desenvolvimento Sustent\u00e1vel da ONU","author":"mundobibliotecario","date":"04\/12\/2020","format":false,"excerpt":"As bibliotecas s\u00e3o parceiras l\u00f3gicas para iniciativas locais de desenvolvimento econ\u00f4mico e sustent\u00e1vel, especialmente aquelas que enfocam as pessoas e a qualidade de vida.\u00a0A miss\u00e3o das bibliotecas se encaixa bem com os ODS - j\u00e1 que os ODS servem como uma chamada \u00e0 a\u00e7\u00e3o para todas as partes interessadas para\u2026","rel":"","context":"Em &quot;Not\u00edcias&quot;","block_context":{"text":"Not\u00edcias","link":"https:\/\/mundobibliotecario.com.br\/index.php\/category\/noticias\/"},"img":{"alt_text":"","src":"","width":0,"height":0},"classes":[]},{"id":2481,"url":"https:\/\/mundobibliotecario.com.br\/index.php\/2012\/03\/02\/biblioteca-do-centro-de-referencia-do-trabalhador-leonel-brizola-comeca-restauracao-de-livros-raros\/","url_meta":{"origin":3889,"position":4},"title":"Biblioteca do Centro de Refer\u00eancia do Trabalhador Leonel Brizola come\u00e7a restaura\u00e7\u00e3o de livros raros","author":"mundobibliotecario","date":"02\/03\/2012","format":false,"excerpt":"a primeira parte do acervo que passa por restaura\u00e7\u00e3o. Inicialmente est\u00e3osendo recuperados 54 exemplares.Bras\u00edlia, 01\/03\/2012 - Parte do acervo da biblioteca do Centro de Refer\u00eanciado Trabalhador Leonel Brizola foi restaurada e retorna para consulta dosvisitantes. S\u00e3o 54 t\u00edtulos que foram restaurados, higienizados ereencapados. Os livros pertenciam \u00e0 biblioteca pessoal de\u2026","rel":"","context":"Em &quot;Not\u00edcias&quot;","block_context":{"text":"Not\u00edcias","link":"https:\/\/mundobibliotecario.com.br\/index.php\/category\/noticias\/"},"img":{"alt_text":"","src":"","width":0,"height":0},"classes":[]},{"id":4398,"url":"https:\/\/mundobibliotecario.com.br\/index.php\/2016\/11\/05\/snbu-2016-dia-181016\/","url_meta":{"origin":3889,"position":5},"title":"SNBU 2016 &#8211; Dia 18\/10\/16","author":"mundobibliotecario","date":"05\/11\/2016","format":false,"excerpt":"No terceiro dia do SNBU 2016, o bibliotec\u00e1rio Cristian Jos\u00e9 Oliveira Santos, da C\u00e2mara dos Deputados, proferiu pela manh\u00e3 a confer\u00eancia \"A Cultura Organizacional das Bibliotecas Universit\u00e1rias. Santos discorreu sobre aspectos diversos da cultura organizacional. Fundamentalmente, trata-se do \"jeito de fazer as coisas\". No contexto bibliotec\u00e1rio, destacou que a biblioteca\u2026","rel":"","context":"Em &quot;Eventos&quot;","block_context":{"text":"Eventos","link":"https:\/\/mundobibliotecario.com.br\/index.php\/category\/eventos\/"},"img":{"alt_text":"","src":"","width":0,"height":0},"classes":[]}],"jetpack_likes_enabled":true,"jetpack_shortlink":"https:\/\/wp.me\/pcbzwa-10J","_links":{"self":[{"href":"https:\/\/mundobibliotecario.com.br\/index.php\/wp-json\/wp\/v2\/posts\/3889","targetHints":{"allow":["GET"]}}],"collection":[{"href":"https:\/\/mundobibliotecario.com.br\/index.php\/wp-json\/wp\/v2\/posts"}],"about":[{"href":"https:\/\/mundobibliotecario.com.br\/index.php\/wp-json\/wp\/v2\/types\/post"}],"author":[{"embeddable":true,"href":"https:\/\/mundobibliotecario.com.br\/index.php\/wp-json\/wp\/v2\/users\/1"}],"replies":[{"embeddable":true,"href":"https:\/\/mundobibliotecario.com.br\/index.php\/wp-json\/wp\/v2\/comments?post=3889"}],"version-history":[{"count":2,"href":"https:\/\/mundobibliotecario.com.br\/index.php\/wp-json\/wp\/v2\/posts\/3889\/revisions"}],"predecessor-version":[{"id":7335,"href":"https:\/\/mundobibliotecario.com.br\/index.php\/wp-json\/wp\/v2\/posts\/3889\/revisions\/7335"}],"wp:attachment":[{"href":"https:\/\/mundobibliotecario.com.br\/index.php\/wp-json\/wp\/v2\/media?parent=3889"}],"wp:term":[{"taxonomy":"category","embeddable":true,"href":"https:\/\/mundobibliotecario.com.br\/index.php\/wp-json\/wp\/v2\/categories?post=3889"},{"taxonomy":"post_tag","embeddable":true,"href":"https:\/\/mundobibliotecario.com.br\/index.php\/wp-json\/wp\/v2\/tags?post=3889"}],"curies":[{"name":"wp","href":"https:\/\/api.w.org\/{rel}","templated":true}]}}