{"id":389,"date":"2009-03-01T13:43:27","date_gmt":"2009-03-01T16:43:27","guid":{"rendered":"http:\/\/mundobibliotecario.wordpress.com\/?p=389"},"modified":"2009-03-01T13:43:27","modified_gmt":"2009-03-01T16:43:27","slug":"curso-cdia-formacao-de-gestores-de-documentacao-informacao-e-conhecimento","status":"publish","type":"post","link":"https:\/\/mundobibliotecario.com.br\/index.php\/2009\/03\/01\/curso-cdia-formacao-de-gestores-de-documentacao-informacao-e-conhecimento\/","title":{"rendered":"Curso &#8211; CDIA+ Forma\u00e7\u00e3o de gestores de documenta\u00e7\u00e3o, informa\u00e7\u00e3o e conhecimento"},"content":{"rendered":"<p>CDIA+ Forma\u00e7\u00e3o de gestores de documenta\u00e7\u00e3o, informa\u00e7\u00e3o e conhecimento (incluindo a prepara\u00e7\u00e3o para o teste CDIA+)<\/p>\n<p>De 03 a 06 de mar\u00e7o a i-Ware estar\u00e1 ministrando este curso internacional com 32 horas\/aula<\/p>\n<p>Com a aprova\u00e7\u00e3o da CompTIA Authorized Quality Curriculum<\/p>\n<p>\u00a0Objetivos: \u00b7 Dar subs\u00eddios na sele\u00e7\u00e3o entre sistemas de armazenamento anal\u00f3gicos e eletr\u00f4nicos levando em conta fatores legais, funcionais e de preserva\u00e7\u00e3o digital;<\/p>\n<p>\u00b7 Apresentar metodologia para o desenvolvimento de projetos para a gest\u00e3o de documentos, informa\u00e7\u00f5es n\u00e3o estruturadas e conhecimento;<\/p>\n<p>\u00b7 Sugerir metodologia para o levantamento de requisitos, defini\u00e7\u00e3o de plano de implementa\u00e7\u00e3o e de testes;<\/p>\n<p>\u00b7 Capacitar no dimensionamento de recursos de captura, armazenamento e de comunica\u00e7\u00e3o para a implementa\u00e7\u00e3o de sistemas de gest\u00e3o eletr\u00f4nica;<\/p>\n<p>\u00b7 Preparar para o exame de certifica\u00e7\u00e3o CDIA+ &#8211; Certified Document Imaging Architect da CompTIA (www.comptia.org\/certification\/cdia) vers\u00e3o 2005.<\/p>\n<p>\u00b7 Veja mais objetivos em <a href=\"http:\/\/www.imageware.com.br\">www.imageware.com.br<\/a><\/p>\n<p>Forma de treinamento:<\/p>\n<p>\u00b7 Aulas expositivas;<\/p>\n<p>\u00b7 Apresenta\u00e7\u00e3o e desenvolvimento de um estudo de caso;<\/p>\n<p>\u00b7 Realiza\u00e7\u00e3o de teste simulado baseado nos requisitos da certifica\u00e7\u00e3o CDIA+;<\/p>\n<p>\u00b7 Materiais de apoio: c\u00f3pia de mais de 400 slides, livro \u201cApplied Document Imaging Technology\u201d com 254 p\u00e1ginas, estudo de caso e teste simulado.<\/p>\n<p>\u00a0Instrutor: Walter W. Koch, Professor dos cursos de p\u00f3s-gradua\u00e7\u00e3o da FESP e da UNIP. Recebeu as certifica\u00e7\u00f5es MIT e LITechnologies da AIIM \u2013 Association for Information and Image Management. Com mais de 30 anos de experi\u00eancia em TI, desenvolveu alguns dos maiores projetos de gest\u00e3o de documentos do Pa\u00eds, tais como os da Andrade Gutierrez, ANP, Banco Real, BOVESPA, CSN, FEBRABAN, Ita\u00fa Seguros, Sistel e Tozzini, Freire Advogados. Como instrutor internacional do programa CDIA+, j\u00e1 ministrou este treinamento para cerca de 1000 alunos em 15 pa\u00edses.<\/p>\n<p>Informa\u00e7\u00f5es<\/p>\n<p>Para receber mais informa\u00e7\u00f5es sobre este curso, por favor envie um e-mail para educa@imageware.com.br<\/p>\n","protected":false},"excerpt":{"rendered":"<p>CDIA+ Forma\u00e7\u00e3o de gestores de documenta\u00e7\u00e3o, informa\u00e7\u00e3o e conhecimento (incluindo a prepara\u00e7\u00e3o para o teste CDIA+) De 03 a 06 de mar\u00e7o a i-Ware estar\u00e1 ministrando este curso internacional com 32 horas\/aula Com a aprova\u00e7\u00e3o da CompTIA Authorized Quality Curriculum \u00a0Objetivos: \u00b7 Dar subs\u00eddios na sele\u00e7\u00e3o entre sistemas de armazenamento anal\u00f3gicos e eletr\u00f4nicos levando em &#8230; <a title=\"Curso &#8211; CDIA+ Forma\u00e7\u00e3o de gestores de documenta\u00e7\u00e3o, informa\u00e7\u00e3o e conhecimento\" class=\"read-more\" href=\"https:\/\/mundobibliotecario.com.br\/index.php\/2009\/03\/01\/curso-cdia-formacao-de-gestores-de-documentacao-informacao-e-conhecimento\/\" aria-label=\"Read more about Curso &#8211; CDIA+ Forma\u00e7\u00e3o de gestores de documenta\u00e7\u00e3o, informa\u00e7\u00e3o e conhecimento\">Ler mais<\/a><\/p>\n","protected":false},"author":1,"featured_media":0,"comment_status":"open","ping_status":"open","sticky":false,"template":"","format":"standard","meta":{"_mi_skip_tracking":false,"_exactmetrics_sitenote_active":false,"_exactmetrics_sitenote_note":"","_exactmetrics_sitenote_category":0,"_jetpack_newsletter_access":"","footnotes":""},"categories":[252],"tags":[68,74,101,259],"class_list":["post-389","post","type-post","status-publish","format-standard","hentry","category-curso","tag-documentacao","tag-gestao-da-informacao","tag-gestao-do-conhecimento","tag-i-ware"],"jetpack_featured_media_url":"","jetpack_sharing_enabled":true,"jetpack-related-posts":[{"id":3541,"url":"https:\/\/mundobibliotecario.com.br\/index.php\/2014\/07\/16\/cursos-para-o-2o-semestre-de-2014-da-innova-gestao\/","url_meta":{"origin":389,"position":0},"title":"Cursos para o 2\u00ba semestre de 2014 da Innova Gest\u00e3o","author":"mundobibliotecario","date":"16\/07\/2014","format":false,"excerpt":"CURSOS 2\u00ba Semestre de 2014 INSCRI\u00c7\u00d5ES ABERTAS \u2013 RESERVE A SUA VAGA DESCONTOS de 15% PARA ASSOCIADOS DA ABDF, SBGC E ABRAINFO \u00a0 CURSOS 2\u00ba Semestre de 2014 INSCRI\u00c7\u00d5ES ABERTAS \u2013 RESERVE A SUA VAGA DESCONTOS de 15% PARA ASSOCIADOS DA ABDF, SBGC E ABRAINFO Cursos Detalhes Inscri\u00e7\u00e3o CURSO DE\u2026","rel":"","context":"Em &quot;Curso&quot;","block_context":{"text":"Curso","link":"https:\/\/mundobibliotecario.com.br\/index.php\/category\/curso\/"},"img":{"alt_text":"","src":"","width":0,"height":0},"classes":[]},{"id":2339,"url":"https:\/\/mundobibliotecario.com.br\/index.php\/2011\/11\/27\/curso-gestao-de-documentos-eletronicos-arquivisticos\/","url_meta":{"origin":389,"position":1},"title":"Curso &#8211; Gest\u00e3o de Documentos Eletr\u00f4nicos Arquiv\u00edsticos","author":"mundobibliotecario","date":"27\/11\/2011","format":false,"excerpt":"Objetivo \u00a0\u00a0\u00a0\u00a0\u00a0Orientar usu\u00e1rios, em n\u00edvel operacional e gerencial, quanto ao tratamento da informa\u00e7\u00e3o eletr\u00f4nica, seja ela p\u00fablica ou privada, e os v\u00e1rios aspectos relacionados \u00e0 Gest\u00e3o de Documentos Eletr\u00f4nicos Arquiv\u00edsticos. P\u00fablico-alvo \u00a0\u00a0\u00a0\u00a0\u00a0Gerentes, coordenadores, supervisores e demais agentes envolvidos com a gest\u00e3o eletr\u00f4nica de documentos. Necessidade x Justificativa \u00a0\u00a0\u00a0\u00a0\u00a0Na sociedade contempor\u00e2nea\u2026","rel":"","context":"Em &quot;Curso&quot;","block_context":{"text":"Curso","link":"https:\/\/mundobibliotecario.com.br\/index.php\/category\/curso\/"},"img":{"alt_text":"","src":"","width":0,"height":0},"classes":[]},{"id":9326,"url":"https:\/\/mundobibliotecario.com.br\/index.php\/2021\/08\/05\/biblioteconomia\/","url_meta":{"origin":389,"position":2},"title":"Biblioteconomia","author":"mundobibliotecario","date":"05\/08\/2021","format":false,"excerpt":"Este graduado \u00e9 respons\u00e1vel por organizar, conservar e divulgar acervos de bibliotecas e centros de documenta\u00e7\u00e3o, cuidando da classifica\u00e7\u00e3o de livros, pap\u00e9is e arquivos digitais.Trabalha como um administrador de dados, catalogando e armazenando livros e informa\u00e7\u00f5es, buscando sempre o melhor e mais \u00e1gil sistema de consulta poss\u00edvel.Al\u00e9m de livros, revistas\u2026","rel":"","context":"Post similar","block_context":{"text":"Post similar","link":""},"img":{"alt_text":"","src":"https:\/\/i0.wp.com\/mundobibliotecario.com.br\/wp-content\/uploads\/2021\/08\/016-biblioteconomia.jpg?resize=350%2C200&ssl=1","width":350,"height":200},"classes":[]},{"id":3389,"url":"https:\/\/mundobibliotecario.com.br\/index.php\/2014\/01\/16\/cursos-para-bibliotecarios-2\/","url_meta":{"origin":389,"position":3},"title":"Cursos para bibliotec\u00e1rios","author":"mundobibliotecario","date":"16\/01\/2014","format":false,"excerpt":"Contribui\u00e7\u00e3o de Karen Cristina Nunes. *** Gest\u00e3o da Informa\u00e7\u00e3o e Documenta\u00e7\u00e3o em Escrit\u00f3rios Jur\u00eddicos Dias 05 e 06 fevereiro (4a e 5a-feira) - S\u00e3o Paulo Dias 27 e 28 de mar\u00e7o (5a e 6a-feira) - Salvador P\u00fablico alvo: Gestores jur\u00eddicos, profissionais da informa\u00e7\u00e3o e Tecnologia da Informa\u00e7\u00e3o. Facilitadoras: Renate Landshoff\u2026","rel":"","context":"Em &quot;Curso&quot;","block_context":{"text":"Curso","link":"https:\/\/mundobibliotecario.com.br\/index.php\/category\/curso\/"},"img":{"alt_text":"","src":"","width":0,"height":0},"classes":[]},{"id":2040,"url":"https:\/\/mundobibliotecario.com.br\/index.php\/2011\/05\/23\/furg-cria-especializacao-a-distancia-em-ciencia-da-informacao\/","url_meta":{"origin":389,"position":4},"title":"Furg cria especializa\u00e7\u00e3o a dist\u00e2ncia em Ci\u00eancia da Informa\u00e7\u00e3o","author":"mundobibliotecario","date":"23\/05\/2011","format":false,"excerpt":"A Universidade Federal do Rio Grande aprovou, por meio do Conselho de Ensino, Pesquisa, Extens\u00e3o e Administra\u00e7\u00e3o (Coepea), a cria\u00e7\u00e3o do curso de Especializa\u00e7\u00e3o em Ci\u00eancia da Informa\u00e7\u00e3o na modalidade a dist\u00e2ncia. Ser\u00e3o oferecidas 150 vagas a portadores de diploma de curso superior distribu\u00eddas igualmente para os polos de educa\u00e7\u00e3o\u2026","rel":"","context":"Em &quot;Not\u00edcias&quot;","block_context":{"text":"Not\u00edcias","link":"https:\/\/mundobibliotecario.com.br\/index.php\/category\/noticias\/"},"img":{"alt_text":"","src":"","width":0,"height":0},"classes":[]},{"id":788,"url":"https:\/\/mundobibliotecario.com.br\/index.php\/2009\/08\/05\/fespsp-propoe-dupla-especializacao-em-ciencia-da-informacao\/","url_meta":{"origin":389,"position":5},"title":"FESPSP prop\u00f5e dupla especializa\u00e7\u00e3o em Ci\u00eancia da Informa\u00e7\u00e3o","author":"mundobibliotecario","date":"05\/08\/2009","format":false,"excerpt":"A Funda\u00e7\u00e3o Escola de Sociologia e Pol\u00edtica de S\u00e3o Paulo est\u00e1 com matr\u00edculas abertas para mais de 10 cursos em Gest\u00e3o da Informa\u00e7\u00e3o A Funda\u00e7\u00e3o Escola de Sociologia e Pol\u00edtica de S\u00e3o Paulo (FESPSP) estruturou a integra\u00e7\u00e3o entre dois cursos de P\u00f3s-Gradua\u00e7\u00e3o Lato Sensu, \u201cGest\u00e3o de Documentos de Arquivo\u201d e\u2026","rel":"","context":"Em &quot;Curso de P\u00f3s-Gradua\u00e7\u00e3o&quot;","block_context":{"text":"Curso de P\u00f3s-Gradua\u00e7\u00e3o","link":"https:\/\/mundobibliotecario.com.br\/index.php\/category\/curso-de-pos-graduacao\/"},"img":{"alt_text":"","src":"","width":0,"height":0},"classes":[]}],"jetpack_likes_enabled":true,"jetpack_shortlink":"https:\/\/wp.me\/pcbzwa-6h","_links":{"self":[{"href":"https:\/\/mundobibliotecario.com.br\/index.php\/wp-json\/wp\/v2\/posts\/389","targetHints":{"allow":["GET"]}}],"collection":[{"href":"https:\/\/mundobibliotecario.com.br\/index.php\/wp-json\/wp\/v2\/posts"}],"about":[{"href":"https:\/\/mundobibliotecario.com.br\/index.php\/wp-json\/wp\/v2\/types\/post"}],"author":[{"embeddable":true,"href":"https:\/\/mundobibliotecario.com.br\/index.php\/wp-json\/wp\/v2\/users\/1"}],"replies":[{"embeddable":true,"href":"https:\/\/mundobibliotecario.com.br\/index.php\/wp-json\/wp\/v2\/comments?post=389"}],"version-history":[{"count":0,"href":"https:\/\/mundobibliotecario.com.br\/index.php\/wp-json\/wp\/v2\/posts\/389\/revisions"}],"wp:attachment":[{"href":"https:\/\/mundobibliotecario.com.br\/index.php\/wp-json\/wp\/v2\/media?parent=389"}],"wp:term":[{"taxonomy":"category","embeddable":true,"href":"https:\/\/mundobibliotecario.com.br\/index.php\/wp-json\/wp\/v2\/categories?post=389"},{"taxonomy":"post_tag","embeddable":true,"href":"https:\/\/mundobibliotecario.com.br\/index.php\/wp-json\/wp\/v2\/tags?post=389"}],"curies":[{"name":"wp","href":"https:\/\/api.w.org\/{rel}","templated":true}]}}