{"id":391,"date":"2009-03-10T09:43:57","date_gmt":"2009-03-10T12:43:57","guid":{"rendered":"http:\/\/mundobibliotecario.wordpress.com\/?p=391"},"modified":"2009-03-10T09:43:57","modified_gmt":"2009-03-10T12:43:57","slug":"noite-de-autografos","status":"publish","type":"post","link":"https:\/\/mundobibliotecario.com.br\/index.php\/2009\/03\/10\/noite-de-autografos\/","title":{"rendered":"Noite de aut\u00f3grafos"},"content":{"rendered":"<p>Dia 25 de mar\u00e7o, as 19:30 horas, na Livraria da Vila, do Shopping Cidade Jardim, ocorrer\u00e1 a I Feira de Obras e Debates sobre Propriedade Intelectual, coordenada por Patr\u00edcia Luciane de Carvalho. V\u00e1rios autores e suas respectivas obras estar\u00e3o presentes para exposi\u00e7\u00e3o dos temas, debates e aut\u00f3grafos.<\/p>\n<p>Mais detalhes no folder abaixo.<\/p>\n<p><img loading=\"lazy\" decoding=\"async\" class=\"alignnone size-full wp-image-392\" title=\"feira\" src=\"http:\/\/mundobibliotecario.hospedagemdesites.ws\/wp-content\/uploads\/2009\/02\/feira.jpg\" alt=\"feira\" width=\"450\" height=\"700\" srcset=\"https:\/\/mundobibliotecario.com.br\/wp-content\/uploads\/2009\/02\/feira.jpg 568w, https:\/\/mundobibliotecario.com.br\/wp-content\/uploads\/2009\/02\/feira-193x300.jpg 193w\" sizes=\"auto, (max-width: 450px) 100vw, 450px\" \/><\/p>\n","protected":false},"excerpt":{"rendered":"<p>Dia 25 de mar\u00e7o, as 19:30 horas, na Livraria da Vila, do Shopping Cidade Jardim, ocorrer\u00e1 a I Feira de Obras e Debates sobre Propriedade Intelectual, coordenada por Patr\u00edcia Luciane de Carvalho. V\u00e1rios autores e suas respectivas obras estar\u00e3o presentes para exposi\u00e7\u00e3o dos temas, debates e aut\u00f3grafos. Mais detalhes no folder abaixo.<\/p>\n","protected":false},"author":1,"featured_media":0,"comment_status":"open","ping_status":"open","sticky":false,"template":"","format":"standard","meta":{"_mi_skip_tracking":false,"_exactmetrics_sitenote_active":false,"_exactmetrics_sitenote_note":"","_exactmetrics_sitenote_category":0,"_jetpack_newsletter_access":"","footnotes":""},"categories":[27],"tags":[260,189,261],"class_list":["post-391","post","type-post","status-publish","format-standard","hentry","category-eventos","tag-livaria-da-vila","tag-propriedade-intelectual","tag-shopping-cidade-jardim"],"jetpack_featured_media_url":"","jetpack_sharing_enabled":true,"jetpack-related-posts":[{"id":629,"url":"https:\/\/mundobibliotecario.com.br\/index.php\/2009\/05\/13\/iii-semana-usp-da-propriedade-intelectual\/","url_meta":{"origin":391,"position":0},"title":"III Semana USP da Propriedade Intelectual","author":"mundobibliotecario","date":"13\/05\/2009","format":false,"excerpt":"A Assessoria Jur\u00eddica da Ag\u00eancia USP de Inova\u00e7\u00e3o tem o prazer de convid\u00e1-los para a III Semana USP da Propriedade Intelectual, a ocorrer nos dias 25 a 29 de maio, conforme documento abaixo ou consulta ao site da Ag\u00eancia USP - www.inovacao.usp.br. III SEMANA USP DA PROPRIEDADE INTELECTUAL \u2013 25\u2026","rel":"","context":"Em &quot;Eventos&quot;","block_context":{"text":"Eventos","link":"https:\/\/mundobibliotecario.com.br\/index.php\/category\/eventos\/"},"img":{"alt_text":"","src":"","width":0,"height":0},"classes":[]},{"id":790,"url":"https:\/\/mundobibliotecario.com.br\/index.php\/2009\/08\/06\/unesp-oferece-curso-sobre-propriedade-intelectual\/","url_meta":{"origin":391,"position":1},"title":"Unesp oferece curso sobre propriedade intelectual","author":"mundobibliotecario","date":"06\/08\/2009","format":false,"excerpt":"Ag\u00eancia Unesp de Inova\u00e7\u00e3o oferece dois cursos gratuitos sobre propriedade intelectual para pesquisadores nos campus de Bauru e Araraquara 5\/8\/2009 Ag\u00eancia FAPESP \u2013 A Universidade Estadual Paulista (Unesp) oferece dois cursos gratuitos sobre propriedade intelectual para pesquisadores. O curso \u00e9 direcionado a docentes e p\u00f3s-graduandos da Unesp e de outras\u2026","rel":"","context":"Em &quot;Eventos&quot;","block_context":{"text":"Eventos","link":"https:\/\/mundobibliotecario.com.br\/index.php\/category\/eventos\/"},"img":{"alt_text":"","src":"","width":0,"height":0},"classes":[]},{"id":297,"url":"https:\/\/mundobibliotecario.com.br\/index.php\/2009\/01\/18\/lancamento-revista-criacao\/","url_meta":{"origin":391,"position":2},"title":"Lan\u00e7amento &#8211; Revista Cria\u00e7\u00e3o","author":"mundobibliotecario","date":"18\/01\/2009","format":false,"excerpt":"O Instituto Brasileiro de Propriedade Intelectual - IBPI lan\u00e7a o primeiro n\u00famero de sua revista acad\u00eamica, a Revista Cria\u00e7\u00e3o. Com um Conselho Editorial de doutores de grande express\u00e3o na \u00e1rea de Propriedade Intelectual, a revista se prop\u00f5e a tratar de quest\u00f5es atuais e de quest\u00f5es atuais e de import\u00e2ncia pertinentes\u2026","rel":"","context":"Em &quot;Not\u00edcias&quot;","block_context":{"text":"Not\u00edcias","link":"https:\/\/mundobibliotecario.com.br\/index.php\/category\/noticias\/"},"img":{"alt_text":"","src":"","width":0,"height":0},"classes":[]},{"id":2198,"url":"https:\/\/mundobibliotecario.com.br\/index.php\/2011\/09\/13\/seminario-na-fmusp-discute-a-propriedade-intelectual\/","url_meta":{"origin":391,"position":3},"title":"Semin\u00e1rio na FMUSP discute a propriedade intelectual","author":"mundobibliotecario","date":"13\/09\/2011","format":false,"excerpt":"Fonte: Ag\u00eancia USP - Acontece no dia 15\/09, a partir das 9 horas, o semin\u00e1rio Propriedade Intelectual em Foco, que ser\u00e1 realizado pelo Globo Universidade no Teatro da Faculdade de Medicina da USP (FMUSP). O objetivo do encontro \u00e9 discutir a reforma da Lei de Direitos Autorais, conforme as propostas\u2026","rel":"","context":"Em &quot;Eventos&quot;","block_context":{"text":"Eventos","link":"https:\/\/mundobibliotecario.com.br\/index.php\/category\/eventos\/"},"img":{"alt_text":"","src":"","width":0,"height":0},"classes":[]},{"id":3600,"url":"https:\/\/mundobibliotecario.com.br\/index.php\/2014\/10\/02\/cnpq-estimula-a-protecao-do-conhecimento-com-nova-politica-de-propriedade-intelectual\/","url_meta":{"origin":391,"position":4},"title":"CNPq estimula a prote\u00e7\u00e3o do conhecimento com nova pol\u00edtica de Propriedade Intelectual","author":"mundobibliotecario","date":"02\/10\/2014","format":false,"excerpt":"As novas regras estimulam a inova\u00e7\u00e3o e facilitam as rela\u00e7\u00f5es entre\u00a0universidades, empresas e pesquisadores. Com a publica\u00e7\u00e3o da Resolu\u00e7\u00e3o Normativa N\u00ba 034, de 01 de setembro de 2014, o Conselho Nacional de Desenvolvimento Cient\u00edfico e Tecnol\u00f3gico (CNPq) estabelece uma nova pol\u00edtica de Propriedade Intelectual, com os objetivos de favorecer o\u2026","rel":"","context":"Em &quot;Not\u00edcias&quot;","block_context":{"text":"Not\u00edcias","link":"https:\/\/mundobibliotecario.com.br\/index.php\/category\/noticias\/"},"img":{"alt_text":"","src":"","width":0,"height":0},"classes":[]},{"id":415,"url":"https:\/\/mundobibliotecario.com.br\/index.php\/2009\/02\/26\/curso-basico-de-propriedade-intelectual-em-sao-carlos\/","url_meta":{"origin":391,"position":5},"title":"Curso B\u00e1sico de Propriedade Intelectual em S\u00e3o Carlos","author":"mundobibliotecario","date":"26\/02\/2009","format":false,"excerpt":"O objetivo deste curso \u00e9 o de apresentar uma vis\u00e3o atualizada dos mecanismos de prote\u00e7\u00e3o das cria\u00e7\u00f5es intelectuais, enfocando o arcabou\u00e7o legal ora dispon\u00edvel e as atribui\u00e7\u00f5es legais do INPI, com \u00eanfase na sua import\u00e2ncia como agente estrat\u00e9gico no processo prote\u00e7\u00e3o ao conhecimento, contribuindo para a inova\u00e7\u00e3o e o desenvolvimento\u2026","rel":"","context":"Em &quot;Curso&quot;","block_context":{"text":"Curso","link":"https:\/\/mundobibliotecario.com.br\/index.php\/category\/curso\/"},"img":{"alt_text":"","src":"","width":0,"height":0},"classes":[]}],"jetpack_likes_enabled":true,"jetpack_shortlink":"https:\/\/wp.me\/pcbzwa-6j","_links":{"self":[{"href":"https:\/\/mundobibliotecario.com.br\/index.php\/wp-json\/wp\/v2\/posts\/391","targetHints":{"allow":["GET"]}}],"collection":[{"href":"https:\/\/mundobibliotecario.com.br\/index.php\/wp-json\/wp\/v2\/posts"}],"about":[{"href":"https:\/\/mundobibliotecario.com.br\/index.php\/wp-json\/wp\/v2\/types\/post"}],"author":[{"embeddable":true,"href":"https:\/\/mundobibliotecario.com.br\/index.php\/wp-json\/wp\/v2\/users\/1"}],"replies":[{"embeddable":true,"href":"https:\/\/mundobibliotecario.com.br\/index.php\/wp-json\/wp\/v2\/comments?post=391"}],"version-history":[{"count":0,"href":"https:\/\/mundobibliotecario.com.br\/index.php\/wp-json\/wp\/v2\/posts\/391\/revisions"}],"wp:attachment":[{"href":"https:\/\/mundobibliotecario.com.br\/index.php\/wp-json\/wp\/v2\/media?parent=391"}],"wp:term":[{"taxonomy":"category","embeddable":true,"href":"https:\/\/mundobibliotecario.com.br\/index.php\/wp-json\/wp\/v2\/categories?post=391"},{"taxonomy":"post_tag","embeddable":true,"href":"https:\/\/mundobibliotecario.com.br\/index.php\/wp-json\/wp\/v2\/tags?post=391"}],"curies":[{"name":"wp","href":"https:\/\/api.w.org\/{rel}","templated":true}]}}