{"id":3928,"date":"2015-09-14T21:00:44","date_gmt":"2015-09-15T00:00:44","guid":{"rendered":"https:\/\/mundobibliotecario.wordpress.com\/?p=3928"},"modified":"2015-09-14T21:00:44","modified_gmt":"2015-09-15T00:00:44","slug":"um-ambiente-ideal-para-a-investigacao-em-direitos-autorais-na-era-digital-a-perspectiva-europeia","status":"publish","type":"post","link":"https:\/\/mundobibliotecario.com.br\/index.php\/2015\/09\/14\/um-ambiente-ideal-para-a-investigacao-em-direitos-autorais-na-era-digital-a-perspectiva-europeia\/","title":{"rendered":"Um ambiente ideal para a investiga\u00e7\u00e3o em direitos autorais na era digital: a perspectiva europeia"},"content":{"rendered":"<p>Vale a pena ver a apresenta\u00e7\u00e3o <a href=\"http:\/\/pt.slideshare.net\/OpenAccessEC\/a-researchfriendly-copyright-environment-in-the-digital-age-a-european-perspective-52165041\">A research-friendly copyright environment in the digital age: a European perspective<\/a>.<\/p>\n<p>Ela apresenta alguns t\u00f3picos sobre o tratamento que a lei europeia\u00a0vem dando aos direitos autorais no contexto digital.<\/p>\n<p>A apresenta\u00e7\u00e3o est\u00e1 dispon\u00edvel no link acima em ingl\u00eas.<\/p>\n<p>Boa leitura!<\/p>\n","protected":false},"excerpt":{"rendered":"<p>Vale a pena ver a apresenta\u00e7\u00e3o A research-friendly copyright environment in the digital age: a European perspective. Ela apresenta alguns t\u00f3picos sobre o tratamento que a lei europeia\u00a0vem dando aos direitos autorais no contexto digital. A apresenta\u00e7\u00e3o est\u00e1 dispon\u00edvel no link acima em ingl\u00eas. Boa leitura!<\/p>\n","protected":false},"author":1,"featured_media":0,"comment_status":"open","ping_status":"open","sticky":false,"template":"","format":"standard","meta":{"_mi_skip_tracking":false,"_exactmetrics_sitenote_active":false,"_exactmetrics_sitenote_note":"","_exactmetrics_sitenote_category":0,"_jetpack_newsletter_access":"","footnotes":""},"categories":[60],"tags":[858,1152],"class_list":["post-3928","post","type-post","status-publish","format-standard","hentry","category-noticias","tag-direitos-autorais","tag-uniao-europeia"],"jetpack_featured_media_url":"","jetpack_sharing_enabled":true,"jetpack-related-posts":[{"id":3585,"url":"https:\/\/mundobibliotecario.com.br\/index.php\/2014\/09\/20\/bibliotecas-podem-digitalizar-livro-sem-autorizacao-decide-corte-europeia\/","url_meta":{"origin":3928,"position":0},"title":"Bibliotecas podem digitalizar livro sem autoriza\u00e7\u00e3o, decide corte europeia","author":"mundobibliotecario","date":"20\/09\/2014","format":false,"excerpt":"Por\u00a0Aline Pinheiro O Tribunal de Justi\u00e7a da Uni\u00e3o Europeia decidiu que o direito dos autores pode ser flexibilizado em prol do compartilhamento do conhecimento. Por isso, uma biblioteca pode digitalizar uma obra mesmo contra a vontade do detentor dos direitos autorais e disponibilizar essa obra para o p\u00fablico. O documento\u2026","rel":"","context":"Em &quot;Not\u00edcias&quot;","block_context":{"text":"Not\u00edcias","link":"https:\/\/mundobibliotecario.com.br\/index.php\/category\/noticias\/"},"img":{"alt_text":"","src":"","width":0,"height":0},"classes":[]},{"id":581,"url":"https:\/\/mundobibliotecario.com.br\/index.php\/2009\/04\/21\/unesco-lanca-biblioteca-digital-mundial-nesta-terca\/","url_meta":{"origin":3928,"position":1},"title":"Unesco lan\u00e7a biblioteca digital mundial nesta ter\u00e7a","author":"mundobibliotecario","date":"21\/04\/2009","format":false,"excerpt":"No site da Folha Online (http:\/\/www1.folha.uol.com.br\/folha\/informatica\/ult124u553154.shtml) da France Presse, em Paris A Unesco (Organiza\u00e7\u00e3o das Na\u00e7\u00f5es Unidas para a Educa\u00e7\u00e3o, a Ci\u00eancia e a Cultura) vai lan\u00e7ar nesta ter\u00e7a-feira (21), em Paris, a World Digital Library (biblioteca digital mundial, em ingl\u00eas), um site com acesso gr\u00e1tis a livros, mapas, manuscritos,\u2026","rel":"","context":"Em &quot;Not\u00edcias&quot;","block_context":{"text":"Not\u00edcias","link":"https:\/\/mundobibliotecario.com.br\/index.php\/category\/noticias\/"},"img":{"alt_text":"","src":"","width":0,"height":0},"classes":[]},{"id":8822,"url":"https:\/\/mundobibliotecario.com.br\/index.php\/2021\/05\/06\/live-direitos-autorais-consideracoes-sobre-o-uso-legal-e-etico-da-informacao\/","url_meta":{"origin":3928,"position":2},"title":"Live &#8220;Direitos autorais: considera\u00e7\u00f5es sobre o uso legal e \u00e9tico da informa\u00e7\u00e3o&#8221;","author":"mundobibliotecario","date":"06\/05\/2021","format":false,"excerpt":"Dando seguimento \u00e0 realiza\u00e7\u00e3o da s\u00e9rie de\u00a0lives\u00a0que abordam necessidades atuais das bibliotecas universit\u00e1rias, o Sistema Integrado de Bibliotecas (SIBi) da UFSCar est\u00e1 organizando a\u00a0live\u00a0Direitos autorais:\u00a0considera\u00e7\u00f5es sobre o uso legal e \u00e9tico da informa\u00e7\u00e3o, no dia 13 de maio (5\u00aa. Feira).\u00a0No cen\u00e1rio atual, esse tema interessa n\u00e3o s\u00f3 aos bibliotec\u00e1rios como\u2026","rel":"","context":"Em &quot;Eventos&quot;","block_context":{"text":"Eventos","link":"https:\/\/mundobibliotecario.com.br\/index.php\/category\/eventos\/"},"img":{"alt_text":"Live Direitos Autorais","src":"https:\/\/i0.wp.com\/mundobibliotecario.com.br\/wp-content\/uploads\/2021\/05\/WhatsApp-Image-2021-05-05-at-16.08.39-1024x1024.jpeg?resize=350%2C200&ssl=1","width":350,"height":200},"classes":[]},{"id":1696,"url":"https:\/\/mundobibliotecario.com.br\/index.php\/2011\/01\/21\/simposio-reforcar-a-cultura-de-leitura-e-os-livros-na-era-digital-direitos-autorais-como-um-meio-para-fomentar-a-criatividade-e-o-acesso\/","url_meta":{"origin":3928,"position":3},"title":"Simp\u00f3sio &#8220;Refor\u00e7ar a Cultura de Leitura e os Livros na Era Digital &#8211; Direitos Autorais como um meio para fomentar a criatividade e o acesso&#8221;","author":"mundobibliotecario","date":"21\/01\/2011","format":false,"excerpt":"Est\u00e3o dispon\u00edveis na Internet uma not\u00edcia no site da IFLA sobre o evento \"Enhancing the Culture of Reading and Books in the Digital Age - Copyright as a means to foster creativity and access\" e os anais. O Simp\u00f3sio ocorreu no Jap\u00e3o, nos dias 1\u00ba e 2 de dezembro de\u2026","rel":"","context":"Em &quot;Not\u00edcias&quot;","block_context":{"text":"Not\u00edcias","link":"https:\/\/mundobibliotecario.com.br\/index.php\/category\/noticias\/"},"img":{"alt_text":"","src":"","width":0,"height":0},"classes":[]},{"id":4862,"url":"https:\/\/mundobibliotecario.com.br\/index.php\/2011\/01\/21\/simposio-reforcar-a-cultura-de-leitura-e-os-livros-na-era-digital-direitos-autorais-como-um-meio-para-fomentar-a-criatividade-e-o-acesso-2\/","url_meta":{"origin":3928,"position":4},"title":"Simp\u00f3sio &quot;Refor\u00e7ar a Cultura de Leitura e os Livros na Era Digital &#8211; Direitos Autorais como um meio para fomentar a criatividade e o acesso&quot;","author":"mundobibliotecario","date":"21\/01\/2011","format":false,"excerpt":"Est\u00e3o dispon\u00edveis na Internet uma not\u00edcia no site da IFLA sobre o evento \"Enhancing the Culture of Reading and Books in the Digital Age - Copyright as a means to foster creativity and access\" e os anais. O Simp\u00f3sio ocorreu no Jap\u00e3o, nos dias 1\u00ba e 2 de dezembro de\u2026","rel":"","context":"Em &quot;Not\u00edcias&quot;","block_context":{"text":"Not\u00edcias","link":"https:\/\/mundobibliotecario.com.br\/index.php\/category\/noticias\/"},"img":{"alt_text":"","src":"","width":0,"height":0},"classes":[]},{"id":4863,"url":"https:\/\/mundobibliotecario.com.br\/index.php\/2011\/01\/21\/simposio-reforcar-a-cultura-de-leitura-e-os-livros-na-era-digital-direitos-autorais-como-um-meio-para-fomentar-a-criatividade-e-o-acesso-2-2\/","url_meta":{"origin":3928,"position":5},"title":"Simp\u00f3sio &#034;Refor\u00e7ar a Cultura de Leitura e os Livros na Era Digital &#8211; Direitos Autorais como um meio para fomentar a criatividade e o acesso&#034;","author":"mundobibliotecario","date":"21\/01\/2011","format":false,"excerpt":"Est\u00e3o dispon\u00edveis na Internet uma not\u00edcia no site da IFLA sobre o evento \"Enhancing the Culture of Reading and Books in the Digital Age - Copyright as a means to foster creativity and access\" e os anais. O Simp\u00f3sio ocorreu no Jap\u00e3o, nos dias 1\u00ba e 2 de dezembro de\u2026","rel":"","context":"Em &quot;Not\u00edcias&quot;","block_context":{"text":"Not\u00edcias","link":"https:\/\/mundobibliotecario.com.br\/index.php\/category\/noticias\/"},"img":{"alt_text":"","src":"","width":0,"height":0},"classes":[]}],"jetpack_likes_enabled":true,"jetpack_shortlink":"https:\/\/wp.me\/pcbzwa-11m","_links":{"self":[{"href":"https:\/\/mundobibliotecario.com.br\/index.php\/wp-json\/wp\/v2\/posts\/3928","targetHints":{"allow":["GET"]}}],"collection":[{"href":"https:\/\/mundobibliotecario.com.br\/index.php\/wp-json\/wp\/v2\/posts"}],"about":[{"href":"https:\/\/mundobibliotecario.com.br\/index.php\/wp-json\/wp\/v2\/types\/post"}],"author":[{"embeddable":true,"href":"https:\/\/mundobibliotecario.com.br\/index.php\/wp-json\/wp\/v2\/users\/1"}],"replies":[{"embeddable":true,"href":"https:\/\/mundobibliotecario.com.br\/index.php\/wp-json\/wp\/v2\/comments?post=3928"}],"version-history":[{"count":0,"href":"https:\/\/mundobibliotecario.com.br\/index.php\/wp-json\/wp\/v2\/posts\/3928\/revisions"}],"wp:attachment":[{"href":"https:\/\/mundobibliotecario.com.br\/index.php\/wp-json\/wp\/v2\/media?parent=3928"}],"wp:term":[{"taxonomy":"category","embeddable":true,"href":"https:\/\/mundobibliotecario.com.br\/index.php\/wp-json\/wp\/v2\/categories?post=3928"},{"taxonomy":"post_tag","embeddable":true,"href":"https:\/\/mundobibliotecario.com.br\/index.php\/wp-json\/wp\/v2\/tags?post=3928"}],"curies":[{"name":"wp","href":"https:\/\/api.w.org\/{rel}","templated":true}]}}