{"id":3931,"date":"2015-09-15T21:00:10","date_gmt":"2015-09-16T00:00:10","guid":{"rendered":"https:\/\/mundobibliotecario.wordpress.com\/?p=3931"},"modified":"2015-09-15T21:00:10","modified_gmt":"2015-09-16T00:00:10","slug":"convite-para-palestra-as-praticas-de-tirania-nas-bibliotecas-brasileiras-pelo-bibliotecario-e-pesquisador-cristian-santos","status":"publish","type":"post","link":"https:\/\/mundobibliotecario.com.br\/index.php\/2015\/09\/15\/convite-para-palestra-as-praticas-de-tirania-nas-bibliotecas-brasileiras-pelo-bibliotecario-e-pesquisador-cristian-santos\/","title":{"rendered":"Convite para palestra &quot;As pr\u00e1ticas de tirania nas bibliotecas brasileiras&quot;, pelo bibliotec\u00e1rio e pesquisador Cristian Santos"},"content":{"rendered":"<p><a href=\"https:\/\/mundobibliotecario.files.wordpress.com\/2015\/09\/image003.jpg\"><img loading=\"lazy\" decoding=\"async\" class=\"alignnone size-medium wp-image-3932\" src=\"https:\/\/mundobibliotecario.files.wordpress.com\/2015\/09\/image003.jpg?w=300\" alt=\"image003\" width=\"300\" height=\"225\" srcset=\"https:\/\/mundobibliotecario.com.br\/wp-content\/uploads\/2015\/09\/image003.jpg 960w, https:\/\/mundobibliotecario.com.br\/wp-content\/uploads\/2015\/09\/image003-300x225.jpg 300w, https:\/\/mundobibliotecario.com.br\/wp-content\/uploads\/2015\/09\/image003-768x576.jpg 768w\" sizes=\"auto, (max-width: 300px) 100vw, 300px\" \/><\/a><\/p>\n","protected":false},"excerpt":{"rendered":"","protected":false},"author":1,"featured_media":0,"comment_status":"open","ping_status":"open","sticky":false,"template":"","format":"image","meta":{"_mi_skip_tracking":false,"_exactmetrics_sitenote_active":false,"_exactmetrics_sitenote_note":"","_exactmetrics_sitenote_category":0,"_jetpack_newsletter_access":"","footnotes":""},"categories":[27],"tags":[1273,1274,186,1275,1276,227],"class_list":["post-3931","post","type-post","status-publish","format-image","hentry","category-eventos","tag-cristian-santos","tag-faculdade-de-direito","tag-palestra","tag-servico-de-biblioteca-e-documentacao","tag-universidade-de-sao-paulo","tag-usp","post_format-post-format-image"],"jetpack_featured_media_url":"","jetpack_sharing_enabled":true,"jetpack-related-posts":[{"id":4930,"url":"https:\/\/mundobibliotecario.com.br\/index.php\/2015\/09\/15\/convite-para-palestra-as-praticas-de-tirania-nas-bibliotecas-brasileiras-pelo-bibliotecario-e-pesquisador-cristian-santos-2\/","url_meta":{"origin":3931,"position":0},"title":"Convite para palestra &#8220;As pr\u00e1ticas de tirania nas bibliotecas brasileiras&#8221;, pelo bibliotec\u00e1rio e pesquisador Cristian Santos","author":"mundobibliotecario","date":"15\/09\/2015","format":"image","excerpt":"","rel":"","context":"Em &quot;Eventos&quot;","block_context":{"text":"Eventos","link":"https:\/\/mundobibliotecario.com.br\/index.php\/category\/eventos\/"},"img":{"alt_text":"","src":"https:\/\/mundobibliotecario.files.wordpress.com\/2015\/09\/image003.jpg?w=350&h=200&crop=1","width":350,"height":200},"classes":[]},{"id":618,"url":"https:\/\/mundobibliotecario.com.br\/index.php\/2009\/05\/11\/seminario-sobre-gestao-eletronica-de-documentos-tendencias-e-aplicacoes\/","url_meta":{"origin":3931,"position":1},"title":"Semin\u00e1rio sobre Gest\u00e3o Eletr\u00f4nica de Documentos: Tend\u00eancias e Aplica\u00e7\u00f5es","author":"mundobibliotecario","date":"11\/05\/2009","format":false,"excerpt":"Vit\u00f3ria, Esp\u00edrito Santo Local do Evento: FAESA - Audit\u00f3rio - Av. Vit\u00f3ria - Vit\u00f3ria - ES Hor\u00e1rio do Evento: de 09:00 \u00e0s 17:30 horas 25 e 26 de junho de 2009 Palestra de abertura: Tend\u00eancias e mercado na implanta\u00e7\u00e3o de projetos de GED Metodologia para processos, organiza\u00e7\u00e3o documental e implanta\u00e7\u00e3o\u2026","rel":"","context":"Em &quot;Eventos&quot;","block_context":{"text":"Eventos","link":"https:\/\/mundobibliotecario.com.br\/index.php\/category\/eventos\/"},"img":{"alt_text":"","src":"","width":0,"height":0},"classes":[]},{"id":2952,"url":"https:\/\/mundobibliotecario.com.br\/index.php\/2013\/02\/26\/ii-encontro-de-bibliotecarios\/","url_meta":{"origin":3931,"position":2},"title":"II Encontro de Bibliotec\u00e1rios","author":"mundobibliotecario","date":"26\/02\/2013","format":false,"excerpt":"Em comemora\u00e7\u00e3o ao Dia do Bibliotec\u00e1rio (12 de mar\u00e7o), o Instituto Federal do Sul de Minas, por meio da Pr\u00f3-Reitoria de Ensino, realiza seu II Encontro de Bibliotec\u00e1rios. O evento acontece dia 14 de mar\u00e7o, no audit\u00f3rio do C\u00e2mpus Machado, a partir das 8h. As inscri\u00e7\u00f5es podem ser feitas via\u2026","rel":"","context":"Em &quot;Eventos&quot;","block_context":{"text":"Eventos","link":"https:\/\/mundobibliotecario.com.br\/index.php\/category\/eventos\/"},"img":{"alt_text":"","src":"","width":0,"height":0},"classes":[]},{"id":9828,"url":"https:\/\/mundobibliotecario.com.br\/index.php\/2022\/02\/23\/palestra-tendencias-em-bibliotecas-reflexoes-sobre-o-relatorio-da-ifla\/","url_meta":{"origin":3931,"position":3},"title":"Palestra &#8211; Tend\u00eancias em Bibliotecas: reflex\u00f5es sobre o relat\u00f3rio da IFLA","author":"mundobibliotecario","date":"23\/02\/2022","format":false,"excerpt":"*O\u00a0link para inscri\u00e7\u00e3o e posterior certifica\u00e7\u00e3o ser\u00e1 divulgado durante a\u00a0palestra* Transmiss\u00e3o:\u00a0www.youtube.com\/unespdemarilia","rel":"","context":"Em &quot;Eventos&quot;","block_context":{"text":"Eventos","link":"https:\/\/mundobibliotecario.com.br\/index.php\/category\/eventos\/"},"img":{"alt_text":"","src":"https:\/\/i0.wp.com\/mundobibliotecario.com.br\/wp-content\/uploads\/2022\/02\/Palestra_Dudziak_edited.jpg?resize=350%2C200&ssl=1","width":350,"height":200},"classes":[]},{"id":3095,"url":"https:\/\/mundobibliotecario.com.br\/index.php\/2013\/04\/29\/palestra-a-importancia-das-bibliotecas-publicas\/","url_meta":{"origin":3931,"position":4},"title":"Palestra &#8220;A import\u00e2ncia das Bibliotecas P\u00fablicas&#8221;","author":"mundobibliotecario","date":"29\/04\/2013","format":false,"excerpt":"Fonte: CRB-8.","rel":"","context":"Em &quot;Eventos&quot;","block_context":{"text":"Eventos","link":"https:\/\/mundobibliotecario.com.br\/index.php\/category\/eventos\/"},"img":{"alt_text":"","src":"https:\/\/mundobibliotecario.files.wordpress.com\/2013\/04\/a-importc3a2ncia-das-bibliotecas-pc3bablicas.jpg?w=350&h=200&crop=1","width":350,"height":200},"classes":[]},{"id":1179,"url":"https:\/\/mundobibliotecario.com.br\/index.php\/2010\/03\/23\/palestra-bibliotecas-na-era-digital-desafios-e-perspectivas-as-atividades-da-biblioteca-estadual-da-baviera\/","url_meta":{"origin":3931,"position":5},"title":"Palestra &#8220;Bibliotecas na era digital: desafios e perspectivas, as atividades da Biblioteca Estadual da Baviera&#8221;","author":"mundobibliotecario","date":"23\/03\/2010","format":false,"excerpt":"*O Goethe-Institut S\u00e3o Paulo com apoio do Ita\u00fa Cultural promove a palestra* *\"Bibliotecas na era digital: desafios e perspectivas, as atividades da Biblioteca Estadual da Baviera\"* por *Klaus Ceynowa*, diretor da Biblioteca Estadual da Baviera Localizada em Munique e fundada em 1558, a Biblioteca Estadual da Baviera ( www.bsb-muenchen.de )\u2026","rel":"","context":"Em &quot;Eventos&quot;","block_context":{"text":"Eventos","link":"https:\/\/mundobibliotecario.com.br\/index.php\/category\/eventos\/"},"img":{"alt_text":"","src":"","width":0,"height":0},"classes":[]}],"jetpack_likes_enabled":true,"jetpack_shortlink":"https:\/\/wp.me\/pcbzwa-11p","_links":{"self":[{"href":"https:\/\/mundobibliotecario.com.br\/index.php\/wp-json\/wp\/v2\/posts\/3931","targetHints":{"allow":["GET"]}}],"collection":[{"href":"https:\/\/mundobibliotecario.com.br\/index.php\/wp-json\/wp\/v2\/posts"}],"about":[{"href":"https:\/\/mundobibliotecario.com.br\/index.php\/wp-json\/wp\/v2\/types\/post"}],"author":[{"embeddable":true,"href":"https:\/\/mundobibliotecario.com.br\/index.php\/wp-json\/wp\/v2\/users\/1"}],"replies":[{"embeddable":true,"href":"https:\/\/mundobibliotecario.com.br\/index.php\/wp-json\/wp\/v2\/comments?post=3931"}],"version-history":[{"count":0,"href":"https:\/\/mundobibliotecario.com.br\/index.php\/wp-json\/wp\/v2\/posts\/3931\/revisions"}],"wp:attachment":[{"href":"https:\/\/mundobibliotecario.com.br\/index.php\/wp-json\/wp\/v2\/media?parent=3931"}],"wp:term":[{"taxonomy":"category","embeddable":true,"href":"https:\/\/mundobibliotecario.com.br\/index.php\/wp-json\/wp\/v2\/categories?post=3931"},{"taxonomy":"post_tag","embeddable":true,"href":"https:\/\/mundobibliotecario.com.br\/index.php\/wp-json\/wp\/v2\/tags?post=3931"}],"curies":[{"name":"wp","href":"https:\/\/api.w.org\/{rel}","templated":true}]}}