{"id":3935,"date":"2015-09-16T21:00:28","date_gmt":"2015-09-17T00:00:28","guid":{"rendered":"https:\/\/mundobibliotecario.wordpress.com\/?p=3935"},"modified":"2015-09-16T21:00:28","modified_gmt":"2015-09-17T00:00:28","slug":"bibliotecarios-tambem-pesquisam","status":"publish","type":"post","link":"https:\/\/mundobibliotecario.com.br\/index.php\/2015\/09\/16\/bibliotecarios-tambem-pesquisam\/","title":{"rendered":"Bibliotec\u00e1rios tamb\u00e9m pesquisam!"},"content":{"rendered":"<p>H\u00e1 algum tempo, foi publicado no <a href=\"http:\/\/libraryconnect.elsevier.com\/librarians-do-research-too-download-free-ebooklet-carol-tenopir-library-connect\">Library Connect<\/a>, a publica\u00e7\u00e3o\u00a0Librarians Do Research Too!, de autoria da Professora de Biblioteconomia Carol Tenopir, da University of Tennessee, Knoxville School of Information Sciences<\/p>\n<p>Hoje localizei a\u00a0tradu\u00e7\u00e3o em portugu\u00eas no site da Am\u00e9rica Latina da Elsevier: <a href=\"http:\/\/www.americalatina.elsevier.com\/sul\/pt-br\/material_apoio\/Bibliotecarios_Tambem_Pesquisam.pdf\">Bibliotec\u00e1rios tamb\u00e9m pesquisam!<\/a><\/p>\n<p>\u00c9 um material de consulta r\u00e1pida e \u00fatil para auxiliar a tomar decis\u00f5es sobre m\u00e9todos de pesquisa.<\/p>\n<p>Boa leitura!<\/p>\n","protected":false},"excerpt":{"rendered":"<p>H\u00e1 algum tempo, foi publicado no Library Connect, a publica\u00e7\u00e3o\u00a0Librarians Do Research Too!, de autoria da Professora de Biblioteconomia Carol Tenopir, da University of Tennessee, Knoxville School of Information Sciences Hoje localizei a\u00a0tradu\u00e7\u00e3o em portugu\u00eas no site da Am\u00e9rica Latina da Elsevier: Bibliotec\u00e1rios tamb\u00e9m pesquisam! \u00c9 um material de consulta r\u00e1pida e \u00fatil para auxiliar &#8230; <a title=\"Bibliotec\u00e1rios tamb\u00e9m pesquisam!\" class=\"read-more\" href=\"https:\/\/mundobibliotecario.com.br\/index.php\/2015\/09\/16\/bibliotecarios-tambem-pesquisam\/\" aria-label=\"Read more about Bibliotec\u00e1rios tamb\u00e9m pesquisam!\">Ler mais<\/a><\/p>\n","protected":false},"author":1,"featured_media":0,"comment_status":"open","ping_status":"open","sticky":false,"template":"","format":"standard","meta":{"_mi_skip_tracking":false,"_exactmetrics_sitenote_active":false,"_exactmetrics_sitenote_note":"","_exactmetrics_sitenote_category":0,"_jetpack_newsletter_access":"","footnotes":""},"categories":[60],"tags":[36,726],"class_list":["post-3935","post","type-post","status-publish","format-standard","hentry","category-noticias","tag-bibliotecario","tag-pesquisa"],"jetpack_featured_media_url":"","jetpack_sharing_enabled":true,"jetpack-related-posts":[{"id":1949,"url":"https:\/\/mundobibliotecario.com.br\/index.php\/2011\/04\/12\/bibliotecario-esta-entre-as-30-melhores-profissoes-nos-eua\/","url_meta":{"origin":3935,"position":0},"title":"Bibliotec\u00e1rio est\u00e1 entre as 30 melhores profiss\u00f5es nos EUA","author":"mundobibliotecario","date":"12\/04\/2011","format":false,"excerpt":"\u00a0The\u00a0Wall Street Journal, de Nova Iorque, publicou a pesquisa do site de profiss\u00f5es\u00a0CareerCast\u00a0listando um ranking com 200 postos de trabalho, com base no rendimento, ambiente de trabalho, estresse, esfor\u00e7o f\u00edsico e perspectivas de trabalho, usando dados do Departamento do Trabalho e do Censo dos Estados Unidos. A pesquisa mostra o\u2026","rel":"","context":"Em &quot;Not\u00edcias&quot;","block_context":{"text":"Not\u00edcias","link":"https:\/\/mundobibliotecario.com.br\/index.php\/category\/noticias\/"},"img":{"alt_text":"","src":"","width":0,"height":0},"classes":[]},{"id":3931,"url":"https:\/\/mundobibliotecario.com.br\/index.php\/2015\/09\/15\/convite-para-palestra-as-praticas-de-tirania-nas-bibliotecas-brasileiras-pelo-bibliotecario-e-pesquisador-cristian-santos\/","url_meta":{"origin":3935,"position":1},"title":"Convite para palestra &quot;As pr\u00e1ticas de tirania nas bibliotecas brasileiras&quot;, pelo bibliotec\u00e1rio e pesquisador Cristian Santos","author":"mundobibliotecario","date":"15\/09\/2015","format":"image","excerpt":"","rel":"","context":"Em &quot;Eventos&quot;","block_context":{"text":"Eventos","link":"https:\/\/mundobibliotecario.com.br\/index.php\/category\/eventos\/"},"img":{"alt_text":"","src":"https:\/\/mundobibliotecario.files.wordpress.com\/2015\/09\/image003.jpg?w=350&h=200&crop=1","width":350,"height":200},"classes":[]},{"id":4930,"url":"https:\/\/mundobibliotecario.com.br\/index.php\/2015\/09\/15\/convite-para-palestra-as-praticas-de-tirania-nas-bibliotecas-brasileiras-pelo-bibliotecario-e-pesquisador-cristian-santos-2\/","url_meta":{"origin":3935,"position":2},"title":"Convite para palestra &#8220;As pr\u00e1ticas de tirania nas bibliotecas brasileiras&#8221;, pelo bibliotec\u00e1rio e pesquisador Cristian Santos","author":"mundobibliotecario","date":"15\/09\/2015","format":"image","excerpt":"","rel":"","context":"Em &quot;Eventos&quot;","block_context":{"text":"Eventos","link":"https:\/\/mundobibliotecario.com.br\/index.php\/category\/eventos\/"},"img":{"alt_text":"","src":"https:\/\/mundobibliotecario.files.wordpress.com\/2015\/09\/image003.jpg?w=350&h=200&crop=1","width":350,"height":200},"classes":[]},{"id":10181,"url":"https:\/\/mundobibliotecario.com.br\/index.php\/2022\/11\/14\/google-vs-biblioteca-qual-e-o-melhor-lugar-para-pesquisar\/","url_meta":{"origin":3935,"position":3},"title":"Google vs. Biblioteca: qual \u00e9 o melhor lugar para pesquisar?","author":"mundobibliotecario","date":"14\/11\/2022","format":false,"excerpt":"Quando se trata de pesquisar na internet, h\u00e1 duas op\u00e7\u00f5es principais: o Google e as bibliotecas. Qual \u00e9 o melhor lugar para pesquisar? Isso depende do que voc\u00ea est\u00e1 procurando. Se voc\u00ea est\u00e1 procurando um livro espec\u00edfico, a biblioteca \u00e9 o lugar certo. Se voc\u00ea est\u00e1 procurando informa\u00e7\u00f5es sobre um\u2026","rel":"","context":"Em &quot;Not\u00edcias&quot;","block_context":{"text":"Not\u00edcias","link":"https:\/\/mundobibliotecario.com.br\/index.php\/category\/noticias\/"},"img":{"alt_text":"google vs biblioteca","src":"https:\/\/i0.wp.com\/mundobibliotecario.com.br\/wp-content\/uploads\/2022\/11\/this-or-that-1024x1024.jpg?resize=350%2C200&ssl=1","width":350,"height":200},"classes":[]},{"id":2638,"url":"https:\/\/mundobibliotecario.com.br\/index.php\/2012\/07\/02\/como-pesquisar-empresas-privadas\/","url_meta":{"origin":3935,"position":4},"title":"Como pesquisar empresas privadas","author":"mundobibliotecario","date":"02\/07\/2012","format":false,"excerpt":"Os pesquisadores nos EUA est\u00e3o prejudicados. Temos acesso \u00e0 muita informa\u00e7\u00e3o, especialmente sobre sobre as empresas de capital aberto, que muitas vezes parece impens\u00e1vel quanto a informa\u00e7\u00e3o n\u00e3o est\u00e1 dispon\u00edvel. N\u00e3o estamos procurandoduro o suficiente? N\u00e3o estamos procurando nos lugares certos? Leia a mat\u00e9ria original \"How to resesearch private companies\"\u2026","rel":"","context":"Em &quot;N\u00e3o classificado&quot;","block_context":{"text":"N\u00e3o classificado","link":"https:\/\/mundobibliotecario.com.br\/index.php\/category\/nao-classificado\/"},"img":{"alt_text":"","src":"","width":0,"height":0},"classes":[]},{"id":8417,"url":"https:\/\/mundobibliotecario.com.br\/index.php\/2021\/03\/09\/live-novos-servicos-de-apoio-a-pesquisa-em-bibliotecas-universitarias\/","url_meta":{"origin":3935,"position":5},"title":"Live &#8220;Novos servi\u00e7os de apoio \u00e0 pesquisa em bibliotecas universit\u00e1rias&#8221;","author":"mundobibliotecario","date":"09\/03\/2021","format":false,"excerpt":"Comemora\u00e7\u00e3o do Dia do Bibliotec\u00e1rio na UFSCar! A atua\u00e7\u00e3o tradicional dos bibliotec\u00e1rios foi se transformando, novos desafios surgiram, novas habilidades s\u00e3o exigidas e um novo perfil do profissional desponta. Para comemorar o Dia do Bibliotec\u00e1rio na UFSCar, o Sistema Integrado de Bibliotecas (SIBi) e o Departamento de Ci\u00eancia da Informa\u00e7\u00e3o(DCI)\u2026","rel":"","context":"Em &quot;Eventos&quot;","block_context":{"text":"Eventos","link":"https:\/\/mundobibliotecario.com.br\/index.php\/category\/eventos\/"},"img":{"alt_text":"","src":"","width":0,"height":0},"classes":[]}],"jetpack_likes_enabled":true,"jetpack_shortlink":"https:\/\/wp.me\/pcbzwa-11t","_links":{"self":[{"href":"https:\/\/mundobibliotecario.com.br\/index.php\/wp-json\/wp\/v2\/posts\/3935","targetHints":{"allow":["GET"]}}],"collection":[{"href":"https:\/\/mundobibliotecario.com.br\/index.php\/wp-json\/wp\/v2\/posts"}],"about":[{"href":"https:\/\/mundobibliotecario.com.br\/index.php\/wp-json\/wp\/v2\/types\/post"}],"author":[{"embeddable":true,"href":"https:\/\/mundobibliotecario.com.br\/index.php\/wp-json\/wp\/v2\/users\/1"}],"replies":[{"embeddable":true,"href":"https:\/\/mundobibliotecario.com.br\/index.php\/wp-json\/wp\/v2\/comments?post=3935"}],"version-history":[{"count":0,"href":"https:\/\/mundobibliotecario.com.br\/index.php\/wp-json\/wp\/v2\/posts\/3935\/revisions"}],"wp:attachment":[{"href":"https:\/\/mundobibliotecario.com.br\/index.php\/wp-json\/wp\/v2\/media?parent=3935"}],"wp:term":[{"taxonomy":"category","embeddable":true,"href":"https:\/\/mundobibliotecario.com.br\/index.php\/wp-json\/wp\/v2\/categories?post=3935"},{"taxonomy":"post_tag","embeddable":true,"href":"https:\/\/mundobibliotecario.com.br\/index.php\/wp-json\/wp\/v2\/tags?post=3935"}],"curies":[{"name":"wp","href":"https:\/\/api.w.org\/{rel}","templated":true}]}}